{"id":178673,"date":"2024-12-12T08:14:46","date_gmt":"2024-12-12T11:14:46","guid":{"rendered":"https:\/\/corrientesdetarde.com\/?p=178673"},"modified":"2024-12-12T08:14:47","modified_gmt":"2024-12-12T11:14:47","slug":"el-gobierno-anuncio-el-nuevo-aumento-para-los-jubilados-cuanto-cobraran-en-enero","status":"publish","type":"post","link":"https:\/\/corrientesdetarde.com\/index.php\/economia\/el-gobierno-anuncio-el-nuevo-aumento-para-los-jubilados-cuanto-cobraran-en-enero\/","title":{"rendered":"El Gobierno anunci\u00f3 el nuevo aumento para\u00a0los jubilados: cu\u00e1nto cobrar\u00e1n en enero"},"content":{"rendered":"\n<p>Las jubilaciones, pensiones, AUH y otras prestaciones que paga la ANSES aumentar\u00e1n 2,4% en enero, en l\u00ednea con el dato de inflaci\u00f3n de noviembre que inform\u00f3 este mi\u00e9rcoles el INDEC. As\u00ed, el haber m\u00ednimo ser\u00e1 de $265.829,13 el primer mes de 2025, sin contar con el bono o adicional que el Gobierno ya adelant\u00f3 seguir\u00e1 pagando a los que menos ganan.<\/p>\n\n\n\n<p>El aumento para las jubilaciones y otras asignaciones que paga la ANSES se rige por la f\u00f3rmula de movilidad establecida por el DNU 274, que sigue la evoluci\u00f3n mensual de los precios. En el caso de los jubilados, abarca a un universo de 6 millones de personas, de los cuales el 52% (3,1 millones) cobran la m\u00ednima.<\/p>\n\n\n\n<p>Desde julio, ese mecanismo tambi\u00e9n se aplica para actualizar otras prestaciones que paga la ANSES. As\u00ed la Asignaci\u00f3n Universal por Hijo (AUH) y la Asignaci\u00f3n por Embarazo Para Protecci\u00f3n Social (AUE), que subir\u00e1n a $95.519,74.<\/p>\n\n\n\n<p><strong>Tras el IPC de noviembre que difundi\u00f3 el INDEC, las jubilaciones que abona la ANSES quedar\u00e1n en enero 2025 de la siguiente manera:<\/strong><\/p>\n\n\n\n<p>La jubilaci\u00f3n m\u00ednima: $265.829,13;<br>La jubilaci\u00f3n m\u00e1xima: $1.788.778,40;<br>La prestaci\u00f3n universal de adultos mayores (PUAM): $212.663,31;<br>Las pensiones no contributivas (PNC): $186.080,39;<br>La Prestaci\u00f3n B\u00e1sica Universal (PBU): ser\u00e1 de $121.604,69.<\/p>\n\n\n\n<p><strong>Aumento AUH y otras asignaciones de ANSES: cu\u00e1nto cobran en enero 2025<\/strong><\/p>\n\n\n\n<p>La AUH y otras asignaciones quedar\u00edan desde diciembre de la siguiente manera, dada la inflaci\u00f3n mensual del x% en noviembre que report\u00f3 el INDEC.<\/p>\n\n\n\n<p>La Asignaci\u00f3n Universal por Hijo (AUH): $95.519,74;<br>La Asignaci\u00f3n Universal por Embarazo (AUE): $95.519,74.<br>La asignaci\u00f3n por hijo (salario familiar) del sistema SUAF: $47.761,41 para el primer escal\u00f3n de ingresos.<\/p>\n\n\n\n<p><strong>Jubilaciones y pensiones ANSES: c\u00f3mo fueron los aumentos en 2024<\/strong><\/p>\n\n\n\n<p>Las jubilaciones m\u00ednimas aumentaron 145,57% durante 2024, por la aplicaci\u00f3n de ambas f\u00f3rmulas de actualizaci\u00f3n y sin contar los bonos de refuerzo. Pasaron de $105.713 en enero a $259.598,76 en diciembre.<\/p>\n\n\n\n<p>El ajuste mensual para jubilaciones y pensiones por IPC rige desde julio de 2024. En noviembre, el ajuste fue del 2,7%. En octubre, el aumento fue de 4,17% (sobre la base del IPC de agosto). En septiembre el alza fue de 4,03%; en agosto recibieron un incremento de 4,58%; en julio, el aumento fue de 4,18%.<\/p>\n\n\n\n<p>En los meses, se otorgaron adelantos. As\u00ed en junio recibieron un alza de 8,8%; en mayo, el incremento fue de 11%; y en abril un 13,2% &#8211; por la inflaci\u00f3n de febrero- sumado a un 12,5% de recomposici\u00f3n.<\/p>\n\n\n\n<p>En marzo se aplic\u00f3 un aumento de 27,18%, el \u00faltimo por la f\u00f3rmula de movilidad previa, que actualizaba de manera trimestral en l\u00ednea con la evoluci\u00f3n previa de los salarios y la recaudaci\u00f3n previsional.<\/p>\n\n\n\n<p>A esas subas, para la jubilaci\u00f3n m\u00ednima se le agreg\u00f3 el bono de hasta $70.000 en cada mes de 2024. Ese extra seguir\u00e1 en 2025, seg\u00fan asegur\u00f3 el Gobierno.<\/p>\n\n\n\n<p>\u201cEst\u00e1 proyectado mantenerse, pero sin ajuste de inflaci\u00f3n\u201d, remarc\u00f3 el director ejecutivo de la ANSES, Mariano de los Heros. Ese adicional deber\u00eda ser de por lo menos el doble para mantener el poder de compra que tuvo el primer refuerzo otorgado a los jubilados y pensionados en la gesti\u00f3n de Javier Milei. Por otra parte, el titular de la ANSES revel\u00f3 que se prev\u00e9 un incremento del 4% \u201ca valores constantes\u201d para la Asignaci\u00f3n Universal por Hijo (AUH) y la Tarjeta Alimentar a partir del a\u00f1o pr\u00f3ximo.<\/p>\n","protected":false},"excerpt":{"rendered":"<p>Las jubilaciones, pensiones, AUH y otras prestaciones que paga la ANSES aumentar\u00e1n 2,4% en enero, en l\u00ednea con el dato de inflaci\u00f3n de noviembre que inform\u00f3 este mi\u00e9rcoles el INDEC.&hellip; <\/p>\n","protected":false},"author":1,"featured_media":154441,"comment_status":"closed","ping_status":"open","sticky":false,"template":"","format":"standard","meta":{"footnotes":""},"categories":[20],"tags":[],"class_list":["post-178673","post","type-post","status-publish","format-standard","has-post-thumbnail","hentry","category-economia"],"_links":{"self":[{"href":"https:\/\/corrientesdetarde.com\/index.php\/wp-json\/wp\/v2\/posts\/178673","targetHints":{"allow":["GET"]}}],"collection":[{"href":"https:\/\/corrientesdetarde.com\/index.php\/wp-json\/wp\/v2\/posts"}],"about":[{"href":"https:\/\/corrientesdetarde.com\/index.php\/wp-json\/wp\/v2\/types\/post"}],"author":[{"embeddable":true,"href":"https:\/\/corrientesdetarde.com\/index.php\/wp-json\/wp\/v2\/users\/1"}],"replies":[{"embeddable":true,"href":"https:\/\/corrientesdetarde.com\/index.php\/wp-json\/wp\/v2\/comments?post=178673"}],"version-history":[{"count":1,"href":"https:\/\/corrientesdetarde.com\/index.php\/wp-json\/wp\/v2\/posts\/178673\/revisions"}],"predecessor-version":[{"id":178680,"href":"https:\/\/corrientesdetarde.com\/index.php\/wp-json\/wp\/v2\/posts\/178673\/revisions\/178680"}],"wp:featuredmedia":[{"embeddable":true,"href":"https:\/\/corrientesdetarde.com\/index.php\/wp-json\/wp\/v2\/media\/154441"}],"wp:attachment":[{"href":"https:\/\/corrientesdetarde.com\/index.php\/wp-json\/wp\/v2\/media?parent=178673"}],"wp:term":[{"taxonomy":"category","embeddable":true,"href":"https:\/\/corrientesdetarde.com\/index.php\/wp-json\/wp\/v2\/categories?post=178673"},{"taxonomy":"post_tag","embeddable":true,"href":"https:\/\/corrientesdetarde.com\/index.php\/wp-json\/wp\/v2\/tags?post=178673"}],"curies":[{"name":"wp","href":"https:\/\/api.w.org\/{rel}","templated":true}]}}