{"id":178674,"date":"2024-12-12T08:14:01","date_gmt":"2024-12-12T11:14:01","guid":{"rendered":"https:\/\/corrientesdetarde.com\/?p=178674"},"modified":"2024-12-12T09:52:10","modified_gmt":"2024-12-12T12:52:10","slug":"se-inaugura-el-paso-ituzaingo-ayolas-con-presencia-de-patricia-bullrich","status":"publish","type":"post","link":"https:\/\/corrientesdetarde.com\/index.php\/destacados\/se-inaugura-el-paso-ituzaingo-ayolas-con-presencia-de-patricia-bullrich\/","title":{"rendered":"Se inaugura el paso Ituzaing\u00f3- Ayolas con presencia de Patricia Bullrich"},"content":{"rendered":"\n<p>La integrante del gabinete de Javier Milei ser\u00e1 una de las invitadas a presidir el acto de habilitaci\u00f3n del cruce que conecta la represa Yacyret\u00e1. Se espera la presencia de m\u00e1s funcionarios que realizar\u00e1n la apertura formal, ya que actualmente la v\u00eda permanece abierta para el tr\u00e1nsito liviano.<\/p>\n\n\n\n<p><\/p>\n\n\n\n<p>El viaducto sobre el coronamiento de la represa se habilit\u00f3 durante el gobierno de Mauricio Macri, ante reiterados pedidos del Gobierno Provincial y del Municipio de Ituzaing\u00f3. En 2020, durante la administraci\u00f3n de Alberto Fern\u00e1ndez, el cruce fronterizo se cerr\u00f3 por razones sanitarias pero no se ha restablecido el tr\u00e1nsito desde entonces. En principio, se inform\u00f3 que se deb\u00eda a razones de seguridad debido a la megaobra de A\u00f1a Cu\u00e1 que demandaba una mayor circulaci\u00f3n. Las conversaciones se reanudaron, tras varios reclamos de gobiernos locales y poderes legislativos.<\/p>\n","protected":false},"excerpt":{"rendered":"<p>La integrante del gabinete de Javier Milei ser\u00e1 una de las invitadas a presidir el acto de habilitaci\u00f3n del cruce que conecta la represa Yacyret\u00e1. Se espera la presencia de&hellip; <\/p>\n","protected":false},"author":1,"featured_media":178678,"comment_status":"closed","ping_status":"open","sticky":false,"template":"","format":"standard","meta":{"footnotes":""},"categories":[26],"tags":[],"class_list":["post-178674","post","type-post","status-publish","format-standard","has-post-thumbnail","hentry","category-destacados"],"_links":{"self":[{"href":"https:\/\/corrientesdetarde.com\/index.php\/wp-json\/wp\/v2\/posts\/178674","targetHints":{"allow":["GET"]}}],"collection":[{"href":"https:\/\/corrientesdetarde.com\/index.php\/wp-json\/wp\/v2\/posts"}],"about":[{"href":"https:\/\/corrientesdetarde.com\/index.php\/wp-json\/wp\/v2\/types\/post"}],"author":[{"embeddable":true,"href":"https:\/\/corrientesdetarde.com\/index.php\/wp-json\/wp\/v2\/users\/1"}],"replies":[{"embeddable":true,"href":"https:\/\/corrientesdetarde.com\/index.php\/wp-json\/wp\/v2\/comments?post=178674"}],"version-history":[{"count":1,"href":"https:\/\/corrientesdetarde.com\/index.php\/wp-json\/wp\/v2\/posts\/178674\/revisions"}],"predecessor-version":[{"id":178679,"href":"https:\/\/corrientesdetarde.com\/index.php\/wp-json\/wp\/v2\/posts\/178674\/revisions\/178679"}],"wp:featuredmedia":[{"embeddable":true,"href":"https:\/\/corrientesdetarde.com\/index.php\/wp-json\/wp\/v2\/media\/178678"}],"wp:attachment":[{"href":"https:\/\/corrientesdetarde.com\/index.php\/wp-json\/wp\/v2\/media?parent=178674"}],"wp:term":[{"taxonomy":"category","embeddable":true,"href":"https:\/\/corrientesdetarde.com\/index.php\/wp-json\/wp\/v2\/categories?post=178674"},{"taxonomy":"post_tag","embeddable":true,"href":"https:\/\/corrientesdetarde.com\/index.php\/wp-json\/wp\/v2\/tags?post=178674"}],"curies":[{"name":"wp","href":"https:\/\/api.w.org\/{rel}","templated":true}]}}