{"id":178681,"date":"2024-12-12T08:18:20","date_gmt":"2024-12-12T11:18:20","guid":{"rendered":"https:\/\/corrientesdetarde.com\/?p=178681"},"modified":"2024-12-12T08:18:31","modified_gmt":"2024-12-12T11:18:31","slug":"mas-luces-y-menos-ruido-prohiben-la-pirotecnia-de-estruendo","status":"publish","type":"post","link":"https:\/\/corrientesdetarde.com\/index.php\/bienestar-y-salud\/mas-luces-y-menos-ruido-prohiben-la-pirotecnia-de-estruendo\/","title":{"rendered":"&#8220;M\u00e1s luces y menos ruido\u201d: proh\u00edben la pirotecnia de estruendo\u00a0"},"content":{"rendered":"\n<p>La Municipalidad de Corrientes vuelve a implementar la campa\u00f1a \u201cM\u00e1s luces y menos ruido\u201d. A trav\u00e9s de la misma se busca controlar y concientizar para que no se utilicen en las fiestas\u00a0<strong>artefactos pirot\u00e9cnicos de estruendo iguales o mayores a 2 pulgadas (5cm. de p\u00f3lvora) que proh\u00edbe taxativamente la ordenanza 6678.<\/strong><\/p>\n\n\n\n<p><\/p>\n\n\n\n<p>El secretario de Coordinaci\u00f3n de Gobierno municipal, Hugo Calvano, manifest\u00f3 que \u201cla campa\u00f1a \u2018M\u00e1s luces y menos ruido\u2019&nbsp;surgi\u00f3 de una ordenanza en la que Corrientes es una de las ciudades pioneras en&nbsp;<strong>prohibir la pirotecnia de estruendo<\/strong>&nbsp;y se hace en un trabajo conjunto con el sector comercial de la ciudad\u201d.<\/p>\n\n\n\n<p>\u201cLa consigna es muy clara, \u2018M\u00e1s luces y menos ruido\u2019 representa una premisa de festejar, pero sin hacerle da\u00f1o al otro, hacer saber que el ruido afecta y que puede lastimar a otras personas y a otros seres como los animales, entonces promovemos y concientizamos sobre el uso de pirotecnia lum\u00ednica, que queda lindo, que todas los disfrutamos y que no le afecta a nadie\u201d, continu\u00f3.<\/p>\n\n\n\n<p>El funcionario precis\u00f3 que \u201cla recepci\u00f3n que venimos teniendo con esta campa\u00f1a es muy buena, la gente colabora y los comerciantes tambi\u00e9n;<strong>&nbsp;no estamos exentos de que haya venta ilegal de pirotecnia, y en ese sentido, aparte de los controles, le pedimos a la ciudadan\u00eda que haga la denuncia al 147 o al Muni Bot<\/strong>, que es el 3794341768, para que podamos actuar en caso de que vean en alg\u00fan lado venta de pirotecnia que no est\u00e1 permitida\u201d.<\/p>\n\n\n\n<p>Para finalizar, Calvano mostr\u00f3 su satisfacci\u00f3n \u201cporque esta campa\u00f1a crece a\u00f1o a a\u00f1o y cada vez vemos m\u00e1s conciencia en la ciudadan\u00eda, tanto en el uso como en la denuncia cuando se detecta alguna ilegalidad\u201d.<\/p>\n\n\n\n<p>Por su parte, el secretario de Ambiente de la comuna, Ignacio Maldonado Yonna, indic\u00f3 que \u201clos inspectores municipales est\u00e1n visitando los distintos comercios habilitados que venden pirotecnia y tambi\u00e9n&nbsp;<strong>se controlan los diferentes corredores comerciales de la ciudad inspeccionando la venta ambulante de pirotecnia<\/strong>&nbsp;y decomisando los productos que superen los niveles permitidos que establece la ordenanza\u201d.<\/p>\n\n\n\n<p>\u201cA esta propuesta tambi\u00e9n se suman las ONG que trabajan con personas con discapacidad y las que nuclean a proteccionistas de mascotas, ya que tanto a las personas con ciertas caracter\u00edsticas como a los animales les afecta por igual los ruidos. Es decir, toda la comunidad busca en esta campa\u00f1a generar un espacio de concientizaci\u00f3n y de cuidado para los seres queridos\u201d, agreg\u00f3.<\/p>\n\n\n\n<p><strong>NORMATIVA<\/strong><br>La ordenanza 6678&nbsp;<strong>establece que los artefactos pirot\u00e9cnicos iguales o mayores a 2 pulgadas<\/strong>&nbsp;(5cm. de p\u00f3lvora) no est\u00e1n autorizados a ser producidos, distribuidos, comercializados y utilizados en el \u00e1mbito de la ciudad de Corrientes.<\/p>\n\n\n\n<p>Se trata de bombas de estruendo, tres tiros, y todo lo que explota y hace ruido. Tambi\u00e9n est\u00e1 prohibido el uso de globos aerost\u00e1ticos, y bengalas que pueden provocar incendios.<\/p>\n\n\n\n<p>Desde la Municipalidad se solicita a los vecinos celebrar las fiestas en paz, con m\u00e1s luces y menos ruido, utilizando artefactos permitidos como pirotecnia de luces, fuegos artificiales, estrellitas y pirot\u00e9cnica menor a 2 pulgadas.<\/p>\n","protected":false},"excerpt":{"rendered":"<p>La Municipalidad de Corrientes vuelve a implementar la campa\u00f1a \u201cM\u00e1s luces y menos ruido\u201d. A trav\u00e9s de la misma se busca controlar y concientizar para que no se utilicen en&hellip; <\/p>\n","protected":false},"author":1,"featured_media":178683,"comment_status":"closed","ping_status":"open","sticky":false,"template":"","format":"standard","meta":{"footnotes":""},"categories":[16,17],"tags":[],"class_list":["post-178681","post","type-post","status-publish","format-standard","has-post-thumbnail","hentry","category-bienestar-y-salud","category-sociales"],"_links":{"self":[{"href":"https:\/\/corrientesdetarde.com\/index.php\/wp-json\/wp\/v2\/posts\/178681","targetHints":{"allow":["GET"]}}],"collection":[{"href":"https:\/\/corrientesdetarde.com\/index.php\/wp-json\/wp\/v2\/posts"}],"about":[{"href":"https:\/\/corrientesdetarde.com\/index.php\/wp-json\/wp\/v2\/types\/post"}],"author":[{"embeddable":true,"href":"https:\/\/corrientesdetarde.com\/index.php\/wp-json\/wp\/v2\/users\/1"}],"replies":[{"embeddable":true,"href":"https:\/\/corrientesdetarde.com\/index.php\/wp-json\/wp\/v2\/comments?post=178681"}],"version-history":[{"count":1,"href":"https:\/\/corrientesdetarde.com\/index.php\/wp-json\/wp\/v2\/posts\/178681\/revisions"}],"predecessor-version":[{"id":178684,"href":"https:\/\/corrientesdetarde.com\/index.php\/wp-json\/wp\/v2\/posts\/178681\/revisions\/178684"}],"wp:featuredmedia":[{"embeddable":true,"href":"https:\/\/corrientesdetarde.com\/index.php\/wp-json\/wp\/v2\/media\/178683"}],"wp:attachment":[{"href":"https:\/\/corrientesdetarde.com\/index.php\/wp-json\/wp\/v2\/media?parent=178681"}],"wp:term":[{"taxonomy":"category","embeddable":true,"href":"https:\/\/corrientesdetarde.com\/index.php\/wp-json\/wp\/v2\/categories?post=178681"},{"taxonomy":"post_tag","embeddable":true,"href":"https:\/\/corrientesdetarde.com\/index.php\/wp-json\/wp\/v2\/tags?post=178681"}],"curies":[{"name":"wp","href":"https:\/\/api.w.org\/{rel}","templated":true}]}}