{"id":178771,"date":"2024-12-12T15:01:46","date_gmt":"2024-12-12T18:01:46","guid":{"rendered":"https:\/\/corrientesdetarde.com\/?p=178771"},"modified":"2024-12-12T15:01:58","modified_gmt":"2024-12-12T18:01:58","slug":"el-gobierno-imputo-a-las-empresas-de-medicina-prepaga-y-a-claudio-belocopitt-por-presunta-cartelizacion","status":"publish","type":"post","link":"https:\/\/corrientesdetarde.com\/index.php\/economia\/el-gobierno-imputo-a-las-empresas-de-medicina-prepaga-y-a-claudio-belocopitt-por-presunta-cartelizacion\/","title":{"rendered":"El Gobierno imput\u00f3 a las empresas de medicina prepaga y a Claudio Belocopitt por presunta cartelizaci\u00f3n"},"content":{"rendered":"\n<p>El vocero presidencial, Manuel Adorni, adelant\u00f3 que las firmas tendr\u00e1n 20 d\u00edas para hacer su descargo. Afirm\u00f3 que pueden llegar a multarlas por el 30% de su volumen de negocios.<\/p>\n\n\n\n<p>El Gobierno imput\u00f3 por&nbsp;<strong>presunta cartelizaci\u00f3n a un grupo de empresas de medicina prepaga, a la Uni\u00f3n Argentina de Salud<\/strong>&nbsp;y al empresario&nbsp;<strong>Claudi Belocopitt,<\/strong>&nbsp;seg\u00fan inform\u00f3 este jueves el vocero presidencial,&nbsp;<strong>Manuel Adorni.<\/strong><\/p>\n\n\n\n<p>El portavoz explic\u00f3 que la<strong>&nbsp;Comisi\u00f3n Nacional de Defensa de la Competencia<\/strong>&nbsp;(CNDC) formaliz\u00f3 la imputaci\u00f3n por los aumentos de precios de los planes de salud detectados entre diciembre de 2023 y abril de 2024. Indic\u00f3, adem\u00e1s, que las empresas tendr\u00e1n \u201c<strong>20 d\u00edas h\u00e1biles para presentar su descargo y ofrecer pruebas para desvirtuar la conducta imputada\u201d.<\/strong><\/p>\n\n\n\n<p>La imputaci\u00f3n avanz\u00f3 por \u201chaber hallado&nbsp;<strong>indicios m\u00faltiples de un acuerdo colusivo\u201d<\/strong>&nbsp;para fijar los valores de las cuotas en los meses investigados. Adorni tambi\u00e9n cont\u00f3 que, en caso de que se confirme la presunta cartelizaci\u00f3n, el Gobierno podr\u00e1 multar a las empresas con \u201c<strong>el 30% de su volumen de negocios o hasta el doble del beneficio que obtuvieron por el il\u00edcito cometido\u201d.<\/strong><\/p>\n\n\n\n<p>Las empresas de medicina prepaga que fueron imputadas son la CNDC son&nbsp;<em>Galeno<\/em>,&nbsp;<em>Hospital Brit\u00e1nico, Hospital Alem\u00e1n, Medif\u00e9, Swiss Medical., Omint&nbsp;<\/em>y<em>&nbsp;OSDE.<\/em>&nbsp;Tambi\u00e9n fue imputada la Uni\u00f3n Argentina de Salud (<strong>UAS<\/strong>) y<strong>&nbsp;Claudio Belocopitt<\/strong>, en car\u00e1cter de actual presidente de&nbsp;<em>Swiss Medical<\/em>&nbsp;y entonces presidente de la UAS.<\/p>\n\n\n\n<p>La CNDC fijar\u00e1 un plazo que no podr\u00e1 ser&nbsp;<strong>mayor a 90 d\u00edas h\u00e1biles&nbsp;<\/strong>para que se produzca la prueba concedida, pero de ser necesario se podr\u00e1 presentar una&nbsp;<strong>pr\u00f3rroga por 90 d\u00edas h\u00e1biles m\u00e1s.&nbsp;<\/strong>Una vez concluido este per\u00edodo, las partes imputadas tendr\u00e1n seis d\u00edas h\u00e1biles para presentar sus alegatos.<\/p>\n\n\n\n<figure class=\"wp-block-image\"><img decoding=\"async\" src=\"https:\/\/tn.com.ar\/resizer\/v2\/claudio-belocopitt-ceo-de-swiss-medical-foto-captura-tn-Y35IHBVO6BD75LVPUJOWPFRDHY.PNG?auth=555f70ea48ab5974373a7249fc3da68f5d6b060cdba6797e5a48af6585b71f8c&amp;width=767\" alt=\"Claudio Belocopitt, CEO de Swiss Medical. (Foto: captura TN)\"\/><\/figure>\n\n\n\n<p>En abril, la Secretar\u00eda de Industria y Comercio, en conjunto con la CNDC, intervinieron con una medida de tutela anticipada que&nbsp;<strong>oblig\u00f3 a las empresas del sector a retrotraer los precios de los planes de salud a los vigentes en diciembre de 2023.<\/strong><\/p>\n\n\n\n<p>Tambi\u00e9n inst\u00f3 a las empresas de medicinas prepagas a<strong>&nbsp;\u201ccesar con cualquier tipo de intercambio de informaci\u00f3n,&nbsp;<\/strong>ya sea en el marco de las reuniones de la UAS o cualquier otro \u00e1mbito, que implique precios, servicios a proveer, costos y cualquier otra informaci\u00f3n comercial\u201d.<\/p>\n\n\n\n<p>\u201cLa CNDC recuerda que los acuerdos entre competidores o pr\u00e1cticas concertadas, com\u00fanmente conocidos como c\u00e1rteles,<strong>&nbsp;constituyen una infracci\u00f3n grave a la legislaci\u00f3n de competencia,&nbsp;<\/strong>que puede conllevar multas de hasta el 30 % de la facturaci\u00f3n de las empresas infractoras en Argentina\u201d, detallaron desde la Secretar\u00eda de Industria y Comercio.<\/p>\n\n\n\n<p>Desde la cartera que conduce&nbsp;<strong>Pablo Lavigne<\/strong>&nbsp;remarcaron que \u201cel art\u00edculo 2 de la Ley de Cartelizaci\u00f3n clasifica a los<strong>&nbsp;c\u00e1rteles de n\u00facleo duro como pr\u00e1cticas absolutamente restrictivas de la competencia<\/strong>, los cuales consisten en el acuerdo entre dos o m\u00e1s competidores para fijar precios, restringir la oferta, repartirse el mercado o coordinar posturas en licitaciones, concursos o subastas\u201d.<\/p>\n","protected":false},"excerpt":{"rendered":"<p>El vocero presidencial, Manuel Adorni, adelant\u00f3 que las firmas tendr\u00e1n 20 d\u00edas para hacer su descargo. Afirm\u00f3 que pueden llegar a multarlas por el 30% de su volumen de negocios.&hellip; <\/p>\n","protected":false},"author":8,"featured_media":178772,"comment_status":"closed","ping_status":"open","sticky":false,"template":"","format":"standard","meta":{"footnotes":""},"categories":[20],"tags":[],"class_list":["post-178771","post","type-post","status-publish","format-standard","has-post-thumbnail","hentry","category-economia"],"_links":{"self":[{"href":"https:\/\/corrientesdetarde.com\/index.php\/wp-json\/wp\/v2\/posts\/178771","targetHints":{"allow":["GET"]}}],"collection":[{"href":"https:\/\/corrientesdetarde.com\/index.php\/wp-json\/wp\/v2\/posts"}],"about":[{"href":"https:\/\/corrientesdetarde.com\/index.php\/wp-json\/wp\/v2\/types\/post"}],"author":[{"embeddable":true,"href":"https:\/\/corrientesdetarde.com\/index.php\/wp-json\/wp\/v2\/users\/8"}],"replies":[{"embeddable":true,"href":"https:\/\/corrientesdetarde.com\/index.php\/wp-json\/wp\/v2\/comments?post=178771"}],"version-history":[{"count":1,"href":"https:\/\/corrientesdetarde.com\/index.php\/wp-json\/wp\/v2\/posts\/178771\/revisions"}],"predecessor-version":[{"id":178773,"href":"https:\/\/corrientesdetarde.com\/index.php\/wp-json\/wp\/v2\/posts\/178771\/revisions\/178773"}],"wp:featuredmedia":[{"embeddable":true,"href":"https:\/\/corrientesdetarde.com\/index.php\/wp-json\/wp\/v2\/media\/178772"}],"wp:attachment":[{"href":"https:\/\/corrientesdetarde.com\/index.php\/wp-json\/wp\/v2\/media?parent=178771"}],"wp:term":[{"taxonomy":"category","embeddable":true,"href":"https:\/\/corrientesdetarde.com\/index.php\/wp-json\/wp\/v2\/categories?post=178771"},{"taxonomy":"post_tag","embeddable":true,"href":"https:\/\/corrientesdetarde.com\/index.php\/wp-json\/wp\/v2\/tags?post=178771"}],"curies":[{"name":"wp","href":"https:\/\/api.w.org\/{rel}","templated":true}]}}