{"id":178814,"date":"2024-12-12T16:49:24","date_gmt":"2024-12-12T19:49:24","guid":{"rendered":"https:\/\/corrientesdetarde.com\/?p=178814"},"modified":"2024-12-12T16:49:38","modified_gmt":"2024-12-12T19:49:38","slug":"el-senado-aprobo-la-expulsion-de-egardo-kueider","status":"publish","type":"post","link":"https:\/\/corrientesdetarde.com\/index.php\/politica\/el-senado-aprobo-la-expulsion-de-egardo-kueider\/","title":{"rendered":"El Senado aprob\u00f3 la expulsi\u00f3n de Egardo Kueider"},"content":{"rendered":"\n<p>El kirchnerismo logr\u00f3 remover al legislador detenido en Paraguay por el contrabando de los USD 200 mil, mientras que sectores del oficialismo ped\u00edan la suspensi\u00f3n.<\/p>\n\n\n\n<p>El Senado vot\u00f3 este jueves por amplia mayor\u00eda la expulsi\u00f3n del legislador&nbsp;<strong>Edgardo Kueider,<\/strong>&nbsp;detenido bajo arresto domiciliario en&nbsp;<strong>Paraguay<\/strong>&nbsp;tras ser interceptado con&nbsp;<strong>200.000 d\u00f3lares<\/strong>&nbsp;no declarados en un control fronterizo. La decisi\u00f3n se tom\u00f3 en una sesi\u00f3n cargada de tensiones pol\u00edticas, en la que tambi\u00e9n se discutieron alternativas como su suspensi\u00f3n o licencia.<\/p>\n\n\n\n<p>El debate comenz\u00f3 a las 11 de la ma\u00f1ana y se prolong\u00f3 tras un cuarto intermedio solicitado por el oficialismo, que busc\u00f3 dilatar la votaci\u00f3n. Finalmente, el interbloque peronista liderado por Jos\u00e9 Mayans impuls\u00f3 con \u00e9xito la moci\u00f3n de expulsi\u00f3n, superando la mayor\u00eda de dos tercios requerida.<\/p>\n\n\n\n<p>Por su parte, La Libertad Avanza y otros sectores como el PRO y la UCR, que inicialmente hab\u00edan propuesto la suspensi\u00f3n, no lograron el respaldo suficiente para imponer esa alternativa.<\/p>\n\n\n\n<p>Durante el debate, se plantearon m\u00faltiples cuestionamientos a Kueider, quien ya hab\u00eda solicitado una licencia sin plazos como intento de evitar la expulsi\u00f3n<\/p>\n\n\n\n<p><strong>Anabel Fern\u00e1ndez Sagasti,<\/strong>&nbsp;senadora de Unidad Ciudadana, sugiri\u00f3 que el dinero encontrado podr\u00eda ser un soborno vinculado a la sanci\u00f3n de la Ley Bases en junio.&nbsp;<strong>&#8220;La gravedad institucional de este caso no puede ser pasada por alto. Es fundamental que el Senado tome una decisi\u00f3n ejemplar&#8221;<\/strong>, afirm\u00f3.<\/p>\n\n\n\n<figure class=\"wp-block-image\"><img decoding=\"async\" src=\"https:\/\/media.minutouno.com\/p\/bd840ad395877c425234fc3537d8f6ad\/adjuntos\/150\/imagenes\/042\/027\/0042027869\/kueiderjpg.jpg\" alt=\"Edgardo Kueider\" title=\"Edgardo Kueider\"\/><\/figure>\n\n\n\n<p><strong>Guadalupe Tagliaferri,<\/strong>&nbsp;del PRO, adelant\u00f3 su voto a favor de la expulsi\u00f3n:&nbsp;<strong>&#8220;No podemos permitir que un caso de esta magnitud quede sin sanci\u00f3n. Es un mensaje para la ciudadan\u00eda y para quienes representamos&#8221;<\/strong>.<\/p>\n\n\n\n<p>Por otro lado,&nbsp;<strong>Bartolom\u00e9 Abdala,<\/strong>&nbsp;presidente provisional del Senado y referente de La Libertad Avanza, defendi\u00f3 la suspensi\u00f3n como medida transitoria, argumentando que a\u00fan restan definiciones judiciales.<\/p>\n\n\n\n<h2 class=\"wp-block-heading\">El Senado defini\u00f3 el futuro de Edgardo Kueider<\/h2>\n\n\n\n<figure class=\"wp-block-embed is-type-rich is-provider-gestor-del-servicio wp-block-embed-gestor-del-servicio\"><div class=\"wp-block-embed__wrapper\">\nhttps:\/\/youtube.com\/watch?v=EDu1_Nb8WyA%3Fsi%3D3e6Gt2TH3yFQNSwP\n<\/div><\/figure>\n\n\n\n<h2 class=\"wp-block-heading\">Edgardo Kueider habl\u00f3 desde Paraguay: &#8220;Es inaudito que quieran echarme&#8221;<\/h2>\n\n\n\n<p><strong>&#8220;Es inaudito que el Senado quiera echarme sin escuchar mi versi\u00f3n de los hechos. Est\u00e1n vulnerando principios constitucionales como el derecho a la leg\u00edtima defensa\u201d<\/strong>, expres\u00f3 Kueider en di\u00e1logo con La Naci\u00f3n.<\/p>\n\n\n\n<p>El legislador asegur\u00f3 que no fue sorprendido en flagrancia y neg\u00f3 que el dinero haya sido encontrado en su mochila:&nbsp;<strong>\u201cCuando termin\u00f3 el operativo, el personal de Aduana puso todo lo que hab\u00eda en el auto dentro de la mochila. Yo declar\u00e9 lo que ten\u00eda encima en ese momento, declar\u00e9 ese dinero\u201d<\/strong>.<\/p>\n\n\n\n<p>Adem\u00e1s, cuestion\u00f3 la legitimidad del procedimiento que llev\u00f3 a su detenci\u00f3n:&nbsp;<strong>&#8220;No pueden tomar una medida sancionatoria, y menos una expulsi\u00f3n, por una presunci\u00f3n. Me parece una locura institucional\u201d<\/strong>, enfatiz\u00f3.<\/p>\n","protected":false},"excerpt":{"rendered":"<p>El kirchnerismo logr\u00f3 remover al legislador detenido en Paraguay por el contrabando de los USD 200 mil, mientras que sectores del oficialismo ped\u00edan la suspensi\u00f3n. El Senado vot\u00f3 este jueves&hellip; <\/p>\n","protected":false},"author":8,"featured_media":178816,"comment_status":"closed","ping_status":"open","sticky":false,"template":"","format":"standard","meta":{"footnotes":""},"categories":[3],"tags":[],"class_list":["post-178814","post","type-post","status-publish","format-standard","has-post-thumbnail","hentry","category-politica"],"_links":{"self":[{"href":"https:\/\/corrientesdetarde.com\/index.php\/wp-json\/wp\/v2\/posts\/178814","targetHints":{"allow":["GET"]}}],"collection":[{"href":"https:\/\/corrientesdetarde.com\/index.php\/wp-json\/wp\/v2\/posts"}],"about":[{"href":"https:\/\/corrientesdetarde.com\/index.php\/wp-json\/wp\/v2\/types\/post"}],"author":[{"embeddable":true,"href":"https:\/\/corrientesdetarde.com\/index.php\/wp-json\/wp\/v2\/users\/8"}],"replies":[{"embeddable":true,"href":"https:\/\/corrientesdetarde.com\/index.php\/wp-json\/wp\/v2\/comments?post=178814"}],"version-history":[{"count":1,"href":"https:\/\/corrientesdetarde.com\/index.php\/wp-json\/wp\/v2\/posts\/178814\/revisions"}],"predecessor-version":[{"id":178817,"href":"https:\/\/corrientesdetarde.com\/index.php\/wp-json\/wp\/v2\/posts\/178814\/revisions\/178817"}],"wp:featuredmedia":[{"embeddable":true,"href":"https:\/\/corrientesdetarde.com\/index.php\/wp-json\/wp\/v2\/media\/178816"}],"wp:attachment":[{"href":"https:\/\/corrientesdetarde.com\/index.php\/wp-json\/wp\/v2\/media?parent=178814"}],"wp:term":[{"taxonomy":"category","embeddable":true,"href":"https:\/\/corrientesdetarde.com\/index.php\/wp-json\/wp\/v2\/categories?post=178814"},{"taxonomy":"post_tag","embeddable":true,"href":"https:\/\/corrientesdetarde.com\/index.php\/wp-json\/wp\/v2\/tags?post=178814"}],"curies":[{"name":"wp","href":"https:\/\/api.w.org\/{rel}","templated":true}]}}