{"id":178818,"date":"2024-12-12T16:54:37","date_gmt":"2024-12-12T19:54:37","guid":{"rendered":"https:\/\/corrientesdetarde.com\/?p=178818"},"modified":"2024-12-12T16:54:42","modified_gmt":"2024-12-12T19:54:42","slug":"edgardo-kueider-hablo-desde-paraguay-es-inaudito-que-quieran-echarme","status":"publish","type":"post","link":"https:\/\/corrientesdetarde.com\/index.php\/actualidad\/edgardo-kueider-hablo-desde-paraguay-es-inaudito-que-quieran-echarme\/","title":{"rendered":"Edgardo Kueider habl\u00f3 desde Paraguay: &#8220;Es inaudito que quieran echarme&#8221;"},"content":{"rendered":"\n<p>El senador denuncia violaciones a su derecho de defensa mientras avanza el proceso en su contra por contrabando y corrupci\u00f3n.<\/p>\n\n\n\n<p>Desde un lujoso hotel en&nbsp;<strong>Paraguay<\/strong>&nbsp;donde cumple arresto domiciliario,&nbsp;<strong>Edgardo Kueider<\/strong>&nbsp;rompi\u00f3 el silencio en una comunicaci\u00f3n telef\u00f3nica con medios argentinos. Acusado de intentar ingresar con&nbsp;<strong>200.000 d\u00f3lares<\/strong>&nbsp;sin declarar, calific\u00f3 de&nbsp;<strong>\u201cinaudito\u201d<\/strong>&nbsp;el pedido de su expulsi\u00f3n del Senado sin, seg\u00fan \u00e9l, haber tenido la oportunidad de defenderse adecuadamente.<\/p>\n\n\n\n<p>&#8220;Es inaudito que el Senado quiera echarme sin escuchar mi versi\u00f3n de los hechos. Est\u00e1n vulnerando principios constitucionales como el derecho a la leg\u00edtima defensa\u201d, expres\u00f3 Kueider en di\u00e1logo con La Naci\u00f3n.<\/p>\n\n\n\n<p>El legislador asegur\u00f3 que no fue sorprendido en flagrancia y neg\u00f3 que el dinero haya sido encontrado en su mochila:&nbsp;\u201cCuando termin\u00f3 el operativo, el personal de Aduana puso todo lo que hab\u00eda en el auto dentro de la mochila. Yo declar\u00e9 lo que ten\u00eda encima en ese momento, declar\u00e9 ese dinero\u201d.<\/p>\n\n\n\n<p>Adem\u00e1s, cuestion\u00f3 la legitimidad del procedimiento que llev\u00f3 a su detenci\u00f3n:&nbsp;<strong>&#8220;No pueden tomar una medida sancionatoria, y menos una expulsi\u00f3n, por una presunci\u00f3n. Me parece una locura institucional\u201d<\/strong>, enfatiz\u00f3.<\/p>\n\n\n\n<figure class=\"wp-block-image\"><img decoding=\"async\" src=\"https:\/\/media.minutouno.com\/p\/857ade97f90ee2c2979bf7eedd5d4563\/adjuntos\/150\/imagenes\/042\/036\/0042036128\/primera-foto-kueider-y-secretaria.jpg\" alt=\"\" title=\"\"\/><\/figure>\n\n\n\n<h2 class=\"wp-block-heading\">Operativos en Argentina y avances en la investigaci\u00f3n sobre Edgardo Kueider<\/h2>\n\n\n\n<p>Mientras tanto, la situaci\u00f3n de Kueider se agrava en su pa\u00eds. Este jueves, la Gendarmer\u00eda Nacional llev\u00f3 adelante una serie de allanamientos en propiedades relacionadas con el senador, en el marco de una investigaci\u00f3n que lo vincula con presuntos hechos de corrupci\u00f3n derivados de la causa SECURITAS.<\/p>\n\n\n\n<p>Entre los inmuebles allanados se encuentran edificios en Paran\u00e1, ubicados en la intersecci\u00f3n de las calles Santiago del Estero y Tejeiro Mart\u00ednez, y una vivienda en Concordia que pertenecer\u00eda a un familiar del legislador. La jueza federal Sandra Arroyo Salgado tambi\u00e9n orden\u00f3 la detenci\u00f3n de la secretaria de Kueider, Iara Magdalena Guinsel Costa, quien ahora enfrenta una orden de captura internacional emitida por INTERPOL.<\/p>\n\n\n\n<p>En el marco de estos procedimientos, se est\u00e1n realizando 20 allanamientos en simult\u00e1neo sobre domicilios de personas f\u00edsicas y jur\u00eddicas presuntamente vinculadas a una red de corrupci\u00f3n p\u00fablica. Adem\u00e1s, se han implementado medidas cautelares para congelar bienes tanto en Argentina como en el extranjero.<\/p>\n","protected":false},"excerpt":{"rendered":"<p>El senador denuncia violaciones a su derecho de defensa mientras avanza el proceso en su contra por contrabando y corrupci\u00f3n. Desde un lujoso hotel en&nbsp;Paraguay&nbsp;donde cumple arresto domiciliario,&nbsp;Edgardo Kueider&nbsp;rompi\u00f3 el&hellip; <\/p>\n","protected":false},"author":8,"featured_media":178819,"comment_status":"closed","ping_status":"open","sticky":false,"template":"","format":"standard","meta":{"footnotes":""},"categories":[23],"tags":[],"class_list":["post-178818","post","type-post","status-publish","format-standard","has-post-thumbnail","hentry","category-actualidad"],"_links":{"self":[{"href":"https:\/\/corrientesdetarde.com\/index.php\/wp-json\/wp\/v2\/posts\/178818","targetHints":{"allow":["GET"]}}],"collection":[{"href":"https:\/\/corrientesdetarde.com\/index.php\/wp-json\/wp\/v2\/posts"}],"about":[{"href":"https:\/\/corrientesdetarde.com\/index.php\/wp-json\/wp\/v2\/types\/post"}],"author":[{"embeddable":true,"href":"https:\/\/corrientesdetarde.com\/index.php\/wp-json\/wp\/v2\/users\/8"}],"replies":[{"embeddable":true,"href":"https:\/\/corrientesdetarde.com\/index.php\/wp-json\/wp\/v2\/comments?post=178818"}],"version-history":[{"count":1,"href":"https:\/\/corrientesdetarde.com\/index.php\/wp-json\/wp\/v2\/posts\/178818\/revisions"}],"predecessor-version":[{"id":178820,"href":"https:\/\/corrientesdetarde.com\/index.php\/wp-json\/wp\/v2\/posts\/178818\/revisions\/178820"}],"wp:featuredmedia":[{"embeddable":true,"href":"https:\/\/corrientesdetarde.com\/index.php\/wp-json\/wp\/v2\/media\/178819"}],"wp:attachment":[{"href":"https:\/\/corrientesdetarde.com\/index.php\/wp-json\/wp\/v2\/media?parent=178818"}],"wp:term":[{"taxonomy":"category","embeddable":true,"href":"https:\/\/corrientesdetarde.com\/index.php\/wp-json\/wp\/v2\/categories?post=178818"},{"taxonomy":"post_tag","embeddable":true,"href":"https:\/\/corrientesdetarde.com\/index.php\/wp-json\/wp\/v2\/tags?post=178818"}],"curies":[{"name":"wp","href":"https:\/\/api.w.org\/{rel}","templated":true}]}}