{"id":178822,"date":"2024-12-12T19:50:34","date_gmt":"2024-12-12T22:50:34","guid":{"rendered":"https:\/\/corrientesdetarde.com\/?p=178822"},"modified":"2024-12-12T19:50:38","modified_gmt":"2024-12-12T22:50:38","slug":"echaron-a-edgardo-kueider-del-senado-como-votaron-los-senadores-correntinos","status":"publish","type":"post","link":"https:\/\/corrientesdetarde.com\/index.php\/politica\/echaron-a-edgardo-kueider-del-senado-como-votaron-los-senadores-correntinos\/","title":{"rendered":"Echaron a Edgardo Kueider del Senado:\u00a0 c\u00f3mo votaron los senadores correntinos\u00a0"},"content":{"rendered":"\n<p>Con el voto clave del PRO y de la UCR, el kirchnerismo consigui\u00f3 el n\u00famero para expulsar del Congreso al representante de Entre R\u00edos. A \u00faltimo minuto, la bancada libertaria se pleg\u00f3 a la expulsi\u00f3n para no quedar pegada al senador preso. Kueider fue detenido el 4 de diciembre pasado en la Triple Frontera, en Paraguay, con m\u00e1s de 200 mil d\u00f3lares sin declarar que quer\u00eda ingresar a ese pa\u00eds.<\/p>\n\n\n\n<p>&nbsp; Edgardo Kueider fue echado del Senado de la Naci\u00f3n por inhabilidad moral a ra\u00edz de su detenci\u00f3n por contrabando en Paraguay, pa\u00eds al que quiso ingresar m\u00e1s de 200 mil d\u00f3lares sin declarar el mi\u00e9rcoles 4 de diciembre pasado.<\/p>\n\n\n\n<p>La destituci\u00f3n de Kueider se dio por 61 votos a favor de su expulsi\u00f3n, 5 en contra y una abstenci\u00f3n, pero minutos despu\u00e9s del fin de la sesi\u00f3n el correntino Camau Esp\u00ednola, compa\u00f1ero de bloque del senador expulsado y que se sentaba hasta hoy a su lado, pidi\u00f3 rectificar su voto, que termin\u00f3 siendo negativo dejando el resultado final en 60 a favor, 6 en contra y una abstenci\u00f3n.<\/p>\n\n\n\n<p>Los senadores por Corrientes del radicalismo Gabriela Valenzuela y &#8220;Peteco&#8221; Vischi votaron a favor.&nbsp;<br><br>Todo sucedi\u00f3 horas despu\u00e9s del pedido de desafuero tramitado por la jueza federal Sandra Arroyo Salgado, que esta ma\u00f1ana solicit\u00f3 la detenci\u00f3n del legislador de Entre R\u00edos, que ingres\u00f3 a la C\u00e1mara Alta en la lista del kirchnerismo, pero luego se ali\u00f3 al bloque libertario de Javier Milei.<\/p>\n","protected":false},"excerpt":{"rendered":"<p>Con el voto clave del PRO y de la UCR, el kirchnerismo consigui\u00f3 el n\u00famero para expulsar del Congreso al representante de Entre R\u00edos. A \u00faltimo minuto, la bancada libertaria&hellip; <\/p>\n","protected":false},"author":4,"featured_media":178828,"comment_status":"closed","ping_status":"open","sticky":false,"template":"","format":"standard","meta":{"footnotes":""},"categories":[3],"tags":[],"class_list":["post-178822","post","type-post","status-publish","format-standard","has-post-thumbnail","hentry","category-politica"],"_links":{"self":[{"href":"https:\/\/corrientesdetarde.com\/index.php\/wp-json\/wp\/v2\/posts\/178822","targetHints":{"allow":["GET"]}}],"collection":[{"href":"https:\/\/corrientesdetarde.com\/index.php\/wp-json\/wp\/v2\/posts"}],"about":[{"href":"https:\/\/corrientesdetarde.com\/index.php\/wp-json\/wp\/v2\/types\/post"}],"author":[{"embeddable":true,"href":"https:\/\/corrientesdetarde.com\/index.php\/wp-json\/wp\/v2\/users\/4"}],"replies":[{"embeddable":true,"href":"https:\/\/corrientesdetarde.com\/index.php\/wp-json\/wp\/v2\/comments?post=178822"}],"version-history":[{"count":1,"href":"https:\/\/corrientesdetarde.com\/index.php\/wp-json\/wp\/v2\/posts\/178822\/revisions"}],"predecessor-version":[{"id":178829,"href":"https:\/\/corrientesdetarde.com\/index.php\/wp-json\/wp\/v2\/posts\/178822\/revisions\/178829"}],"wp:featuredmedia":[{"embeddable":true,"href":"https:\/\/corrientesdetarde.com\/index.php\/wp-json\/wp\/v2\/media\/178828"}],"wp:attachment":[{"href":"https:\/\/corrientesdetarde.com\/index.php\/wp-json\/wp\/v2\/media?parent=178822"}],"wp:term":[{"taxonomy":"category","embeddable":true,"href":"https:\/\/corrientesdetarde.com\/index.php\/wp-json\/wp\/v2\/categories?post=178822"},{"taxonomy":"post_tag","embeddable":true,"href":"https:\/\/corrientesdetarde.com\/index.php\/wp-json\/wp\/v2\/tags?post=178822"}],"curies":[{"name":"wp","href":"https:\/\/api.w.org\/{rel}","templated":true}]}}