{"id":178830,"date":"2024-12-12T20:01:29","date_gmt":"2024-12-12T23:01:29","guid":{"rendered":"https:\/\/corrientesdetarde.com\/?p=178830"},"modified":"2024-12-12T20:01:33","modified_gmt":"2024-12-12T23:01:33","slug":"senadores-correntinos-avalaron-la-expulsion-de-kueider-fue-una-sesion-ejemplificadora","status":"publish","type":"post","link":"https:\/\/corrientesdetarde.com\/index.php\/politica\/senadores-correntinos-avalaron-la-expulsion-de-kueider-fue-una-sesion-ejemplificadora\/","title":{"rendered":"Senadores correntinos avalaron la expulsi\u00f3n de Kueider: &#8220;Fue una sesi\u00f3n ejemplificadora&#8221;"},"content":{"rendered":"\n<p>La senadora Gabriela Valenzuela destac\u00f3 que &#8220;la gente exige honestidad y claridad, y esa debe ser la base de cualquier acci\u00f3n desde el Senado&#8221;.\u00a0<\/p>\n\n\n\n<p>El Senado de la Naci\u00f3n vivi\u00f3 una sesi\u00f3n intensa y determinante que culmin\u00f3 con la expulsi\u00f3n del senador por Entre R\u00edos, Edgardo Kueider, tras su detenci\u00f3n en Paraguay el pasado 4 de diciembre. El legislador fue arrestado en la Triple Frontera intentando ingresar a ese pa\u00eds con m\u00e1s de 200 mil d\u00f3lares sin declarar, un hecho que desat\u00f3 un esc\u00e1ndalo que tuvo resonancia en todo el pa\u00eds.<\/p>\n\n\n\n<p>La decisi\u00f3n de su expulsi\u00f3n cont\u00f3 con el respaldo clave de los bloques del PRO y la UCR, que unieron fuerzas con el oficialismo para alcanzar los votos necesarios. En un giro inesperado, la bancada libertaria tambi\u00e9n decidi\u00f3 apoyar la medida, con el objetivo de despegarse del esc\u00e1ndalo que involucraba al senador entrerriano. Sin embargo, no todos los votos fueron un\u00e1nimes.<\/p>\n\n\n\n<p>La postura de los senadores correntinos<\/p>\n\n\n\n<p>La sesi\u00f3n tuvo un car\u00e1cter ejemplificador, como destac\u00f3 la senadora nacional por Corrientes, Gabriela Valenzuela, de la UCR. En una entrevista con LT7, Valenzuela lament\u00f3 que los tres representantes de Corrientes no votaran en el mismo sentido. Si bien inicialmente el senador Carlos &#8220;Camau&#8221; Esp\u00ednola pareci\u00f3 alinearse con la expulsi\u00f3n, posteriormente rectific\u00f3 su postura y vot\u00f3 en contra, lo que gener\u00f3 fuertes cr\u00edticas.<\/p>\n\n\n\n<p>&#8220;Al final, dijo una cosa y termin\u00f3 votando otra. Esto lo convierte en c\u00f3mplice de algo que la sociedad condena&#8221;, afirm\u00f3 Valenzuela, quien subray\u00f3 que el cambio que demanda la ciudadan\u00eda exige una postura firme y coherente por parte de los representantes. Asimismo, la legisladora destac\u00f3 que la votaci\u00f3n evidenci\u00f3 una necesidad de avanzar hacia iniciativas como la &#8220;ficha limpia&#8221; para garantizar la transparencia en la clase pol\u00edtica.<\/p>\n\n\n\n<p>Impacto y perspectivas<\/p>\n\n\n\n<p>En un escenario donde la credibilidad de las instituciones est\u00e1 bajo la lupa, la sesi\u00f3n no solo tuvo un impacto directo en el Congreso, sino tambi\u00e9n en la percepci\u00f3n ciudadana sobre la pol\u00edtica. Seg\u00fan Valenzuela, &#8220;la gente exige honestidad y claridad, y esa debe ser la base de cualquier acci\u00f3n desde el Senado&#8221;.&nbsp;<\/p>\n","protected":false},"excerpt":{"rendered":"<p>La senadora Gabriela Valenzuela destac\u00f3 que &#8220;la gente exige honestidad y claridad, y esa debe ser la base de cualquier acci\u00f3n desde el Senado&#8221;.\u00a0 El Senado de la Naci\u00f3n vivi\u00f3&hellip; <\/p>\n","protected":false},"author":4,"featured_media":178832,"comment_status":"closed","ping_status":"open","sticky":false,"template":"","format":"standard","meta":{"footnotes":""},"categories":[3],"tags":[],"class_list":["post-178830","post","type-post","status-publish","format-standard","has-post-thumbnail","hentry","category-politica"],"_links":{"self":[{"href":"https:\/\/corrientesdetarde.com\/index.php\/wp-json\/wp\/v2\/posts\/178830","targetHints":{"allow":["GET"]}}],"collection":[{"href":"https:\/\/corrientesdetarde.com\/index.php\/wp-json\/wp\/v2\/posts"}],"about":[{"href":"https:\/\/corrientesdetarde.com\/index.php\/wp-json\/wp\/v2\/types\/post"}],"author":[{"embeddable":true,"href":"https:\/\/corrientesdetarde.com\/index.php\/wp-json\/wp\/v2\/users\/4"}],"replies":[{"embeddable":true,"href":"https:\/\/corrientesdetarde.com\/index.php\/wp-json\/wp\/v2\/comments?post=178830"}],"version-history":[{"count":1,"href":"https:\/\/corrientesdetarde.com\/index.php\/wp-json\/wp\/v2\/posts\/178830\/revisions"}],"predecessor-version":[{"id":178833,"href":"https:\/\/corrientesdetarde.com\/index.php\/wp-json\/wp\/v2\/posts\/178830\/revisions\/178833"}],"wp:featuredmedia":[{"embeddable":true,"href":"https:\/\/corrientesdetarde.com\/index.php\/wp-json\/wp\/v2\/media\/178832"}],"wp:attachment":[{"href":"https:\/\/corrientesdetarde.com\/index.php\/wp-json\/wp\/v2\/media?parent=178830"}],"wp:term":[{"taxonomy":"category","embeddable":true,"href":"https:\/\/corrientesdetarde.com\/index.php\/wp-json\/wp\/v2\/categories?post=178830"},{"taxonomy":"post_tag","embeddable":true,"href":"https:\/\/corrientesdetarde.com\/index.php\/wp-json\/wp\/v2\/tags?post=178830"}],"curies":[{"name":"wp","href":"https:\/\/api.w.org\/{rel}","templated":true}]}}