{"id":179454,"date":"2024-12-16T13:21:13","date_gmt":"2024-12-16T16:21:13","guid":{"rendered":"https:\/\/corrientesdetarde.com\/?p=179454"},"modified":"2024-12-16T13:21:17","modified_gmt":"2024-12-16T16:21:17","slug":"tras-la-primera-edicion-de-nande-arte-tassano-valoro-el-talento-de-los-artistas-locales","status":"publish","type":"post","link":"https:\/\/corrientesdetarde.com\/index.php\/sociales\/tras-la-primera-edicion-de-nande-arte-tassano-valoro-el-talento-de-los-artistas-locales\/","title":{"rendered":"Tras la primera edici\u00f3n de \u201c\u00d1ande Arte\u201d, Tassano valor\u00f3 el talento de los artistas locales"},"content":{"rendered":"\n<p><em>Durante el fin de semana, artistas de la regi\u00f3n pintaron obras en vivo en la costanera de la ciudad. Los trabajos realizados fueron donados a entidades p\u00fablicas. La propuesta forma parte de la variada agenda que lleva adelante el municipio, consolidando a Corrientes como una ciudad de eventos.<\/em><\/p>\n\n\n\n<p>Desde el viernes y hasta este domingo, las noches en la costanera correntina se plasmaron de arte con el trabajo en vivo de nueve artistas de Chaco y Corrientes. La iniciativa surge del movimiento \u00d1ande Arte y cont\u00f3 con el apoyo de la Municipalidad de Corrientes. \u201cEstamos muy contentos de poder colaborar, ya est\u00e1n las obras listas y vinieron muchos vecinos y turistas que pudieron disfrutar y ver a los artistas pintando en estos d\u00edas\u201d, expres\u00f3 el intendente Eduardo Tassano al respecto.&nbsp;<br><br>La tem\u00e1tica de las obras se centr\u00f3 en la identidad local, por lo que se pudieron ver pinturas relacionadas al Iber\u00e1, la correntinidad, los or\u00edgenes guaran\u00edes, entre otros. Los artistas trabajaron a lo largo del paseo Terrazas del Paran\u00e1 -costanera y Edison- donde los visitantes pudieron apreciar el paso a paso de cada una de las intervenciones con el paisaje del r\u00edo Paran\u00e1 de fondo. &nbsp;&nbsp;<br><br>Este domingo, se llev\u00f3 adelante el acto de cierre del encuentro. En este marco, el intendente valor\u00f3 el talento de los artistas y la calidad y belleza de las obras. \u201cMe maravilla el talento de nuestros j\u00f3venes artistas en diferentes manifestaciones culturales que tiene nuestra ciudad, en este caso en la pintura pero tambi\u00e9n en murales, en obras de teatro, en la danza, la &nbsp;m\u00fasica, el arte urbano. Es impresionante Corrientes\u201d, destac\u00f3 Tassano.&nbsp;<br><br>Las pinturas fueron donadas a diversas instituciones p\u00fablicas como el Hospital Pedi\u00e1trico, el Ministerio de Educaci\u00f3n, Ministerio de Desarrollo Humano, el Hospital Cardiol\u00f3gico, el Centro Aguar\u00e1, el Comit\u00e9 Iber\u00e1 y el Banco de Sangre de Corrientes.&nbsp;<br><br>CIUDAD DE EVENTOS<br>\u201cTodos los d\u00edas, todas las semanas y sobre todo el fin de semana la ciudad se llena de eventos libres y gratuitos para disfrutar. Hay chamam\u00e9, cumbia, trap, pintura, arte, ferias y todo lo que buscamos. Queremos terminar el a\u00f1o viviendo en comunidad y disfrutando de los espacios p\u00fablicos\u201d, expres\u00f3 Hugo Calvano, secretario de Coordinaci\u00f3n de Gobierno.&nbsp;<br><br>En el mismo sentido, Tassano record\u00f3 la agenda especial diagramada desde el municipio por las fiestas de fin de a\u00f1o. \u201cQueremos transmitir el esp\u00edritu navide\u00f1o con muchos eventos que tienen que ver con esta fecha, con los arbolitos, con puntos de fotos, el \u00e1rbol de los deseos, entre otros. Invitamos a los vecinos que disfruten de esta navidad que es un momento \u00fanico para estar con los seres queridos\u201d, concluy\u00f3 Tassano.&nbsp;<br><br>APOYO AL ARTE LOCAL<br>Por su parte, Jos\u00e9 Cura, coordinador \u00d1ande Arte, destac\u00f3: \u201cPara realizar estos eventos se necesita un soporte en m\u00e1s de un sentido, en lo t\u00e9cnico, log\u00edstico y econ\u00f3mico para que las obras se puedan hacer. El aporte de la Municipalidad de Corrientes es fundamental y necesario para que esto salga bien, sino ser\u00eda muy dif\u00edcil\u201d.&nbsp;<br><br>Seguidamente, Guadalupe Morio, una de las artistas presentes en el evento, se mostr\u00f3 emocionada y agradecida por la organizaci\u00f3n de este evento. \u201cCreo que es esencial la cultura para sentirnos identificados, para no sentirnos solos, sentirnos acompa\u00f1ados y para seguir creciendo y conociendo nuestro lugar\u201d, manifest\u00f3 la muralista.&nbsp;<\/p>\n\n\n\n<p><br><a href=\"https:\/\/ciudaddecorrientes.us12.list-manage.com\/track\/click?u=253e4bcff71216c6af771c3c9&amp;id=989785dea4&amp;e=17643edfa8\" target=\"_blank\" rel=\"noreferrer noopener\">Material de TV:<\/a>\u00a0Eduardo Tassano, intendente &#8211; Hugo Calvano, secretario de Coordinaci\u00f3n de Gobierno &#8211; Jos\u00e9 Cura, coordinador \u00d1ande Arte &#8211; Guadalupe Morio, artista<\/p>\n\n\n\n<figure class=\"wp-block-image size-large\"><img loading=\"lazy\" decoding=\"async\" width=\"1024\" height=\"682\" src=\"https:\/\/corrientesdetarde.com\/wp-content\/uploads\/2024\/12\/image-725-1024x682.png\" alt=\"\" class=\"wp-image-179455\" srcset=\"https:\/\/corrientesdetarde.com\/wp-content\/uploads\/2024\/12\/image-725-1024x682.png 1024w, https:\/\/corrientesdetarde.com\/wp-content\/uploads\/2024\/12\/image-725-300x200.png 300w, https:\/\/corrientesdetarde.com\/wp-content\/uploads\/2024\/12\/image-725-768x512.png 768w, https:\/\/corrientesdetarde.com\/wp-content\/uploads\/2024\/12\/image-725.png 1280w\" sizes=\"auto, (max-width: 1024px) 100vw, 1024px\" \/><\/figure>\n\n\n\n<figure class=\"wp-block-image size-large\"><img loading=\"lazy\" decoding=\"async\" width=\"1024\" height=\"575\" src=\"https:\/\/corrientesdetarde.com\/wp-content\/uploads\/2024\/12\/image-726-1024x575.png\" alt=\"\" class=\"wp-image-179456\" srcset=\"https:\/\/corrientesdetarde.com\/wp-content\/uploads\/2024\/12\/image-726-1024x575.png 1024w, https:\/\/corrientesdetarde.com\/wp-content\/uploads\/2024\/12\/image-726-300x169.png 300w, https:\/\/corrientesdetarde.com\/wp-content\/uploads\/2024\/12\/image-726-768x431.png 768w, https:\/\/corrientesdetarde.com\/wp-content\/uploads\/2024\/12\/image-726.png 1280w\" sizes=\"auto, (max-width: 1024px) 100vw, 1024px\" \/><\/figure>\n\n\n\n<figure class=\"wp-block-image size-large\"><img loading=\"lazy\" decoding=\"async\" width=\"1024\" height=\"682\" src=\"https:\/\/corrientesdetarde.com\/wp-content\/uploads\/2024\/12\/image-727-1024x682.png\" alt=\"\" class=\"wp-image-179457\" srcset=\"https:\/\/corrientesdetarde.com\/wp-content\/uploads\/2024\/12\/image-727-1024x682.png 1024w, https:\/\/corrientesdetarde.com\/wp-content\/uploads\/2024\/12\/image-727-300x200.png 300w, https:\/\/corrientesdetarde.com\/wp-content\/uploads\/2024\/12\/image-727-768x512.png 768w, https:\/\/corrientesdetarde.com\/wp-content\/uploads\/2024\/12\/image-727.png 1280w\" sizes=\"auto, (max-width: 1024px) 100vw, 1024px\" \/><\/figure>\n\n\n\n<figure class=\"wp-block-image size-large\"><img loading=\"lazy\" decoding=\"async\" width=\"1024\" height=\"682\" src=\"https:\/\/corrientesdetarde.com\/wp-content\/uploads\/2024\/12\/image-728-1024x682.png\" alt=\"\" class=\"wp-image-179458\" srcset=\"https:\/\/corrientesdetarde.com\/wp-content\/uploads\/2024\/12\/image-728-1024x682.png 1024w, https:\/\/corrientesdetarde.com\/wp-content\/uploads\/2024\/12\/image-728-300x200.png 300w, https:\/\/corrientesdetarde.com\/wp-content\/uploads\/2024\/12\/image-728-768x512.png 768w, https:\/\/corrientesdetarde.com\/wp-content\/uploads\/2024\/12\/image-728.png 1280w\" sizes=\"auto, (max-width: 1024px) 100vw, 1024px\" \/><\/figure>\n\n\n\n<figure class=\"wp-block-image size-large\"><img loading=\"lazy\" decoding=\"async\" width=\"1024\" height=\"682\" src=\"https:\/\/corrientesdetarde.com\/wp-content\/uploads\/2024\/12\/image-729-1024x682.png\" alt=\"\" class=\"wp-image-179459\" srcset=\"https:\/\/corrientesdetarde.com\/wp-content\/uploads\/2024\/12\/image-729-1024x682.png 1024w, https:\/\/corrientesdetarde.com\/wp-content\/uploads\/2024\/12\/image-729-300x200.png 300w, https:\/\/corrientesdetarde.com\/wp-content\/uploads\/2024\/12\/image-729-768x512.png 768w, https:\/\/corrientesdetarde.com\/wp-content\/uploads\/2024\/12\/image-729.png 1280w\" sizes=\"auto, (max-width: 1024px) 100vw, 1024px\" \/><\/figure>\n\n\n\n<figure class=\"wp-block-image size-large\"><img loading=\"lazy\" decoding=\"async\" width=\"1024\" height=\"682\" src=\"https:\/\/corrientesdetarde.com\/wp-content\/uploads\/2024\/12\/image-730-1024x682.png\" alt=\"\" class=\"wp-image-179460\" srcset=\"https:\/\/corrientesdetarde.com\/wp-content\/uploads\/2024\/12\/image-730-1024x682.png 1024w, https:\/\/corrientesdetarde.com\/wp-content\/uploads\/2024\/12\/image-730-300x200.png 300w, https:\/\/corrientesdetarde.com\/wp-content\/uploads\/2024\/12\/image-730-768x512.png 768w, https:\/\/corrientesdetarde.com\/wp-content\/uploads\/2024\/12\/image-730.png 1280w\" sizes=\"auto, (max-width: 1024px) 100vw, 1024px\" \/><\/figure>\n\n\n\n<figure class=\"wp-block-image size-large\"><img loading=\"lazy\" decoding=\"async\" width=\"1024\" height=\"682\" src=\"https:\/\/corrientesdetarde.com\/wp-content\/uploads\/2024\/12\/image-731-1024x682.png\" alt=\"\" class=\"wp-image-179461\" srcset=\"https:\/\/corrientesdetarde.com\/wp-content\/uploads\/2024\/12\/image-731-1024x682.png 1024w, https:\/\/corrientesdetarde.com\/wp-content\/uploads\/2024\/12\/image-731-300x200.png 300w, https:\/\/corrientesdetarde.com\/wp-content\/uploads\/2024\/12\/image-731-768x512.png 768w, https:\/\/corrientesdetarde.com\/wp-content\/uploads\/2024\/12\/image-731.png 1280w\" sizes=\"auto, (max-width: 1024px) 100vw, 1024px\" \/><\/figure>\n","protected":false},"excerpt":{"rendered":"<p>Durante el fin de semana, artistas de la regi\u00f3n pintaron obras en vivo en la costanera de la ciudad. Los trabajos realizados fueron donados a entidades p\u00fablicas. La propuesta forma&hellip; <\/p>\n","protected":false},"author":8,"featured_media":179458,"comment_status":"closed","ping_status":"open","sticky":false,"template":"","format":"standard","meta":{"footnotes":""},"categories":[17],"tags":[],"class_list":["post-179454","post","type-post","status-publish","format-standard","has-post-thumbnail","hentry","category-sociales"],"_links":{"self":[{"href":"https:\/\/corrientesdetarde.com\/index.php\/wp-json\/wp\/v2\/posts\/179454","targetHints":{"allow":["GET"]}}],"collection":[{"href":"https:\/\/corrientesdetarde.com\/index.php\/wp-json\/wp\/v2\/posts"}],"about":[{"href":"https:\/\/corrientesdetarde.com\/index.php\/wp-json\/wp\/v2\/types\/post"}],"author":[{"embeddable":true,"href":"https:\/\/corrientesdetarde.com\/index.php\/wp-json\/wp\/v2\/users\/8"}],"replies":[{"embeddable":true,"href":"https:\/\/corrientesdetarde.com\/index.php\/wp-json\/wp\/v2\/comments?post=179454"}],"version-history":[{"count":1,"href":"https:\/\/corrientesdetarde.com\/index.php\/wp-json\/wp\/v2\/posts\/179454\/revisions"}],"predecessor-version":[{"id":179462,"href":"https:\/\/corrientesdetarde.com\/index.php\/wp-json\/wp\/v2\/posts\/179454\/revisions\/179462"}],"wp:featuredmedia":[{"embeddable":true,"href":"https:\/\/corrientesdetarde.com\/index.php\/wp-json\/wp\/v2\/media\/179458"}],"wp:attachment":[{"href":"https:\/\/corrientesdetarde.com\/index.php\/wp-json\/wp\/v2\/media?parent=179454"}],"wp:term":[{"taxonomy":"category","embeddable":true,"href":"https:\/\/corrientesdetarde.com\/index.php\/wp-json\/wp\/v2\/categories?post=179454"},{"taxonomy":"post_tag","embeddable":true,"href":"https:\/\/corrientesdetarde.com\/index.php\/wp-json\/wp\/v2\/tags?post=179454"}],"curies":[{"name":"wp","href":"https:\/\/api.w.org\/{rel}","templated":true}]}}