{"id":179473,"date":"2024-12-16T13:36:39","date_gmt":"2024-12-16T16:36:39","guid":{"rendered":"https:\/\/corrientesdetarde.com\/?p=179473"},"modified":"2024-12-16T13:36:44","modified_gmt":"2024-12-16T16:36:44","slug":"valdes-destaco-la-importancia-de-la-reapertura-oficial-del-paso-fronterizo-e-insto-al-vecino-pais-a-abrazar-el-futuro","status":"publish","type":"post","link":"https:\/\/corrientesdetarde.com\/index.php\/locales\/valdes-destaco-la-importancia-de-la-reapertura-oficial-del-paso-fronterizo-e-insto-al-vecino-pais-a-abrazar-el-futuro\/","title":{"rendered":"Vald\u00e9s destac\u00f3 la importancia de la reapertura oficial del paso fronterizo e inst\u00f3 al vecino pa\u00eds a &#8220;abrazar el futuro&#8221;"},"content":{"rendered":"\n<p>Apuntando al intercambio cultural y tur\u00edstico, se realiz\u00f3 este lunes la reapertura del paso fronterizo entre Argentina y Paraguay, por medio de las ciudades de Ituzaing\u00f3 y Ayolas, respectivamente, sobre el coronamiento de la represa de Yacyret\u00e1. Esta reactivaci\u00f3n internacional estuvo encabezada por la ministra de Seguridad de la Naci\u00f3n, Patricia Bullrich y el ministro del Interior del Paraguay, Enrique Riera. En la oportunidad, el gobernador Gustavo Vald\u00e9s llam\u00f3 a \u201clevantar las fronteras en el Mercosur\u201d y \u201cabrazar el futuro en la apertura de pasos, inauguraci\u00f3n de puertos y construcci\u00f3n de rutas\u201d, en pos del desarrollo de ambas jurisdicciones.<\/p>\n\n\n\n<p>Cabe destacar que esta rehabilitaci\u00f3n oficial \u2013que cont\u00f3 tambi\u00e9n con la presencia del&nbsp;ministro del Interior del Paraguay, Enrique Riera y el gobernador del Departamento las Misiones, Richard Ram\u00edrez- &nbsp;se produce tras cuatro a\u00f1os desde el cierre producido por efecto de la pandemia.<\/p>\n\n\n\n<p>Este Paso ofrecer\u00e1 un potencial de crecimiento que lo consolidar\u00e1 como eje estrat\u00e9gico para la conectividad binacional.<\/p>\n\n\n\n<p>La reconexi\u00f3n entre las comunidades de Ituzaing\u00f3 y Ayolas, ya registr\u00f3 una reapertura el pasado 20 de noviembre, facilitando no solo el intercambio cultural y tur\u00edstico, sino tambi\u00e9n el descongestionamiento de otros cruces fronterizos.<\/p>\n\n\n\n<p>Por el momento, el Paso que funciona sobre la represa hidroel\u00e9ctrica Yacyret\u00e1, se encuentra habilitado desde las 9 a las 19.<\/p>\n\n\n\n<p><strong>Acto y discursos<\/strong><\/p>\n\n\n\n<p>El encuentro, realizado sobre el coronamiento de la Represa hidroel\u00e9ctrica, dio inicio con la entonaci\u00f3n de los himnos nacionales de Paraguay y Argentina, a cargo de la banda de m\u00fasicos de la Segunda Divisi\u00f3n de Caballer\u00eda de San Juan Bautista (Misiones, Paraguay), dando lugar a los discursos de las mencionadas autoridades.<\/p>\n\n\n\n<p><strong>Ministra Bullrich<\/strong><\/p>\n\n\n\n<p>\u201cHoy es un d\u00eda hist\u00f3rico, siempre abrir puentes es una manera de unir pueblos\u201d, comenz\u00f3 diciendo la ministra de Seguridad argentina, Patricia Bullrich. A la vez, critic\u00f3 el hecho de que este paso fronterizo estuviera cerrado por varios a\u00f1os: \u201cEn la pandemia era entendible, pero fue hace tiempo y no se abr\u00eda por un capricho\u201d.<\/p>\n\n\n\n<p>\u201cEra un paso que ya estaba hecho, solamente faltaba la decisi\u00f3n para que el turismo y el comercio puedan pasar por ac\u00e1. Nos dec\u00edan que iban a pasar 30 personas, pero hace poco hubo un partido internacional (la final de la Copa Sudamericana entre Racing y Cruzeiro) y cruzaron m\u00e1s de 3000 personas\u201d, precis\u00f3 la ministra.<\/p>\n\n\n\n<p>Bullrich puso de ejemplo al Puerto de Ituzaing\u00f3 como una obra clave a nivel industrial, que se beneficiar\u00e1 de esta apertura. \u201cEs un puerto que va a abaratar la producci\u00f3n y los alimentos de todos los ciudadanos. Una inversi\u00f3n de m\u00e1s de 50 millones de d\u00f3lares no pod\u00eda tener un puente cerrado\u201d. Prosiguiendo, manifest\u00f3 que la visi\u00f3n estrat\u00e9gica de Argentina no puede cerrarse solamente en los puertos de Buenos Aires o San Lorenzo, sino tambi\u00e9n considerar a todos los del pa\u00eds.<\/p>\n\n\n\n<p>La apertura del paso fronterizo es parte de las nuevas gestiones que se hacen en materia de tr\u00e1nsito a pa\u00edses lim\u00edtrofes, seg\u00fan cont\u00f3 la ministra. Otra de las iniciativas es \u201clograr una integraci\u00f3n real entre las aduanas, donde hoy se hacen migraciones dos veces cuando debemos volver a tener uno solo para agilizar el tr\u00e1nsito y ganar tiempo\u201d.<\/p>\n\n\n\n<p>\u201cUstedes saben que la Argentina est\u00e1 en un camino de crecimiento, retornando a sus bases de apertura comercial, de convivencia con sus vecinos y que se abre al mundo\u201d, declar\u00f3 seguidamente expresando su orgullo por la apertura de este paso. \u201cEstamos orgullosos de poder lograr esta iniciativa y de gestionar para que se concreten las obras planeadas en Yacyret\u00e1, para que cada vez m\u00e1s nuestras represas y obras de gran infraestructura sean una realidad para nuestros pueblos\u201d, cerr\u00f3.<\/p>\n\n\n\n<p><strong>Gobernador Vald\u00e9s<\/strong><\/p>\n\n\n\n<p>En el marco del acto de reapertura del paso fronterizo, el gobernador Gustavo Vald\u00e9s puso de manifiesto la \u201cinquebrantable voluntad del pueblo argentino y del paraguayo de darse nuevamente un abrazo en esta represa de Yacyret\u00e1. Una voluntad que es superior a la burocracia que no nos permit\u00eda darnos ese abrazo\u201d.<\/p>\n\n\n\n<p>Para Vald\u00e9s, los pueblos de Corrientes y Paraguay tienen \u201clazos culturales, hist\u00f3ricos e identidad de lengua\u201d y enfatiz\u00f3: \u201cSomos la \u00fanica provincia de la Argentina que tenemos como idioma oficial al guaran\u00ed, compartimos m\u00fasica, familias y visiones, pero fundamentalmente el deseo de progreso que nadie lo va a detener\u201d.<\/p>\n\n\n\n<p>\u201cHoy asistimos a la reapertura de un paso fronterizo vital para toda la regi\u00f3n, para los departamentos de Misiones y \u00d1eembuc\u00fa en Paraguay, para las provincias de Corrientes y Misiones\u201d, afirm\u00f3 el mandatario, dejando en claro que es menester \u201ccomenzar a mirarnos entre hermanos para poder levantar fronteras en el Mercosur y dejar de mirarnos de reojo entre paraguayos y argentinos, para juntos abrazar el futuro\u201d.<\/p>\n\n\n\n<p>En tanto, en otro tramo de sus palabras, el gobernador se\u00f1al\u00f3 que Argentina est\u00e1 firmando acuerdos hist\u00f3ricos del Mercosur con la Uni\u00f3n Europea, con todo lo que ello implica en la apertura de pasos, inauguraci\u00f3n de puertos y construcci\u00f3n de rutas, todas acciones que \u201cvan a redundar en que tengamos una mejor log\u00edstica para nuestros productos y la regi\u00f3n\u201d.<\/p>\n\n\n\n<p>Prosiguiendo con sus conceptos, Vald\u00e9s agradeci\u00f3 a los presidentes, de nuestro pa\u00eds, Javier Milei, y del Paraguay, Santiago Pe\u00f1a, por exhibir \u201cvisiones comunes, abrazos fraternos y la vocaci\u00f3n de construir un futuro de grandeza para ambos pa\u00edses\u201d.<\/p>\n\n\n\n<p>Para finalizar, Vald\u00e9s tambi\u00e9n hizo extensivo su agradecimiento a todos los que hicieron posible la reapertura de este paso fronterizo, que \u201cnos permite hermanarnos y disfrutar de un destino en com\u00fan\u201d.<\/p>\n\n\n\n<p><strong>Gobernador: Departamento de Misiones<\/strong><\/p>\n\n\n\n<p>Para el gobernador Richard Ram\u00edrez, del departamento de Misiones (Paraguay), la jornada marc\u00f3 un hito hist\u00f3rico para la regi\u00f3n. \u201cMarca una historia muy deseada por el departamento de Misiones y la Rep\u00fablica del Paraguay\u201d, asegur\u00f3 el titular del Ejecutivo, en el marco de una c\u00e1lida bienvenida a las autoridades de ambos pa\u00edses presentes en el acto.<\/p>\n\n\n\n<p>\u201cEs una historia que venimos buscando, por la facilidad de mayor uni\u00f3n y hermandad entre dos pueblos que nos apreciamos tanto\u201d, sostuvo, a la vez que record\u00f3 la expectativa que gener\u00f3 la posible apertura fronteriza en ocasiones recientes pero postergadas. \u201cHoy esa historia se ha hecho realidad, gracias a la voluntad pol\u00edtica de los se\u00f1ores presidentes de los pueblos hermanos: Santiago Pe\u00f1a Palacios y Javier Milei. Y nuestra forma de agradecimiento es que bridemos un fuerte aplauso\u201d, pidi\u00f3 el gobernador paraguayo.<\/p>\n\n\n\n<p>Por otra parte, compar\u00f3 el desarrollo econ\u00f3mico de otros puntos con pasos fronterizos y augur\u00f3 un efecto similar para la zona. \u201cTodos queremos un buen porvenir para nuestros pueblos, que puedan progresar y esto de es vital de importancia\u201d, sostuvo respecto de la apertura del puente. \u201cVa a brindar desarrollo, fortalecer nuestra hermandad, unirnos m\u00e1s en lo cultural, tur\u00edstico, deporte, salud y hasta educaci\u00f3n\u201d, asegur\u00f3, en tanto celebr\u00f3 el festejo \u201cde un d\u00eda hist\u00f3rico\u201d por la reapertura del viaducto.<\/p>\n\n\n\n<p><strong>Enrique Riera Escudero<\/strong><\/p>\n\n\n\n<p>Tambi\u00e9n hizo uso de la palabra el ministro del Interior de la Rep\u00fablica del Paraguay, Enrique Riera Escudero, expresando en primer lugar su benepl\u00e1cito, en estos t\u00e9rminos: \u201cQue mejor que la cota 70, con el rugir de las turbinas detr\u00e1s, para encontrarnos a celebrar un acto muy importante como lo es la reapertura de este paso fronterizo\u201d.<\/p>\n\n\n\n<p>El funcionario del vecino pa\u00eds no dud\u00f3 en afirmar que la \u201camistad entre la Argentina y el Paraguay es hist\u00f3rica, ya tenemos tantas cosas en com\u00fan, mucho m\u00e1s que muchos otros pueblos de Am\u00e9rica Latina\u201d y valor\u00f3 que \u201ctenemos la suerte de contar con dos presidentes (Pe\u00f1a y Milei) que tienen bien en claro hacia d\u00f3nde quieren llevarnos como pueblos hermanos\u201d.<\/p>\n\n\n\n<p>\u201cA partir de ahora, miles de paraguayos y argentinos van a poder pasar por este represa, buscando salud, comercio, cultura, mejorando la educaci\u00f3n y creciendo juntos\u201d, concluy\u00f3 Riera Escudero<\/p>\n\n\n\n<p><strong>Presencias<\/strong><\/p>\n\n\n\n<p>Participaron tambi\u00e9n del acto, la embajadora de Paraguay en Argentina, Helena Felip; el secretario de Relaciones Exteriores, Eduardo Bustamante; el intendente de Ituzaing\u00f3, Juan Pablo Vald\u00e9s; su par de Ayolas, Carlos Alberto Duarte; la secretaria de Seguridad de la Naci\u00f3n, Alejandra Monteoliva; viceministra de Relaciones econ\u00f3micas e integraci\u00f3n de Paraguay, Patricia Frutos; dem\u00e1s autoridades de Paraguay y Argentina: ministros, legisladores nacionales y provinciales, representantes de Canciller\u00edas, de la Entidad Binacional Yacyret\u00e1, comandante de la Polic\u00eda Nacional de Paraguay, gobernadores, intendentes, representantes de las fuerzas federales, y funcionarios de Aduanas y de Migraciones, entre otros.<\/p>\n\n\n\n<figure class=\"wp-block-image size-large\"><img loading=\"lazy\" decoding=\"async\" width=\"1024\" height=\"683\" src=\"https:\/\/corrientesdetarde.com\/wp-content\/uploads\/2024\/12\/image-737-1024x683.png\" alt=\"\" class=\"wp-image-179474\" srcset=\"https:\/\/corrientesdetarde.com\/wp-content\/uploads\/2024\/12\/image-737-1024x683.png 1024w, https:\/\/corrientesdetarde.com\/wp-content\/uploads\/2024\/12\/image-737-300x200.png 300w, https:\/\/corrientesdetarde.com\/wp-content\/uploads\/2024\/12\/image-737-768x512.png 768w, https:\/\/corrientesdetarde.com\/wp-content\/uploads\/2024\/12\/image-737-1536x1024.png 1536w, https:\/\/corrientesdetarde.com\/wp-content\/uploads\/2024\/12\/image-737.png 1599w\" sizes=\"auto, (max-width: 1024px) 100vw, 1024px\" \/><\/figure>\n\n\n\n<figure class=\"wp-block-image size-large\"><img loading=\"lazy\" decoding=\"async\" width=\"1024\" height=\"683\" src=\"https:\/\/corrientesdetarde.com\/wp-content\/uploads\/2024\/12\/image-738-1024x683.png\" alt=\"\" class=\"wp-image-179475\" srcset=\"https:\/\/corrientesdetarde.com\/wp-content\/uploads\/2024\/12\/image-738-1024x683.png 1024w, https:\/\/corrientesdetarde.com\/wp-content\/uploads\/2024\/12\/image-738-300x200.png 300w, https:\/\/corrientesdetarde.com\/wp-content\/uploads\/2024\/12\/image-738-768x512.png 768w, https:\/\/corrientesdetarde.com\/wp-content\/uploads\/2024\/12\/image-738-1536x1024.png 1536w, https:\/\/corrientesdetarde.com\/wp-content\/uploads\/2024\/12\/image-738.png 1599w\" sizes=\"auto, (max-width: 1024px) 100vw, 1024px\" \/><\/figure>\n\n\n\n<figure class=\"wp-block-image size-large\"><img loading=\"lazy\" decoding=\"async\" width=\"1024\" height=\"683\" src=\"https:\/\/corrientesdetarde.com\/wp-content\/uploads\/2024\/12\/image-739-1024x683.png\" alt=\"\" class=\"wp-image-179476\" srcset=\"https:\/\/corrientesdetarde.com\/wp-content\/uploads\/2024\/12\/image-739-1024x683.png 1024w, https:\/\/corrientesdetarde.com\/wp-content\/uploads\/2024\/12\/image-739-300x200.png 300w, https:\/\/corrientesdetarde.com\/wp-content\/uploads\/2024\/12\/image-739-768x512.png 768w, https:\/\/corrientesdetarde.com\/wp-content\/uploads\/2024\/12\/image-739-1536x1024.png 1536w, https:\/\/corrientesdetarde.com\/wp-content\/uploads\/2024\/12\/image-739.png 1599w\" sizes=\"auto, (max-width: 1024px) 100vw, 1024px\" \/><\/figure>\n\n\n\n<figure class=\"wp-block-image size-large\"><img loading=\"lazy\" decoding=\"async\" width=\"1024\" height=\"683\" src=\"https:\/\/corrientesdetarde.com\/wp-content\/uploads\/2024\/12\/image-740-1024x683.png\" alt=\"\" class=\"wp-image-179477\" srcset=\"https:\/\/corrientesdetarde.com\/wp-content\/uploads\/2024\/12\/image-740-1024x683.png 1024w, https:\/\/corrientesdetarde.com\/wp-content\/uploads\/2024\/12\/image-740-300x200.png 300w, https:\/\/corrientesdetarde.com\/wp-content\/uploads\/2024\/12\/image-740-768x512.png 768w, https:\/\/corrientesdetarde.com\/wp-content\/uploads\/2024\/12\/image-740-1536x1024.png 1536w, https:\/\/corrientesdetarde.com\/wp-content\/uploads\/2024\/12\/image-740.png 1599w\" sizes=\"auto, (max-width: 1024px) 100vw, 1024px\" \/><\/figure>\n\n\n\n<figure class=\"wp-block-image size-large\"><img loading=\"lazy\" decoding=\"async\" width=\"1024\" height=\"683\" src=\"https:\/\/corrientesdetarde.com\/wp-content\/uploads\/2024\/12\/image-741-1024x683.png\" alt=\"\" class=\"wp-image-179478\" srcset=\"https:\/\/corrientesdetarde.com\/wp-content\/uploads\/2024\/12\/image-741-1024x683.png 1024w, https:\/\/corrientesdetarde.com\/wp-content\/uploads\/2024\/12\/image-741-300x200.png 300w, https:\/\/corrientesdetarde.com\/wp-content\/uploads\/2024\/12\/image-741-768x512.png 768w, https:\/\/corrientesdetarde.com\/wp-content\/uploads\/2024\/12\/image-741-1536x1024.png 1536w, https:\/\/corrientesdetarde.com\/wp-content\/uploads\/2024\/12\/image-741.png 1599w\" sizes=\"auto, (max-width: 1024px) 100vw, 1024px\" \/><\/figure>\n\n\n\n<figure class=\"wp-block-image size-large\"><img loading=\"lazy\" decoding=\"async\" width=\"1024\" height=\"657\" src=\"https:\/\/corrientesdetarde.com\/wp-content\/uploads\/2024\/12\/image-742-1024x657.png\" alt=\"\" class=\"wp-image-179479\" srcset=\"https:\/\/corrientesdetarde.com\/wp-content\/uploads\/2024\/12\/image-742-1024x657.png 1024w, https:\/\/corrientesdetarde.com\/wp-content\/uploads\/2024\/12\/image-742-300x192.png 300w, https:\/\/corrientesdetarde.com\/wp-content\/uploads\/2024\/12\/image-742-768x493.png 768w, https:\/\/corrientesdetarde.com\/wp-content\/uploads\/2024\/12\/image-742.png 1280w\" sizes=\"auto, (max-width: 1024px) 100vw, 1024px\" \/><\/figure>\n\n\n\n<figure class=\"wp-block-image size-large\"><img loading=\"lazy\" decoding=\"async\" width=\"1024\" height=\"699\" src=\"https:\/\/corrientesdetarde.com\/wp-content\/uploads\/2024\/12\/image-744-1024x699.png\" alt=\"\" class=\"wp-image-179481\" srcset=\"https:\/\/corrientesdetarde.com\/wp-content\/uploads\/2024\/12\/image-744-1024x699.png 1024w, https:\/\/corrientesdetarde.com\/wp-content\/uploads\/2024\/12\/image-744-300x205.png 300w, https:\/\/corrientesdetarde.com\/wp-content\/uploads\/2024\/12\/image-744-768x524.png 768w, https:\/\/corrientesdetarde.com\/wp-content\/uploads\/2024\/12\/image-744.png 1280w\" sizes=\"auto, (max-width: 1024px) 100vw, 1024px\" \/><\/figure>\n\n\n\n<figure class=\"wp-block-image size-full\"><img loading=\"lazy\" decoding=\"async\" width=\"818\" height=\"543\" src=\"https:\/\/corrientesdetarde.com\/wp-content\/uploads\/2024\/12\/image-745.png\" alt=\"\" class=\"wp-image-179482\" srcset=\"https:\/\/corrientesdetarde.com\/wp-content\/uploads\/2024\/12\/image-745.png 818w, https:\/\/corrientesdetarde.com\/wp-content\/uploads\/2024\/12\/image-745-300x199.png 300w, https:\/\/corrientesdetarde.com\/wp-content\/uploads\/2024\/12\/image-745-768x510.png 768w\" sizes=\"auto, (max-width: 818px) 100vw, 818px\" \/><\/figure>\n\n\n\n<figure class=\"wp-block-image size-large\"><img loading=\"lazy\" decoding=\"async\" width=\"1024\" height=\"683\" src=\"https:\/\/corrientesdetarde.com\/wp-content\/uploads\/2024\/12\/image-746-1024x683.png\" alt=\"\" class=\"wp-image-179483\" srcset=\"https:\/\/corrientesdetarde.com\/wp-content\/uploads\/2024\/12\/image-746-1024x683.png 1024w, https:\/\/corrientesdetarde.com\/wp-content\/uploads\/2024\/12\/image-746-300x200.png 300w, https:\/\/corrientesdetarde.com\/wp-content\/uploads\/2024\/12\/image-746-768x512.png 768w, https:\/\/corrientesdetarde.com\/wp-content\/uploads\/2024\/12\/image-746-1536x1024.png 1536w, https:\/\/corrientesdetarde.com\/wp-content\/uploads\/2024\/12\/image-746.png 1599w\" sizes=\"auto, (max-width: 1024px) 100vw, 1024px\" \/><\/figure>\n","protected":false},"excerpt":{"rendered":"<p>Apuntando al intercambio cultural y tur\u00edstico, se realiz\u00f3 este lunes la reapertura del paso fronterizo entre Argentina y Paraguay, por medio de las ciudades de Ituzaing\u00f3 y Ayolas, respectivamente, sobre&hellip; <\/p>\n","protected":false},"author":8,"featured_media":179480,"comment_status":"closed","ping_status":"open","sticky":false,"template":"","format":"standard","meta":{"footnotes":""},"categories":[8],"tags":[],"class_list":["post-179473","post","type-post","status-publish","format-standard","has-post-thumbnail","hentry","category-locales"],"_links":{"self":[{"href":"https:\/\/corrientesdetarde.com\/index.php\/wp-json\/wp\/v2\/posts\/179473","targetHints":{"allow":["GET"]}}],"collection":[{"href":"https:\/\/corrientesdetarde.com\/index.php\/wp-json\/wp\/v2\/posts"}],"about":[{"href":"https:\/\/corrientesdetarde.com\/index.php\/wp-json\/wp\/v2\/types\/post"}],"author":[{"embeddable":true,"href":"https:\/\/corrientesdetarde.com\/index.php\/wp-json\/wp\/v2\/users\/8"}],"replies":[{"embeddable":true,"href":"https:\/\/corrientesdetarde.com\/index.php\/wp-json\/wp\/v2\/comments?post=179473"}],"version-history":[{"count":1,"href":"https:\/\/corrientesdetarde.com\/index.php\/wp-json\/wp\/v2\/posts\/179473\/revisions"}],"predecessor-version":[{"id":179484,"href":"https:\/\/corrientesdetarde.com\/index.php\/wp-json\/wp\/v2\/posts\/179473\/revisions\/179484"}],"wp:featuredmedia":[{"embeddable":true,"href":"https:\/\/corrientesdetarde.com\/index.php\/wp-json\/wp\/v2\/media\/179480"}],"wp:attachment":[{"href":"https:\/\/corrientesdetarde.com\/index.php\/wp-json\/wp\/v2\/media?parent=179473"}],"wp:term":[{"taxonomy":"category","embeddable":true,"href":"https:\/\/corrientesdetarde.com\/index.php\/wp-json\/wp\/v2\/categories?post=179473"},{"taxonomy":"post_tag","embeddable":true,"href":"https:\/\/corrientesdetarde.com\/index.php\/wp-json\/wp\/v2\/tags?post=179473"}],"curies":[{"name":"wp","href":"https:\/\/api.w.org\/{rel}","templated":true}]}}