{"id":179485,"date":"2024-12-16T13:40:16","date_gmt":"2024-12-16T16:40:16","guid":{"rendered":"https:\/\/corrientesdetarde.com\/?p=179485"},"modified":"2024-12-16T13:40:21","modified_gmt":"2024-12-16T16:40:21","slug":"tras-la-audicion-quedo-conformado-el-ballet-oficial-de-la-34a-fiesta-nacional-del-chamame","status":"publish","type":"post","link":"https:\/\/corrientesdetarde.com\/index.php\/cultura\/tras-la-audicion-quedo-conformado-el-ballet-oficial-de-la-34a-fiesta-nacional-del-chamame\/","title":{"rendered":"Tras la audici\u00f3n, qued\u00f3 conformado el Ballet\u00a0Oficial de la 34\u00aa Fiesta Nacional del Chamam\u00e9"},"content":{"rendered":"\n<p>El Instituto de Cultura de Corrientes realiz\u00f3 el domingo en el Colegio Pio XI, la audici\u00f3n de los bailarines que formar\u00e1n parte del Ballet Oficial de la 34\u00aa Fiesta Nacional del Chamam\u00e9, dirigido por el maestro Luis Marinoni. De esta forma, los seleccionados se incorporar\u00e1n al elenco art\u00edstico para poner en escena obras de identidad originaria, hist\u00f3rica, paisaj\u00edstica y contempor\u00e1nea.<\/p>\n\n\n\n<p>\u201cEl Ballet hace tiempo que est\u00e1 alineado a la propuesta general de la Fiesta. En la audici\u00f3n buscamos resaltar los atributos art\u00edsticos de cada bailar\u00edn\u201d, destac\u00f3 el core\u00f3grafo Luis Marinoni, al dirigirse a los m\u00e1s de cien bailarines que se presentaron buscando un lugar en el Ballet Oficial.<\/p>\n\n\n\n<p>En nombre de la presidente del Instituto de Cultura de la Provincia, Beatriz Kunin, le agradeci\u00f3 a cada bailar\u00edn su inter\u00e9s por participar de la audici\u00f3n y querer formar parte de la m\u00e1xima celebraci\u00f3n chamamecera que se desarrollar\u00e1 del 17 al 26 de enero de 2025, con epicentro en el anfiteatro Mario del Tr\u00e1nsito Cocomarola.<\/p>\n\n\n\n<p><strong>Elegidos<\/strong><\/p>\n\n\n\n<p>El elenco del Ballet Oficial de la 34\u00aa Fiesta Nacional del Chamam\u00e9 estar\u00e1 conformado por bailarines y bailarinas de Corrientes, Chaco, Misiones, Formosa e incluso del Paraguay.<\/p>\n\n\n\n<p>Para esta edici\u00f3n, se incorporar\u00e1n: Marcos L\u00f3pez, Juan Cruz Manrique, Miqueas Benito Bernacki, Emanuel Adri\u00e1n Mart\u00ednez, Santiago Gigliese, Tomas Yoshiura, Sergio Grosenne L\u00f3pez, Lautaro Abatte, Alice Geraldine B\u00e1ez, Luciana Antonella Carosino, Antonella Ayala Gonz\u00e1lez, Alejandra Rojas Schalz, Julieta Leguizam\u00f3n, Vise\u00e9 Guerra, Marilyn De Paula Santos y Roc\u00edo Candela B\u00e1ez N\u00fa\u00f1ez.<\/p>\n\n\n\n<p>Durante la audici\u00f3n hubo un clima que iba entre el nerviosismo, la tensi\u00f3n y la felicidad cuando los parlantes empujaban la m\u00fasica para bailar. Los cuerpos se acompasaban en ritmos que iban m\u00e1s all\u00e1 del chamam\u00e9.<\/p>\n\n\n\n<p>\u201cLa Fiesta tiene un sentido de federaci\u00f3n al incorporar bailarines de distintos puntos de la regi\u00f3n. El Ballet Oficial hace tiempo que est\u00e1 alineado a la propuesta general de la Fiesta y, en ese sentido, vamos a trabajar a partir de este lunes 16 de diciembre para llegar de la mejor manera a las fechas centrales de la celebraci\u00f3n chamamecera\u201d, destac\u00f3 el director del ballet, Luis Marinoni.<\/p>\n\n\n\n<figure class=\"wp-block-image size-large\"><img loading=\"lazy\" decoding=\"async\" width=\"1024\" height=\"576\" src=\"https:\/\/corrientesdetarde.com\/wp-content\/uploads\/2024\/12\/image-749-1024x576.png\" alt=\"\" class=\"wp-image-179488\" srcset=\"https:\/\/corrientesdetarde.com\/wp-content\/uploads\/2024\/12\/image-749-1024x576.png 1024w, https:\/\/corrientesdetarde.com\/wp-content\/uploads\/2024\/12\/image-749-300x169.png 300w, https:\/\/corrientesdetarde.com\/wp-content\/uploads\/2024\/12\/image-749-768x432.png 768w, https:\/\/corrientesdetarde.com\/wp-content\/uploads\/2024\/12\/image-749-1536x864.png 1536w, https:\/\/corrientesdetarde.com\/wp-content\/uploads\/2024\/12\/image-749.png 2048w\" sizes=\"auto, (max-width: 1024px) 100vw, 1024px\" \/><\/figure>\n\n\n\n<figure class=\"wp-block-image size-large\"><img loading=\"lazy\" decoding=\"async\" width=\"1024\" height=\"683\" src=\"https:\/\/corrientesdetarde.com\/wp-content\/uploads\/2024\/12\/image-750-1024x683.png\" alt=\"\" class=\"wp-image-179489\" srcset=\"https:\/\/corrientesdetarde.com\/wp-content\/uploads\/2024\/12\/image-750-1024x683.png 1024w, https:\/\/corrientesdetarde.com\/wp-content\/uploads\/2024\/12\/image-750-300x200.png 300w, https:\/\/corrientesdetarde.com\/wp-content\/uploads\/2024\/12\/image-750-768x512.png 768w, https:\/\/corrientesdetarde.com\/wp-content\/uploads\/2024\/12\/image-750-1536x1024.png 1536w, https:\/\/corrientesdetarde.com\/wp-content\/uploads\/2024\/12\/image-750.png 2048w\" sizes=\"auto, (max-width: 1024px) 100vw, 1024px\" \/><\/figure>\n\n\n\n<figure class=\"wp-block-image size-large\"><img loading=\"lazy\" decoding=\"async\" width=\"1024\" height=\"683\" src=\"https:\/\/corrientesdetarde.com\/wp-content\/uploads\/2024\/12\/image-751-1024x683.png\" alt=\"\" class=\"wp-image-179490\" srcset=\"https:\/\/corrientesdetarde.com\/wp-content\/uploads\/2024\/12\/image-751-1024x683.png 1024w, https:\/\/corrientesdetarde.com\/wp-content\/uploads\/2024\/12\/image-751-300x200.png 300w, https:\/\/corrientesdetarde.com\/wp-content\/uploads\/2024\/12\/image-751-768x512.png 768w, https:\/\/corrientesdetarde.com\/wp-content\/uploads\/2024\/12\/image-751-1536x1024.png 1536w, https:\/\/corrientesdetarde.com\/wp-content\/uploads\/2024\/12\/image-751.png 2048w\" sizes=\"auto, (max-width: 1024px) 100vw, 1024px\" \/><\/figure>\n\n\n\n<figure class=\"wp-block-image size-large\"><img loading=\"lazy\" decoding=\"async\" width=\"1024\" height=\"683\" src=\"https:\/\/corrientesdetarde.com\/wp-content\/uploads\/2024\/12\/image-752-1024x683.png\" alt=\"\" class=\"wp-image-179491\" srcset=\"https:\/\/corrientesdetarde.com\/wp-content\/uploads\/2024\/12\/image-752-1024x683.png 1024w, https:\/\/corrientesdetarde.com\/wp-content\/uploads\/2024\/12\/image-752-300x200.png 300w, https:\/\/corrientesdetarde.com\/wp-content\/uploads\/2024\/12\/image-752-768x512.png 768w, https:\/\/corrientesdetarde.com\/wp-content\/uploads\/2024\/12\/image-752-1536x1024.png 1536w, https:\/\/corrientesdetarde.com\/wp-content\/uploads\/2024\/12\/image-752.png 2048w\" sizes=\"auto, (max-width: 1024px) 100vw, 1024px\" \/><\/figure>\n\n\n\n<figure class=\"wp-block-image size-large\"><img loading=\"lazy\" decoding=\"async\" width=\"1024\" height=\"1024\" src=\"https:\/\/corrientesdetarde.com\/wp-content\/uploads\/2024\/12\/image-753-1024x1024.png\" alt=\"\" class=\"wp-image-179492\" srcset=\"https:\/\/corrientesdetarde.com\/wp-content\/uploads\/2024\/12\/image-753-1024x1024.png 1024w, https:\/\/corrientesdetarde.com\/wp-content\/uploads\/2024\/12\/image-753-300x300.png 300w, https:\/\/corrientesdetarde.com\/wp-content\/uploads\/2024\/12\/image-753-150x150.png 150w, https:\/\/corrientesdetarde.com\/wp-content\/uploads\/2024\/12\/image-753-768x768.png 768w, https:\/\/corrientesdetarde.com\/wp-content\/uploads\/2024\/12\/image-753-1536x1536.png 1536w, https:\/\/corrientesdetarde.com\/wp-content\/uploads\/2024\/12\/image-753.png 2048w\" sizes=\"auto, (max-width: 1024px) 100vw, 1024px\" \/><\/figure>\n\n\n\n<figure class=\"wp-block-image size-large\"><img loading=\"lazy\" decoding=\"async\" width=\"1024\" height=\"1024\" src=\"https:\/\/corrientesdetarde.com\/wp-content\/uploads\/2024\/12\/image-754-1024x1024.png\" alt=\"\" class=\"wp-image-179493\" srcset=\"https:\/\/corrientesdetarde.com\/wp-content\/uploads\/2024\/12\/image-754-1024x1024.png 1024w, https:\/\/corrientesdetarde.com\/wp-content\/uploads\/2024\/12\/image-754-300x300.png 300w, https:\/\/corrientesdetarde.com\/wp-content\/uploads\/2024\/12\/image-754-150x150.png 150w, https:\/\/corrientesdetarde.com\/wp-content\/uploads\/2024\/12\/image-754-768x768.png 768w, https:\/\/corrientesdetarde.com\/wp-content\/uploads\/2024\/12\/image-754-1536x1536.png 1536w, https:\/\/corrientesdetarde.com\/wp-content\/uploads\/2024\/12\/image-754.png 2048w\" sizes=\"auto, (max-width: 1024px) 100vw, 1024px\" \/><\/figure>\n\n\n\n<figure class=\"wp-block-image size-large\"><img loading=\"lazy\" decoding=\"async\" width=\"1024\" height=\"576\" src=\"https:\/\/corrientesdetarde.com\/wp-content\/uploads\/2024\/12\/image-755-1024x576.png\" alt=\"\" class=\"wp-image-179494\" srcset=\"https:\/\/corrientesdetarde.com\/wp-content\/uploads\/2024\/12\/image-755-1024x576.png 1024w, https:\/\/corrientesdetarde.com\/wp-content\/uploads\/2024\/12\/image-755-300x169.png 300w, https:\/\/corrientesdetarde.com\/wp-content\/uploads\/2024\/12\/image-755-768x432.png 768w, https:\/\/corrientesdetarde.com\/wp-content\/uploads\/2024\/12\/image-755-1536x864.png 1536w, https:\/\/corrientesdetarde.com\/wp-content\/uploads\/2024\/12\/image-755.png 2048w\" sizes=\"auto, (max-width: 1024px) 100vw, 1024px\" \/><\/figure>\n","protected":false},"excerpt":{"rendered":"<p>El Instituto de Cultura de Corrientes realiz\u00f3 el domingo en el Colegio Pio XI, la audici\u00f3n de los bailarines que formar\u00e1n parte del Ballet Oficial de la 34\u00aa Fiesta Nacional&hellip; <\/p>\n","protected":false},"author":8,"featured_media":179489,"comment_status":"closed","ping_status":"open","sticky":false,"template":"","format":"standard","meta":{"footnotes":""},"categories":[15],"tags":[],"class_list":["post-179485","post","type-post","status-publish","format-standard","has-post-thumbnail","hentry","category-cultura"],"_links":{"self":[{"href":"https:\/\/corrientesdetarde.com\/index.php\/wp-json\/wp\/v2\/posts\/179485","targetHints":{"allow":["GET"]}}],"collection":[{"href":"https:\/\/corrientesdetarde.com\/index.php\/wp-json\/wp\/v2\/posts"}],"about":[{"href":"https:\/\/corrientesdetarde.com\/index.php\/wp-json\/wp\/v2\/types\/post"}],"author":[{"embeddable":true,"href":"https:\/\/corrientesdetarde.com\/index.php\/wp-json\/wp\/v2\/users\/8"}],"replies":[{"embeddable":true,"href":"https:\/\/corrientesdetarde.com\/index.php\/wp-json\/wp\/v2\/comments?post=179485"}],"version-history":[{"count":1,"href":"https:\/\/corrientesdetarde.com\/index.php\/wp-json\/wp\/v2\/posts\/179485\/revisions"}],"predecessor-version":[{"id":179495,"href":"https:\/\/corrientesdetarde.com\/index.php\/wp-json\/wp\/v2\/posts\/179485\/revisions\/179495"}],"wp:featuredmedia":[{"embeddable":true,"href":"https:\/\/corrientesdetarde.com\/index.php\/wp-json\/wp\/v2\/media\/179489"}],"wp:attachment":[{"href":"https:\/\/corrientesdetarde.com\/index.php\/wp-json\/wp\/v2\/media?parent=179485"}],"wp:term":[{"taxonomy":"category","embeddable":true,"href":"https:\/\/corrientesdetarde.com\/index.php\/wp-json\/wp\/v2\/categories?post=179485"},{"taxonomy":"post_tag","embeddable":true,"href":"https:\/\/corrientesdetarde.com\/index.php\/wp-json\/wp\/v2\/tags?post=179485"}],"curies":[{"name":"wp","href":"https:\/\/api.w.org\/{rel}","templated":true}]}}