{"id":179496,"date":"2024-12-16T13:44:30","date_gmt":"2024-12-16T16:44:30","guid":{"rendered":"https:\/\/corrientesdetarde.com\/?p=179496"},"modified":"2024-12-16T13:44:34","modified_gmt":"2024-12-16T16:44:34","slug":"la-provincia-capacita-al-personal-el-aeropuerto-fernando-piragine-niveyro","status":"publish","type":"post","link":"https:\/\/corrientesdetarde.com\/index.php\/informacion-general\/la-provincia-capacita-al-personal-el-aeropuerto-fernando-piragine-niveyro\/","title":{"rendered":"La Provincia capacita al personal el Aeropuerto Fernando Piragine Niveyro"},"content":{"rendered":"\n<p>Con el objeto de profesionalizar&nbsp;al personal del Aeropuerto Internacional \u201cFernando Piragine Niveyro\u201d, el Gobierno provincial en forma permanente ofrece capacitaciones a sus agentes en procura de brindar una mejor prestaci\u00f3n de servicios al pasajero.<\/p>\n\n\n\n<p>En este sentido, el Ministerio de Obras y Servicios P\u00fablicos a trav\u00e9s de la Direcci\u00f3n Aeroportuaria Provincial viene facilitando diferentes capacitaciones y cursos para el personal de la estaci\u00f3n aeroportuaria.<\/p>\n\n\n\n<p>En la actualidad&nbsp; se vienen desarrollando cursos presenciales y online, de Operador de Pasarela Telesc\u00f3pica de Embarque, as\u00ed como de Servicios de Rampa, y capacitaciones en R.C.P. (Reanimaci\u00f3n Cardio Pulmonar)<\/p>\n\n\n\n<p><strong>Operador de Pasarela de Embarque<\/strong><\/p>\n\n\n\n<p>Este curso es dictado por Claudio Balzola, quien entre sus logros tiene haber estado por 10 a\u00f1os&nbsp; al frente del manejo de pasarelas del Aeroparque de la ciudad de Buenos Aires. De este curso presencial, realizado en las propias instalaciones del aeropuerto, participan cuatro agentes, precisamente responsables del manejo de la pasarela telesc\u00f3pica con que cuenta la aerostaci\u00f3n.<\/p>\n\n\n\n<p>Con este curso, de una semana de duraci\u00f3n,&nbsp; los agentes acent\u00faan sus conocimientos de c\u00f3mo operar pasarelas de embarque en sus fases de instalaci\u00f3n y retiro, siguiendo los procedimientos que garanticen la seguridad operacional, al tiempo de conocer la respuesta ante posibles contingencias que puedan presentarse en su manejo.<\/p>\n\n\n\n<p><strong>Operador de Servicio de Rampa<\/strong><\/p>\n\n\n\n<p>De esta capacitaci\u00f3n, de la cual participan 12 agentes del Piragine Niveyro,&nbsp; es brindada por calificados profesionales del Instituto Latinoamericano de Aviaci\u00f3n en forma on line.<\/p>\n\n\n\n<p>Dicho curso busca proporcionar las habilidades y el conocimiento necesarios para desempe\u00f1arte con \u00e9xito en esta funci\u00f3n crucial. Desde la carga y descarga de aeronaves hasta la coordinaci\u00f3n de equipos terrestres.<\/p>\n\n\n\n<p>Entre los temas abordados &nbsp;en la ocasi\u00f3n se cuentan: Principios de Control de Aer\u00f3dromos, operaciones en el Aeropuerto, prevenci\u00f3n de accidentes, el Factor Humano en el desarrollo de la actividad, legislaci\u00f3n y documentaci\u00f3n aeron\u00e1utica, sistema de Gesti\u00f3n de la Seguridad y AVSEC, entre otras cuestiones.<\/p>\n\n\n\n<p><strong>Capacitaci\u00f3n en R.C.P.<\/strong><\/p>\n\n\n\n<p>Por otra parte, el personal sanitario y de seguridad del Aeropuerto local en forma permanente se capacita en t\u00e9cnicas de Reanimaci\u00f3n Cardio Pulmonar, uso del DEA (Desfibrilador Externo Autom\u00e1tico), maniobra de Heimlich y primeros auxilios&nbsp; en adultos y pedi\u00e1tricos.<\/p>\n\n\n\n<p>La reciente capacitaci\u00f3n estuvo a cargo del D.E.S. y Sanidad Aeroportuaria, siendo los instructores la dra. Marta G\u00f3mez y el param\u00e9dico Andr\u00e9s Vel\u00e1zquez.<\/p>\n\n\n\n<figure class=\"wp-block-image size-full\"><img loading=\"lazy\" decoding=\"async\" width=\"576\" height=\"609\" src=\"https:\/\/corrientesdetarde.com\/wp-content\/uploads\/2024\/12\/image-756.png\" alt=\"\" class=\"wp-image-179497\" srcset=\"https:\/\/corrientesdetarde.com\/wp-content\/uploads\/2024\/12\/image-756.png 576w, https:\/\/corrientesdetarde.com\/wp-content\/uploads\/2024\/12\/image-756-284x300.png 284w\" sizes=\"auto, (max-width: 576px) 100vw, 576px\" \/><\/figure>\n\n\n\n<figure class=\"wp-block-image size-large\"><img loading=\"lazy\" decoding=\"async\" width=\"770\" height=\"1024\" src=\"https:\/\/corrientesdetarde.com\/wp-content\/uploads\/2024\/12\/image-757-770x1024.png\" alt=\"\" class=\"wp-image-179498\" srcset=\"https:\/\/corrientesdetarde.com\/wp-content\/uploads\/2024\/12\/image-757-770x1024.png 770w, https:\/\/corrientesdetarde.com\/wp-content\/uploads\/2024\/12\/image-757-226x300.png 226w, https:\/\/corrientesdetarde.com\/wp-content\/uploads\/2024\/12\/image-757-768x1021.png 768w, https:\/\/corrientesdetarde.com\/wp-content\/uploads\/2024\/12\/image-757-1155x1536.png 1155w, https:\/\/corrientesdetarde.com\/wp-content\/uploads\/2024\/12\/image-757-1540x2048.png 1540w, https:\/\/corrientesdetarde.com\/wp-content\/uploads\/2024\/12\/image-757.png 1724w\" sizes=\"auto, (max-width: 770px) 100vw, 770px\" \/><\/figure>\n\n\n\n<figure class=\"wp-block-image size-large\"><img loading=\"lazy\" decoding=\"async\" width=\"974\" height=\"1024\" src=\"https:\/\/corrientesdetarde.com\/wp-content\/uploads\/2024\/12\/image-758-974x1024.png\" alt=\"\" class=\"wp-image-179499\" srcset=\"https:\/\/corrientesdetarde.com\/wp-content\/uploads\/2024\/12\/image-758-974x1024.png 974w, https:\/\/corrientesdetarde.com\/wp-content\/uploads\/2024\/12\/image-758-285x300.png 285w, https:\/\/corrientesdetarde.com\/wp-content\/uploads\/2024\/12\/image-758-768x807.png 768w, https:\/\/corrientesdetarde.com\/wp-content\/uploads\/2024\/12\/image-758-1461x1536.png 1461w, https:\/\/corrientesdetarde.com\/wp-content\/uploads\/2024\/12\/image-758.png 1848w\" sizes=\"auto, (max-width: 974px) 100vw, 974px\" \/><\/figure>\n\n\n\n<figure class=\"wp-block-image size-large\"><img loading=\"lazy\" decoding=\"async\" width=\"1024\" height=\"473\" src=\"https:\/\/corrientesdetarde.com\/wp-content\/uploads\/2024\/12\/image-759-1024x473.png\" alt=\"\" class=\"wp-image-179500\" srcset=\"https:\/\/corrientesdetarde.com\/wp-content\/uploads\/2024\/12\/image-759-1024x473.png 1024w, https:\/\/corrientesdetarde.com\/wp-content\/uploads\/2024\/12\/image-759-300x139.png 300w, https:\/\/corrientesdetarde.com\/wp-content\/uploads\/2024\/12\/image-759-768x355.png 768w, https:\/\/corrientesdetarde.com\/wp-content\/uploads\/2024\/12\/image-759-1536x710.png 1536w, https:\/\/corrientesdetarde.com\/wp-content\/uploads\/2024\/12\/image-759-2048x946.png 2048w\" sizes=\"auto, (max-width: 1024px) 100vw, 1024px\" \/><\/figure>\n\n\n\n<figure class=\"wp-block-image size-large\"><img loading=\"lazy\" decoding=\"async\" width=\"1024\" height=\"768\" src=\"https:\/\/corrientesdetarde.com\/wp-content\/uploads\/2024\/12\/image-762-1024x768.png\" alt=\"\" class=\"wp-image-179503\" srcset=\"https:\/\/corrientesdetarde.com\/wp-content\/uploads\/2024\/12\/image-762-1024x768.png 1024w, https:\/\/corrientesdetarde.com\/wp-content\/uploads\/2024\/12\/image-762-300x225.png 300w, https:\/\/corrientesdetarde.com\/wp-content\/uploads\/2024\/12\/image-762-768x576.png 768w, https:\/\/corrientesdetarde.com\/wp-content\/uploads\/2024\/12\/image-762-1536x1152.png 1536w, https:\/\/corrientesdetarde.com\/wp-content\/uploads\/2024\/12\/image-762.png 1600w\" sizes=\"auto, (max-width: 1024px) 100vw, 1024px\" \/><\/figure>\n\n\n\n<figure class=\"wp-block-image size-large\"><img loading=\"lazy\" decoding=\"async\" width=\"1024\" height=\"459\" src=\"https:\/\/corrientesdetarde.com\/wp-content\/uploads\/2024\/12\/image-763-1024x459.png\" alt=\"\" class=\"wp-image-179504\" srcset=\"https:\/\/corrientesdetarde.com\/wp-content\/uploads\/2024\/12\/image-763-1024x459.png 1024w, https:\/\/corrientesdetarde.com\/wp-content\/uploads\/2024\/12\/image-763-300x135.png 300w, https:\/\/corrientesdetarde.com\/wp-content\/uploads\/2024\/12\/image-763-768x344.png 768w, https:\/\/corrientesdetarde.com\/wp-content\/uploads\/2024\/12\/image-763.png 1280w\" sizes=\"auto, (max-width: 1024px) 100vw, 1024px\" \/><\/figure>\n","protected":false},"excerpt":{"rendered":"<p>Con el objeto de profesionalizar&nbsp;al personal del Aeropuerto Internacional \u201cFernando Piragine Niveyro\u201d, el Gobierno provincial en forma permanente ofrece capacitaciones a sus agentes en procura de brindar una mejor prestaci\u00f3n&hellip; <\/p>\n","protected":false},"author":8,"featured_media":179504,"comment_status":"closed","ping_status":"open","sticky":false,"template":"","format":"standard","meta":{"footnotes":""},"categories":[1],"tags":[],"class_list":["post-179496","post","type-post","status-publish","format-standard","has-post-thumbnail","hentry","category-informacion-general"],"_links":{"self":[{"href":"https:\/\/corrientesdetarde.com\/index.php\/wp-json\/wp\/v2\/posts\/179496","targetHints":{"allow":["GET"]}}],"collection":[{"href":"https:\/\/corrientesdetarde.com\/index.php\/wp-json\/wp\/v2\/posts"}],"about":[{"href":"https:\/\/corrientesdetarde.com\/index.php\/wp-json\/wp\/v2\/types\/post"}],"author":[{"embeddable":true,"href":"https:\/\/corrientesdetarde.com\/index.php\/wp-json\/wp\/v2\/users\/8"}],"replies":[{"embeddable":true,"href":"https:\/\/corrientesdetarde.com\/index.php\/wp-json\/wp\/v2\/comments?post=179496"}],"version-history":[{"count":1,"href":"https:\/\/corrientesdetarde.com\/index.php\/wp-json\/wp\/v2\/posts\/179496\/revisions"}],"predecessor-version":[{"id":179505,"href":"https:\/\/corrientesdetarde.com\/index.php\/wp-json\/wp\/v2\/posts\/179496\/revisions\/179505"}],"wp:featuredmedia":[{"embeddable":true,"href":"https:\/\/corrientesdetarde.com\/index.php\/wp-json\/wp\/v2\/media\/179504"}],"wp:attachment":[{"href":"https:\/\/corrientesdetarde.com\/index.php\/wp-json\/wp\/v2\/media?parent=179496"}],"wp:term":[{"taxonomy":"category","embeddable":true,"href":"https:\/\/corrientesdetarde.com\/index.php\/wp-json\/wp\/v2\/categories?post=179496"},{"taxonomy":"post_tag","embeddable":true,"href":"https:\/\/corrientesdetarde.com\/index.php\/wp-json\/wp\/v2\/tags?post=179496"}],"curies":[{"name":"wp","href":"https:\/\/api.w.org\/{rel}","templated":true}]}}