{"id":179506,"date":"2024-12-16T14:14:51","date_gmt":"2024-12-16T17:14:51","guid":{"rendered":"https:\/\/corrientesdetarde.com\/?p=179506"},"modified":"2024-12-16T14:14:56","modified_gmt":"2024-12-16T17:14:56","slug":"gran-concurso-del-pan-dulce-y-el-budin","status":"publish","type":"post","link":"https:\/\/corrientesdetarde.com\/index.php\/sociales\/gran-concurso-del-pan-dulce-y-el-budin\/","title":{"rendered":"Gran concurso del Pan Dulce y el Bud\u00edn"},"content":{"rendered":"\n<p>Se realiz\u00f3 en el Parque Mitre el concurso del Mejor Pan Dulce y Bud\u00edn, organizado por el Ministerio de Desarrollo Social este domingo, en la Feria de Emprendedores.<\/p>\n\n\n\n<p>Bajo la coordinaci\u00f3n de la Direcci\u00f3n de Comercializaci\u00f3n, a cargo de D\u00e9bora Galarza Alcaraz,&nbsp;participaron de la competencia 26 emprendedores gastron\u00f3micos.&nbsp;Cada participante present\u00f3 dos muestras de productos.<\/p>\n\n\n\n<p>Como presidente del jurado particip\u00f3&nbsp;Estefan\u00eda Cutro -correntina por nacimiento y convicci\u00f3n- es ingeniera agr\u00f3noma con posgrados en Direcci\u00f3n de Empresas y Gesti\u00f3n de la Innovaci\u00f3n. Trabaja en el INTA Corrientes desde 2006, est\u00e1 a cargo del \u00e1rea de planificaci\u00f3n y participa en la Plataforma de Valorizaci\u00f3n de Alimentos. Es una de las mentoras de la Red de Cocineros del Iber\u00e1, coautora del libro La Cocina Correntina de Aurelio Schinini y columnista de cocina en &#8220;Hoja de Ruta&#8221;, de Multimedios El Litoral.<br>\u201cSusana tenia impecable el sabor tanto del pan dulce como el bud\u00edn, su presentaci\u00f3n personal y de su stand eran impecables por eso resulto ganadora del Mejor Pan Dulce y el Mejor Bud\u00edn. El segundo premio ten\u00eda los sabores m\u00e1s innovadores elaborado con productos locales mam\u00f3n, naranja confitada, miel\u201d,&nbsp;expres\u00f3 la presidente del jurado.<\/p>\n\n\n\n<p>Tambi\u00e9n la acompa\u00f1aron en la oportunidad,&nbsp;el profesor de la Escuela de Gastronom\u00eda, Mat\u00edas Ram\u00edrez y<br>Clara Gortari, directora de Juventud.<\/p>\n\n\n\n<p>En cuanto a espect\u00e1culo, actu\u00f3 en el escenario Guillermito Cabral.<br>Para la selecci\u00f3n de los ganadores se basaron en los siguientes aspectos:&nbsp;Presentaci\u00f3n de recetas, Presentaci\u00f3n personal, Originalidad y creatividad, Sabor, Aroma, Textura y Punto de cocci\u00f3n.<\/p>\n\n\n\n<p><strong>Ganadores<\/strong><br>1er premio, Rodr\u00edguez Susana.<br>2do premio, Ruiz Guillermo.<br>3er premio, Vargas Catherine.<\/p>\n\n\n\n<figure class=\"wp-block-image size-large\"><img loading=\"lazy\" decoding=\"async\" width=\"1024\" height=\"768\" src=\"https:\/\/corrientesdetarde.com\/wp-content\/uploads\/2024\/12\/image-764-1024x768.png\" alt=\"\" class=\"wp-image-179507\" srcset=\"https:\/\/corrientesdetarde.com\/wp-content\/uploads\/2024\/12\/image-764-1024x768.png 1024w, https:\/\/corrientesdetarde.com\/wp-content\/uploads\/2024\/12\/image-764-300x225.png 300w, https:\/\/corrientesdetarde.com\/wp-content\/uploads\/2024\/12\/image-764-768x576.png 768w, https:\/\/corrientesdetarde.com\/wp-content\/uploads\/2024\/12\/image-764-1536x1152.png 1536w, https:\/\/corrientesdetarde.com\/wp-content\/uploads\/2024\/12\/image-764.png 1600w\" sizes=\"auto, (max-width: 1024px) 100vw, 1024px\" \/><\/figure>\n\n\n\n<figure class=\"wp-block-image size-large\"><img loading=\"lazy\" decoding=\"async\" width=\"1024\" height=\"768\" src=\"https:\/\/corrientesdetarde.com\/wp-content\/uploads\/2024\/12\/image-765-1024x768.png\" alt=\"\" class=\"wp-image-179508\" srcset=\"https:\/\/corrientesdetarde.com\/wp-content\/uploads\/2024\/12\/image-765-1024x768.png 1024w, https:\/\/corrientesdetarde.com\/wp-content\/uploads\/2024\/12\/image-765-300x225.png 300w, https:\/\/corrientesdetarde.com\/wp-content\/uploads\/2024\/12\/image-765-768x576.png 768w, https:\/\/corrientesdetarde.com\/wp-content\/uploads\/2024\/12\/image-765-1536x1152.png 1536w, https:\/\/corrientesdetarde.com\/wp-content\/uploads\/2024\/12\/image-765.png 1600w\" sizes=\"auto, (max-width: 1024px) 100vw, 1024px\" \/><\/figure>\n\n\n\n<figure class=\"wp-block-image size-large\"><img loading=\"lazy\" decoding=\"async\" width=\"1024\" height=\"826\" src=\"https:\/\/corrientesdetarde.com\/wp-content\/uploads\/2024\/12\/image-767-1024x826.png\" alt=\"\" class=\"wp-image-179510\" srcset=\"https:\/\/corrientesdetarde.com\/wp-content\/uploads\/2024\/12\/image-767-1024x826.png 1024w, https:\/\/corrientesdetarde.com\/wp-content\/uploads\/2024\/12\/image-767-300x242.png 300w, https:\/\/corrientesdetarde.com\/wp-content\/uploads\/2024\/12\/image-767-768x619.png 768w, https:\/\/corrientesdetarde.com\/wp-content\/uploads\/2024\/12\/image-767.png 1400w\" sizes=\"auto, (max-width: 1024px) 100vw, 1024px\" \/><\/figure>\n\n\n\n<figure class=\"wp-block-image size-large\"><img loading=\"lazy\" decoding=\"async\" width=\"1024\" height=\"768\" src=\"https:\/\/corrientesdetarde.com\/wp-content\/uploads\/2024\/12\/image-768-1024x768.png\" alt=\"\" class=\"wp-image-179511\" srcset=\"https:\/\/corrientesdetarde.com\/wp-content\/uploads\/2024\/12\/image-768-1024x768.png 1024w, https:\/\/corrientesdetarde.com\/wp-content\/uploads\/2024\/12\/image-768-300x225.png 300w, https:\/\/corrientesdetarde.com\/wp-content\/uploads\/2024\/12\/image-768-768x576.png 768w, https:\/\/corrientesdetarde.com\/wp-content\/uploads\/2024\/12\/image-768-1536x1152.png 1536w, https:\/\/corrientesdetarde.com\/wp-content\/uploads\/2024\/12\/image-768.png 1600w\" sizes=\"auto, (max-width: 1024px) 100vw, 1024px\" \/><\/figure>\n","protected":false},"excerpt":{"rendered":"<p>Se realiz\u00f3 en el Parque Mitre el concurso del Mejor Pan Dulce y Bud\u00edn, organizado por el Ministerio de Desarrollo Social este domingo, en la Feria de Emprendedores. Bajo la&hellip; <\/p>\n","protected":false},"author":8,"featured_media":179509,"comment_status":"closed","ping_status":"open","sticky":false,"template":"","format":"standard","meta":{"footnotes":""},"categories":[17],"tags":[],"class_list":["post-179506","post","type-post","status-publish","format-standard","has-post-thumbnail","hentry","category-sociales"],"_links":{"self":[{"href":"https:\/\/corrientesdetarde.com\/index.php\/wp-json\/wp\/v2\/posts\/179506","targetHints":{"allow":["GET"]}}],"collection":[{"href":"https:\/\/corrientesdetarde.com\/index.php\/wp-json\/wp\/v2\/posts"}],"about":[{"href":"https:\/\/corrientesdetarde.com\/index.php\/wp-json\/wp\/v2\/types\/post"}],"author":[{"embeddable":true,"href":"https:\/\/corrientesdetarde.com\/index.php\/wp-json\/wp\/v2\/users\/8"}],"replies":[{"embeddable":true,"href":"https:\/\/corrientesdetarde.com\/index.php\/wp-json\/wp\/v2\/comments?post=179506"}],"version-history":[{"count":1,"href":"https:\/\/corrientesdetarde.com\/index.php\/wp-json\/wp\/v2\/posts\/179506\/revisions"}],"predecessor-version":[{"id":179512,"href":"https:\/\/corrientesdetarde.com\/index.php\/wp-json\/wp\/v2\/posts\/179506\/revisions\/179512"}],"wp:featuredmedia":[{"embeddable":true,"href":"https:\/\/corrientesdetarde.com\/index.php\/wp-json\/wp\/v2\/media\/179509"}],"wp:attachment":[{"href":"https:\/\/corrientesdetarde.com\/index.php\/wp-json\/wp\/v2\/media?parent=179506"}],"wp:term":[{"taxonomy":"category","embeddable":true,"href":"https:\/\/corrientesdetarde.com\/index.php\/wp-json\/wp\/v2\/categories?post=179506"},{"taxonomy":"post_tag","embeddable":true,"href":"https:\/\/corrientesdetarde.com\/index.php\/wp-json\/wp\/v2\/tags?post=179506"}],"curies":[{"name":"wp","href":"https:\/\/api.w.org\/{rel}","templated":true}]}}