{"id":179523,"date":"2024-12-16T14:20:56","date_gmt":"2024-12-16T17:20:56","guid":{"rendered":"https:\/\/corrientesdetarde.com\/?p=179523"},"modified":"2024-12-16T14:21:00","modified_gmt":"2024-12-16T17:21:00","slug":"villarruel-se-defiende-de-las-amenazas-twitteras-de-milei","status":"publish","type":"post","link":"https:\/\/corrientesdetarde.com\/index.php\/politica\/villarruel-se-defiende-de-las-amenazas-twitteras-de-milei\/","title":{"rendered":"VILLARRUEL SE DEFIENDE DE LAS AMENAZAS TWITTERAS DE MILEI"},"content":{"rendered":"\n<p>(Pablo Roma, Congreso de la Naci\u00f3n) &#8211; La Vicepresidente cruz\u00f3 a un abogado oficialista: &#8220;Por favor publiquen los &#8220;dos carpetazos&#8221;.<br>Victoria Villarruel acus\u00f3 al abogado oficialista Alejandro Sarubbi Ben\u00edtez y a su entorno de realizar inteligencia en su contra, amenazando con iniciar acciones legales. &#8220;Estoy ansiosa por saber que hacen inteligencia contra m\u00ed y mi familia&#8221;, afirm\u00f3 Villarruel en respuesta a un posteo burl\u00f3n del letrado, conocido por su cercan\u00eda al gobierno de Javier Milei.<\/p>\n\n\n\n<p>El enfrentamiento se produce en medio de tensiones crecientes entre sectores libertarios, marcadas por la reciente destituci\u00f3n de Edgardo Kueider en el Senado, una movida que algunos calificaron como \u201cmaniobra distractora\u201d. Seg\u00fan Villarruel, el oficialismo utiliza comunicadores y medios aliados para atacar a figuras cr\u00edticas dentro del espacio gobernante.<\/p>\n\n\n\n<p>El pasado domingo 15 de diciembre, Villarruel intent\u00f3 bajar el tono de las internas a trav\u00e9s de un mensaje en sus redes sociales: \u201cAnte comunicados recientes de algunos partidos pol\u00edticos que se arrogan la representaci\u00f3n de mi persona y mis ideas, quiero expresar que hoy no hay lugar para la \u2018moderaci\u00f3n\u2019. No estoy participando de ning\u00fan armado pol\u00edtico, y cuando lo haga, ser\u00e1 donde el presidente Milei me lo pida\u201d.<\/p>\n\n\n\n<p>Las declaraciones de la vicepresidenta reflejan la tensi\u00f3n pol\u00edtica interna y exponen el clima de desconfianza dentro del oficialismo, que enfrenta cuestionamientos tanto de sus opositores como de sectores afines.<\/p>\n","protected":false},"excerpt":{"rendered":"<p>(Pablo Roma, Congreso de la Naci\u00f3n) &#8211; La Vicepresidente cruz\u00f3 a un abogado oficialista: &#8220;Por favor publiquen los &#8220;dos carpetazos&#8221;.Victoria Villarruel acus\u00f3 al abogado oficialista Alejandro Sarubbi Ben\u00edtez y a&hellip; <\/p>\n","protected":false},"author":11,"featured_media":158562,"comment_status":"closed","ping_status":"open","sticky":false,"template":"","format":"standard","meta":{"footnotes":""},"categories":[3],"tags":[],"class_list":["post-179523","post","type-post","status-publish","format-standard","has-post-thumbnail","hentry","category-politica"],"_links":{"self":[{"href":"https:\/\/corrientesdetarde.com\/index.php\/wp-json\/wp\/v2\/posts\/179523","targetHints":{"allow":["GET"]}}],"collection":[{"href":"https:\/\/corrientesdetarde.com\/index.php\/wp-json\/wp\/v2\/posts"}],"about":[{"href":"https:\/\/corrientesdetarde.com\/index.php\/wp-json\/wp\/v2\/types\/post"}],"author":[{"embeddable":true,"href":"https:\/\/corrientesdetarde.com\/index.php\/wp-json\/wp\/v2\/users\/11"}],"replies":[{"embeddable":true,"href":"https:\/\/corrientesdetarde.com\/index.php\/wp-json\/wp\/v2\/comments?post=179523"}],"version-history":[{"count":2,"href":"https:\/\/corrientesdetarde.com\/index.php\/wp-json\/wp\/v2\/posts\/179523\/revisions"}],"predecessor-version":[{"id":179527,"href":"https:\/\/corrientesdetarde.com\/index.php\/wp-json\/wp\/v2\/posts\/179523\/revisions\/179527"}],"wp:featuredmedia":[{"embeddable":true,"href":"https:\/\/corrientesdetarde.com\/index.php\/wp-json\/wp\/v2\/media\/158562"}],"wp:attachment":[{"href":"https:\/\/corrientesdetarde.com\/index.php\/wp-json\/wp\/v2\/media?parent=179523"}],"wp:term":[{"taxonomy":"category","embeddable":true,"href":"https:\/\/corrientesdetarde.com\/index.php\/wp-json\/wp\/v2\/categories?post=179523"},{"taxonomy":"post_tag","embeddable":true,"href":"https:\/\/corrientesdetarde.com\/index.php\/wp-json\/wp\/v2\/tags?post=179523"}],"curies":[{"name":"wp","href":"https:\/\/api.w.org\/{rel}","templated":true}]}}