{"id":179525,"date":"2024-12-16T14:21:37","date_gmt":"2024-12-16T17:21:37","guid":{"rendered":"https:\/\/corrientesdetarde.com\/?p=179525"},"modified":"2024-12-16T14:21:38","modified_gmt":"2024-12-16T17:21:38","slug":"se-inicia-la-temporada-de-verano-en-goya","status":"publish","type":"post","link":"https:\/\/corrientesdetarde.com\/index.php\/interior\/se-inicia-la-temporada-de-verano-en-goya\/","title":{"rendered":"Se inicia la temporada de verano en Goya"},"content":{"rendered":"\n<p>En la noche del s\u00e1bado en un revalorizado espacio p\u00fablico de la zona costera, la Playa El Inga se dej\u00f3 habilitada la temporada de verano, en la denominada por imposici\u00f3n de los vecinos, Costanera Norte, inaugurando las obras de accesos, la iluminaci\u00f3n en todo ese sector de la ciudad.<br><br>La apertura cont\u00f3 con la presencia del Subsecretario de Promoci\u00f3n Tur\u00edstica de la Provincia Oscar Macias, el Secretario de Turismo Sebasti\u00e1n Candia, el Secretario de Gobierno Pablo Fern\u00e1ndez; el Secretario de Desarrollo Humano Julio Canteros, la Secretaria de Educaci\u00f3n Sonia Espina, el Secretario de Obras y Servicios P\u00fablicos Guillermo Peluffo; la titular de la Comisaria 2\u00aa Comisario Inspector Carmen Errecalde; el Jefe de la Prefectura Goya Prefecto Waldir Reinaldo Nake; funcionarios municipales, provinciales, concejales, prestadores de servicios, del Paseo Gastron\u00f3mico, p\u00fablico en general.<br><br>En la apertura se valor\u00f3 el servicio que prestar\u00e1n durante la temporada EMU (El equipo de emergencia municipal) los Guardavidas, dependientes de la Direcci\u00f3n de Deportes y la Polic\u00eda Tur\u00edstica.<br><br>Tras la recorrida por la revalorizada Playa El Inga, se pudo disfrutar del primer espect\u00e1culo ofrecido para la apertura de la Temporada, con una movida anticipando los carnavales goyanos, con show de bater\u00edas, la presencia de la Reina del Carnaval \u00c1ngeles Torales, el Rey del Carnaval Marcos Mart\u00ednez y pasistas de las diferentes comparsas locales y la Banda Os Demonio.<br><br>SEBASTIAN CANDIA<br><br>El Secretario de Turismo Sebasti\u00e1n Candia, calific\u00f3 de momento de enorme gratificaci\u00f3n esta apertura, destacando el beneficio de las obras en la zona de La Playita, para se\u00f1alar: \u201cEstamos iniciando una nueva temporada de verano cargada de eventos, la Municipalidad en su totalidad trabaja para brindar m\u00e1s y mejores servicios, una nutrida programaci\u00f3n en su gran mayor\u00eda con car\u00e1cter libre y gratuito, no digo todos, porque los carnavales tienen un costo, valoro los avances de la ciudad en materia tur\u00edstica, este ser\u00e1 el lugar de encuentro, de reuni\u00f3n de muchas familias, a tal punto que nos sugieren la denominaci\u00f3n de \u201cCostanera Norte\u201d, que se apreciara a partir del encendido de las nuevas luces instaladas, agradezco el posicionamiento otorgado por la gesti\u00f3n, por el Intendente al Turismo, el anhelo es poder disfrutar del espacio, en familia.\u201d<br><br>CARMEN ERRECALDE<br><br>La Titular de la Comisar\u00eda 2\u00aa la Comisario Inspector Carmen Errecalde, en su intervenci\u00f3n mencion\u00f3 las acciones de la Polic\u00eda Tur\u00edstica: \u201cFelicito por estas obras, por embellecer este atractivo tur\u00edstico, estamos comprometidos con el trabajo preventivo, por eso la Polic\u00eda Tur\u00edstica est\u00e1 dispuesto en este sector desde la apertura de la Playita, hasta su cierre, el dispositivo comprende el recorrido, el caminar para informar, asesorar, para tratar de prevenir el delito y evitar la alteraci\u00f3n del orden, b\u00e1sicamente esa ser\u00e1 nuestra tarea.\u201d<br><br>MARIELA FERREIRA<br><br>En representaci\u00f3n de los prestadores de servicios, del Paseo Gastron\u00f3mico, Mariela Ferreira, agradeci\u00f3 la oportunidad para presentar a los visitantes los productos elaborados, para manifestar: \u201cAgradecemos tener nuestros espacios mejorados, la presencia de las familias, nos compromete a aumentar nuestro trabajo cada a\u00f1o, unidos con nuestros colegas para brindar nuestro mejor servicio, disfruten de estos lugares gastron\u00f3micos, especialmente del nuestro (Punto de Encuentro) para ofrecer lo mejor que tenemos, invitamos a las familias a disfrutar de esta temporada de verano con el desaf\u00edo que nos dan de seguir creciendo como pymes, como emprendedores para contribuir al crecimiento de la ciudad.\u201d<br><br>MARIANO HORMAECHEA<br><br>El Intendente Mariano Hormaechea, agradeci\u00f3 la presencia de funcionarios, concejales, fuerzas de seguridad, Polic\u00eda, Prefectura, a los embajadores del carnaval, a los guardavidas, al equipo EMU de APS, para recordar el cumplimiento del tercer a\u00f1o de gesti\u00f3n, para remarcar: \u201cHemos hecho un camino trabajando juntos en equipo, estamos inaugurando estas obras de revalorizaci\u00f3n de nuestra playa, me gusto esto de Costanera Norte, debemos evaluar ha crecido mucho este sector, se complementar\u00e1 cuando est\u00e9 concluida nuestra Costanera, esto podemos hacer porque tenemos un equipo, un plan de trabajo, una visi\u00f3n de ciudad, que lo venimos ejecutando, es un claro ejemplo como lo es el Parque Acu\u00e1tico una apuesta al desarrollo de la ciudad, estamos iniciando la temporada de verano 2025, en esta etapa hicimos la iluminaci\u00f3n de la Playa, del sector de la Peatonal muy utilizada, revalorizamos la plazoleta con juegos para los ni\u00f1os, colocamos elementos para la actividad f\u00edsica, los espacios para el juego playero futbol, v\u00f3ley, con la iluminaci\u00f3n se podr\u00e1n hacer torneos en estos deportes, en Rugby, generar espacios de oportunidades, con nuestros artistas, carnaval, moda, convocamos a nuestros artistas, pero pueden surgir la presencia de alg\u00fan artista invitado para recrear este programa.<br><br>Todo esto lo hacemos porque cuidamos los recursos y dinero de los vecinos invertidos en este lugar, hacemos porque tenemos una mirada responsable, de cumplir con la palabra empe\u00f1ada all\u00e1 en el 2021, el 14 de diciembre cuando asumimos la administraci\u00f3n municipal, con los ejes de trabajo desarrollo, modernizaci\u00f3n y la inclusi\u00f3n social, vamos en ese sentido, esta playa es inclusiva estamos presentando una \u201csilla anfibia\u201d para ser utilizada por personas con discapacidad motriz, para tomar contacto con el agua, con el rio, adem\u00e1s de las rampa de accesos, queremos seguir trabajando de esta manera, igual que lo hace el Concejo Deliberante para tener un presupuesto, poder seguir haciendo las obras planificadas, eso haremos en equipo, desde la Ciudad de Goya con el acompa\u00f1amiento del Gobierno Provincial, del Gobernador, siempre est\u00e1 para los goyanos, y para este equipo municipal, estamos convencidos que hemos avanzado en estos tres a\u00f1os, continuaremos en este sentido, mi agradecimiento a todo el equipo municipal al Secretario de Turismo Sebasti\u00e1n Candia, a la Subsecretaria de Planeamiento Luisina Leyes, al Director de Servicios Pedro Zarantonelli, a todo el equipo, a Uds. muchas gracias, disfruten del espect\u00e1culo de las comparsas y de la Banda Os Demonios.\u201d<br><br>Tras las palabras el Intendente Municipal Mariano Hormaechea, el Secretario de Turismo Sebasti\u00e1n Candia, la Reina del Carnaval \u00c1ngeles Torales, el Rey del Carnaval Marcos Mart\u00ednez, funcionarios, concejales, prestadores de servicios para dejar iluminada la \u201cCostanera Norte\u201d encendieron la \u201cllave\u201d y los presentes observaron la instalaci\u00f3n del nuevo sistema lum\u00ednico causando una sensaci\u00f3n de gran admiraci\u00f3n por lo contemplado.<br><br>SHOW Y CARNAVAL<br><br>Finalizada la recorrida por la Playita, por el Paseo Gastron\u00f3mico, el numeroso p\u00fablico que se dio cita en ese punto de encuentro disfruto de la grilla preparada para la apertura de la temporada con el show de las bater\u00edas \u201cAcad\u00e9micos\u201d de F\u00e9nix; \u201cDin\u00e1mica\u201d de Aymara con la participaci\u00f3n de los reyes del carnaval \u00c1ngeles Torales y Marcos Mart\u00ednez y pasistas de las comparsas It\u00e1 Vera; Aymara; Poramba; Arami; F\u00e9nix y Tropical, continuando desde el escenario con el espect\u00e1culo ofrecido por Os Demonios por espacio de una hora deleitando a los presentes sum\u00e1ndose al baile, en el final de su presentaci\u00f3n a su estilo cantaron temas de la movida tropical, el cierre de la noche inaugural de la temporada estival estuvo a cargo de la bater\u00eda de la siempre vigente comparsa \u201cSol\u201d, la Comparsa Tropical\u2026con los \u00faltimos acordes de parches. Zurdos se dio por finalizada la jornada inaugural de la temporada\u2026.<\/p>\n","protected":false},"excerpt":{"rendered":"<p>En la noche del s\u00e1bado en un revalorizado espacio p\u00fablico de la zona costera, la Playa El Inga se dej\u00f3 habilitada la temporada de verano, en la denominada por imposici\u00f3n&hellip; <\/p>\n","protected":false},"author":8,"featured_media":179528,"comment_status":"closed","ping_status":"open","sticky":false,"template":"","format":"standard","meta":{"footnotes":""},"categories":[1658],"tags":[],"class_list":["post-179525","post","type-post","status-publish","format-standard","has-post-thumbnail","hentry","category-interior"],"_links":{"self":[{"href":"https:\/\/corrientesdetarde.com\/index.php\/wp-json\/wp\/v2\/posts\/179525","targetHints":{"allow":["GET"]}}],"collection":[{"href":"https:\/\/corrientesdetarde.com\/index.php\/wp-json\/wp\/v2\/posts"}],"about":[{"href":"https:\/\/corrientesdetarde.com\/index.php\/wp-json\/wp\/v2\/types\/post"}],"author":[{"embeddable":true,"href":"https:\/\/corrientesdetarde.com\/index.php\/wp-json\/wp\/v2\/users\/8"}],"replies":[{"embeddable":true,"href":"https:\/\/corrientesdetarde.com\/index.php\/wp-json\/wp\/v2\/comments?post=179525"}],"version-history":[{"count":1,"href":"https:\/\/corrientesdetarde.com\/index.php\/wp-json\/wp\/v2\/posts\/179525\/revisions"}],"predecessor-version":[{"id":179529,"href":"https:\/\/corrientesdetarde.com\/index.php\/wp-json\/wp\/v2\/posts\/179525\/revisions\/179529"}],"wp:featuredmedia":[{"embeddable":true,"href":"https:\/\/corrientesdetarde.com\/index.php\/wp-json\/wp\/v2\/media\/179528"}],"wp:attachment":[{"href":"https:\/\/corrientesdetarde.com\/index.php\/wp-json\/wp\/v2\/media?parent=179525"}],"wp:term":[{"taxonomy":"category","embeddable":true,"href":"https:\/\/corrientesdetarde.com\/index.php\/wp-json\/wp\/v2\/categories?post=179525"},{"taxonomy":"post_tag","embeddable":true,"href":"https:\/\/corrientesdetarde.com\/index.php\/wp-json\/wp\/v2\/tags?post=179525"}],"curies":[{"name":"wp","href":"https:\/\/api.w.org\/{rel}","templated":true}]}}