{"id":179530,"date":"2024-12-16T14:24:29","date_gmt":"2024-12-16T17:24:29","guid":{"rendered":"https:\/\/corrientesdetarde.com\/?p=179530"},"modified":"2024-12-16T14:24:34","modified_gmt":"2024-12-16T17:24:34","slug":"reaparecio-bashar-al-assad-explico-por-que-escapo-a-rusia-y-dijo-que-siria-esta-en-manos-de-terroristas","status":"publish","type":"post","link":"https:\/\/corrientesdetarde.com\/index.php\/internacionales\/reaparecio-bashar-al-assad-explico-por-que-escapo-a-rusia-y-dijo-que-siria-esta-en-manos-de-terroristas\/","title":{"rendered":"Reapareci\u00f3 Bashar Al Assad: explic\u00f3 por qu\u00e9 escap\u00f3 a Rusia y dijo que Siria \u201cest\u00e1 en manos de terroristas\u201d"},"content":{"rendered":"\n<p>El exl\u00edder sirio dijo que no se plante\u00f3 la posibilidad de renunciar o solicitar asilo en otro pa\u00eds. Asegur\u00f3 que tiene intenci\u00f3n de \u201ccontinuar la lucha ante el avance de los terroristas\u201d.<\/p>\n\n\n\n<p>El depuesto presidente de Siria,&nbsp;<strong>Bashar Al Assad,&nbsp;<\/strong>se pronunci\u00f3 por primera vez este lunes luego de&nbsp;<strong>haber abandonado Damasco hace nueve d\u00edas&nbsp;<\/strong>para exiliarse en Rusia.<\/p>\n\n\n\n<p>La oficina de prensa del exl\u00edder sirio public\u00f3 un comunicado en el que dio l<strong>os motivos por los que escap\u00f3 a Mosc\u00fa,&nbsp;<\/strong>dijo que Siria est\u00e1 \u201cen manos de terroristas y asegur\u00f3 que tienen intenci\u00f3n de \u201c<strong>continuar la lucha\u201d.<\/strong><\/p>\n\n\n\n<p>El documento tiene fecha de este lunes, fue difundido por la red social Telegram y lleva el siguiente t\u00edtulo: \u201c<strong>Explicaci\u00f3n del presidente Bachar Al Assad sobre las circunstancias que le llevaron a marcharse de Siria\u201d.<\/strong><\/p>\n\n\n\n<p><strong>\u201cPresidente no puede ser una persona que renuncia al pueblo al que pertenece o que lo traiciona a \u00e9l y a su Ej\u00e9rcito\u201d,&nbsp;<\/strong>afirm\u00f3 Al Assad, quien gobernaba su pa\u00eds desde hace 24 a\u00f1os, tras la muerte de su padre Hafez en el 2000.<\/p>\n\n\n\n<p>En ese sentido, desminti\u00f3 las versiones sobre que hab\u00eda renunciado a su cargo: \u201cDurante los \u00faltimos acontecimientos<strong>&nbsp;no me plante\u00e9 ni una sola vez la posibilidad de renunciar<\/strong>&nbsp;o solicitar asilo en otro pa\u00eds, ni recib\u00ed ninguna propuesta al respecto\u201d.<\/p>\n\n\n\n<figure class=\"wp-block-image\"><img decoding=\"async\" src=\"https:\/\/tn.com.ar\/resizer\/v2\/segun-fuentes-militares-el-presidente-huyo-en-un-vuelo-de-la-fuerza-aerea-foto-afp-JCMFCQBX7ZGPVEWUTQEF2IDLIM.jpg?auth=bcd688b948f66e54f05a860ebeb7778a30f8c2591d4447fb7e1135d5fd7700a8&amp;width=767\" alt=\"Seg\u00fan fuentes militares, el presidente huy\u00f3 en un vuelo de la Fuerza A\u00e9rea. (Foto: AFP)\"\/><\/figure>\n\n\n\n<p>Luego, se refiri\u00f3 a la toma de poder por parte de los rebeldes sirios: \u201cAl llegar a la base (rusa) de Jemimim me enter\u00e9 de que&nbsp;<strong>nuestras tropas hab\u00edan abandonado todas sus posiciones\u201d.<\/strong><\/p>\n\n\n\n<p>Al Assad explic\u00f3 que escap\u00f3 hacia Mosc\u00fa, dado que la situaci\u00f3n en las zonas cercanas a la base \u00e1rea \u201cse deterior\u00f3 r\u00e1pidamente\u201dporque la instalaci\u00f3n fue \u201cobjeto de un ataque masivo con drones\u201d.&nbsp;<strong>\u201cMosc\u00fa exigi\u00f3 a la comandancia de la base que me evacuaran inmediatamente\u201d<\/strong>, se\u00f1al\u00f3.<\/p>\n\n\n\n<p>El exl\u00edder sirio asegur\u00f3 en el comunicado que mantiene la intenci\u00f3n de \u201c<strong>continuar la lucha ante el avance de los terroristas\u201d.&nbsp;<\/strong>\u201cCuando el Estado cae en manos de los terroristas, cualquier cargo pierde sentido\u201d, agreg\u00f3.<\/p>\n\n\n\n<p>A su vez, remarc\u00f3 que no siente haber traicionado a su pueblo: \u201cMi profundo sentimiento de pertenencia al pa\u00eds y al pueblo sirio&nbsp;<strong>me infunde esperanza de que Siria de nuevo ser\u00e1 un pa\u00eds libre e independiente\u201d<\/strong>.<\/p>\n\n\n\n<p>Seg\u00fan inform\u00f3 una fuente del Kremlin a las agencias locales,<strong>&nbsp;Al Assad recibi\u00f3 asilo en Rusia el pasado 8 de diciembre,<\/strong>&nbsp;pero desde entonces no se mostr\u00f3 p\u00fablicamente ni se han difundido im\u00e1genes sobre \u00e9l ni de su familia en Mosc\u00fa.<\/p>\n\n\n\n<p>Desde entonces, los rebeldes isl\u00e1micos que tomaron el poder en Damasco designaron como jefe de gobierno transitorio a&nbsp;<strong>Mohamad al Bashir<\/strong>, hasta ahora premier de facto del ejecutivo instalado en el basti\u00f3n insurgente de Idlib, en el noroeste de Siria.<\/p>\n\n\n\n<p>El nuevo mandatario ejercer\u00e1 sus funciones&nbsp;<strong>hasta el 1 de marzo,<\/strong>&nbsp;seg\u00fan anunci\u00f3 el martes de la semana pasada un comunicado oficial difundido por la televisi\u00f3n siria.<\/p>\n","protected":false},"excerpt":{"rendered":"<p>El exl\u00edder sirio dijo que no se plante\u00f3 la posibilidad de renunciar o solicitar asilo en otro pa\u00eds. Asegur\u00f3 que tiene intenci\u00f3n de \u201ccontinuar la lucha ante el avance de&hellip; <\/p>\n","protected":false},"author":8,"featured_media":179531,"comment_status":"closed","ping_status":"open","sticky":false,"template":"","format":"standard","meta":{"footnotes":""},"categories":[11],"tags":[],"class_list":["post-179530","post","type-post","status-publish","format-standard","has-post-thumbnail","hentry","category-internacionales"],"_links":{"self":[{"href":"https:\/\/corrientesdetarde.com\/index.php\/wp-json\/wp\/v2\/posts\/179530","targetHints":{"allow":["GET"]}}],"collection":[{"href":"https:\/\/corrientesdetarde.com\/index.php\/wp-json\/wp\/v2\/posts"}],"about":[{"href":"https:\/\/corrientesdetarde.com\/index.php\/wp-json\/wp\/v2\/types\/post"}],"author":[{"embeddable":true,"href":"https:\/\/corrientesdetarde.com\/index.php\/wp-json\/wp\/v2\/users\/8"}],"replies":[{"embeddable":true,"href":"https:\/\/corrientesdetarde.com\/index.php\/wp-json\/wp\/v2\/comments?post=179530"}],"version-history":[{"count":1,"href":"https:\/\/corrientesdetarde.com\/index.php\/wp-json\/wp\/v2\/posts\/179530\/revisions"}],"predecessor-version":[{"id":179532,"href":"https:\/\/corrientesdetarde.com\/index.php\/wp-json\/wp\/v2\/posts\/179530\/revisions\/179532"}],"wp:featuredmedia":[{"embeddable":true,"href":"https:\/\/corrientesdetarde.com\/index.php\/wp-json\/wp\/v2\/media\/179531"}],"wp:attachment":[{"href":"https:\/\/corrientesdetarde.com\/index.php\/wp-json\/wp\/v2\/media?parent=179530"}],"wp:term":[{"taxonomy":"category","embeddable":true,"href":"https:\/\/corrientesdetarde.com\/index.php\/wp-json\/wp\/v2\/categories?post=179530"},{"taxonomy":"post_tag","embeddable":true,"href":"https:\/\/corrientesdetarde.com\/index.php\/wp-json\/wp\/v2\/tags?post=179530"}],"curies":[{"name":"wp","href":"https:\/\/api.w.org\/{rel}","templated":true}]}}