{"id":179533,"date":"2024-12-16T14:27:14","date_gmt":"2024-12-16T17:27:14","guid":{"rendered":"https:\/\/corrientesdetarde.com\/?p=179533"},"modified":"2024-12-16T14:27:19","modified_gmt":"2024-12-16T17:27:19","slug":"el-gobierno-convocara-a-la-cgt-y-a-empresarios-para-reactivar-negociaciones-por-una-reforma-laboral","status":"publish","type":"post","link":"https:\/\/corrientesdetarde.com\/index.php\/politica\/el-gobierno-convocara-a-la-cgt-y-a-empresarios-para-reactivar-negociaciones-por-una-reforma-laboral\/","title":{"rendered":"El Gobierno convocar\u00e1 a la CGT y a empresarios para reactivar negociaciones por una reforma laboral"},"content":{"rendered":"\n<p>La Casa Rosada tambi\u00e9n busca profundizar el v\u00ednculo con los dirigentes sindicales dialoguistas tras la salida de Pablo Moyano de la conducci\u00f3n de la central obrera.<\/p>\n\n\n\n<p><a href=\"https:\/\/tn.com.ar\/autor\/Isalerno\/\"><\/a><\/p>\n\n\n\n<p><strong>El\u00a0Gobierno\u00a0convoc\u00f3 a la Confederaci\u00f3n General del Trabajo (CGT) y al Grupo de los Seis para avanzar en la composici\u00f3n de una mesa tripartita<\/strong>. El encuentro est\u00e1 previsto para este mi\u00e9rcoles en principio y se trata del primer acercamiento entre el Ejecutivo y la central sindical tras la salida del dirigente de Camioneros Pablo Moyano.<\/p>\n\n\n\n<p>La mesa pol\u00edtica de Naci\u00f3n&nbsp;<strong>busca profundizar el v\u00ednculo con los dirigentes sindicales dialoguistas en medio de las tensiones con Camioneros&nbsp;<\/strong>por la advertencia de Hugo Moyano de convocar a un paro nacional. Apunta adem\u00e1s a negociar una reforma laboral ampliada para tratar en las sesiones ordinarias durante 2025. Incluye tambi\u00e9n cambios en el r\u00e9gimen previsional.<\/p>\n\n\n\n<p><strong>El encargado de gestionar la reuni\u00f3n es el jefe de gabinete, Guillermo Francos<\/strong>. En Balcarce 50 esperan que participen el secretario general de la Uni\u00f3n Obrera de la Construcci\u00f3n (UOCRA), Gerardo Mart\u00ednez, H\u00e9ctor Daer (Sanidad), Carlos Acu\u00f1a (estaciones de servicio), Jos\u00e9 Luis Lingeri (Obras Sanitarias) y Andr\u00e9s Rodr\u00edguez (UPCN).<\/p>\n\n\n\n<p>La Casa Rosada cit\u00f3 tambi\u00e9n a Daniel Funes de Rioja (Uni\u00f3n Industrial Argentina), Gustavo Weiss (C\u00e1mara Argentina de la Construcci\u00f3n), Javier Bolzico (Asociaci\u00f3n de Bancos Argentinos), Adelmo Gabbi (Bolsa de Comercio de Buenos Aires), Natalio Mario Grinman (C\u00e1mara Argentina de Comercio) y Nicol\u00e1s Pino (Sociedad Rural Argentina).<\/p>\n\n\n\n<figure class=\"wp-block-image\"><img decoding=\"async\" src=\"https:\/\/tn.com.ar\/resizer\/v2\/hector-daer-octavio-arguello-carlos-acuna-y-hugo-moyano-el-nuevo-esquema-de-conduccion-de-la-cgt-foto-cgt-3TVCIGARI5DWXDSANQTQC7AU5U.jpg?auth=31b8ea4a0bba10c528f21bc6eff97ed0a5e9edb08e8b4e673c0df5dc8d4d1970&amp;width=767\" alt=\"H\u00e9ctor Daer, Octavio Arg\u00fcello, Carlos Acu\u00f1a y Hugo Moyano, el nuevo esquema de conducci\u00f3n de la CGT (Foto: CGT).\"\/><\/figure>\n\n\n\n<p><strong>La reforma laboral forma parte de las propuestas que quiere impulsar el Gobierno a trav\u00e9s del Consejo de Mayo<\/strong>, que busca concretar a principios de 2025. La mesa chica de Balcarce 50 busca negociar los pr\u00f3ximos cambios en la legislaci\u00f3n laboral con la CGT dialoguista. El secretario de Trabajo, Julio Cordero, encabeza las conversaciones.<\/p>\n\n\n\n<p>Apuntan a realizarle modificaciones a la Ley de Contrato de Trabajo (20.744) para incentivar la formalidad, de manera que haya m\u00e1s aportantes para el sistema previsional y que se ampl\u00eden las afiliaciones a los sindicatos. \u201c<strong>Queremos establecer un sistema de acuerdo entre privados<\/strong>\u00a0<strong>en el que no se metan m\u00e1s partes de las necesarias<\/strong>\u201d, expres\u00f3 <strong>\u00a0<\/strong>un funcionario.<\/p>\n\n\n\n<p>La Casa Rosada<strong>&nbsp;eval\u00faa tambi\u00e9n reducir impuestos al trabajo&nbsp;<\/strong>-como las cargas sociales- y se comprometi\u00f3 con la central gremial a no impulsar una reforma sindical en el corto plazo. Descarta presentar un proyecto de ley con los puntos del DNU 70\/23 que fueron frenados por la Justicia, como la optatividad del pago de la cuota solidaria.<\/p>\n\n\n\n<p><strong>Lo mismo aplica para la penalizaci\u00f3n de las asambleas de trabajadores y de las medidas de fuerza<\/strong>, junto con la eliminaci\u00f3n de la ultraactividad (pr\u00f3rroga) de los convenios colectivos, que busca imponer los acuerdos espec\u00edficos por sobre el resto. Tampoco tienen en carpeta limitar las elecciones sindicales y modificar el esquema de obras sociales.<\/p>\n\n\n\n<figure class=\"wp-block-image\"><img decoding=\"async\" src=\"https:\/\/tn.com.ar\/resizer\/v2\/el-secretario-de-trabajo-julio-cordero-y-la-cupula-de-la-cgt-foto-najuan-vargas-BOUSZGANZBFFDG5RL53NRXKBEI.jpg?auth=5eb279b54cbaeaf07837ca715f495b432622104ee6de08aaff71c5c22133e4b6&amp;width=767\" alt=\"El secretario de Trabajo, Julio Cordero, y la c\u00fapula de la CGT (FOTO: NA\/JUAN VARGAS).\"\/><\/figure>\n\n\n\n<p><strong>El Gobierno ya le realiz\u00f3 cambios a la reglamentaci\u00f3n de la reforma laboral que incluy\u00f3 en la Ley Bases<\/strong>&nbsp;por pedido de la CGT. Los equipos t\u00e9cnicos de Naci\u00f3n y de la central sindical trabajaron el texto en conjunto.<\/p>\n\n\n\n<p>Se trata del art\u00edculo 97 que&nbsp;<strong>establece que los independientes puedan contratar hasta tres trabajadores para un emprendimiento productivo<\/strong>&nbsp;sin que exista un v\u00ednculo de dependencia. Contiene el aporte individual de una cuota mensual que comprende el r\u00e9gimen previsional, la obra social y el seguro. Naci\u00f3n evit\u00f3 reglamentar el art\u00edculo 94, que penaliza bloqueos sindicales.<\/p>\n\n\n\n<p>El Ejecutivo&nbsp;<strong>ya sancion\u00f3 la creaci\u00f3n de un fondo de cese de desempleo optativo por convenio y actividad<\/strong>&nbsp;como el de la Uni\u00f3n Obrera de la Construcci\u00f3n (UOCRA) y dispuso el establecimiento de un per\u00edodo de prueba de seis meses con posibilidad de extensi\u00f3n a ocho meses en casos de empresas que tengan entre seis y cien trabajadores.<\/p>\n\n\n\n<p>La mesa chica ampliada de la CGT se reuni\u00f3 tras la renuncia Pablo Moyano -que fue reemplazado por Octavio Arg\u00fcello- y&nbsp;<strong>descart\u00f3 la convocatoria a un paro general<\/strong>. La central sindical ratific\u00f3 su voluntad de dialogar con la Casa Rosada. Hugo Moyano amenaz\u00f3 este viernes igualmente con lanzar medidas de fuerza si no logran cerrar la paritaria con un aumento salarial del 15% para el per\u00edodo diciembre-febrero.<\/p>\n","protected":false},"excerpt":{"rendered":"<p>La Casa Rosada tambi\u00e9n busca profundizar el v\u00ednculo con los dirigentes sindicales dialoguistas tras la salida de Pablo Moyano de la conducci\u00f3n de la central obrera. El\u00a0Gobierno\u00a0convoc\u00f3 a la Confederaci\u00f3n&hellip; <\/p>\n","protected":false},"author":8,"featured_media":179534,"comment_status":"closed","ping_status":"open","sticky":false,"template":"","format":"standard","meta":{"footnotes":""},"categories":[3],"tags":[],"class_list":["post-179533","post","type-post","status-publish","format-standard","has-post-thumbnail","hentry","category-politica"],"_links":{"self":[{"href":"https:\/\/corrientesdetarde.com\/index.php\/wp-json\/wp\/v2\/posts\/179533","targetHints":{"allow":["GET"]}}],"collection":[{"href":"https:\/\/corrientesdetarde.com\/index.php\/wp-json\/wp\/v2\/posts"}],"about":[{"href":"https:\/\/corrientesdetarde.com\/index.php\/wp-json\/wp\/v2\/types\/post"}],"author":[{"embeddable":true,"href":"https:\/\/corrientesdetarde.com\/index.php\/wp-json\/wp\/v2\/users\/8"}],"replies":[{"embeddable":true,"href":"https:\/\/corrientesdetarde.com\/index.php\/wp-json\/wp\/v2\/comments?post=179533"}],"version-history":[{"count":1,"href":"https:\/\/corrientesdetarde.com\/index.php\/wp-json\/wp\/v2\/posts\/179533\/revisions"}],"predecessor-version":[{"id":179535,"href":"https:\/\/corrientesdetarde.com\/index.php\/wp-json\/wp\/v2\/posts\/179533\/revisions\/179535"}],"wp:featuredmedia":[{"embeddable":true,"href":"https:\/\/corrientesdetarde.com\/index.php\/wp-json\/wp\/v2\/media\/179534"}],"wp:attachment":[{"href":"https:\/\/corrientesdetarde.com\/index.php\/wp-json\/wp\/v2\/media?parent=179533"}],"wp:term":[{"taxonomy":"category","embeddable":true,"href":"https:\/\/corrientesdetarde.com\/index.php\/wp-json\/wp\/v2\/categories?post=179533"},{"taxonomy":"post_tag","embeddable":true,"href":"https:\/\/corrientesdetarde.com\/index.php\/wp-json\/wp\/v2\/tags?post=179533"}],"curies":[{"name":"wp","href":"https:\/\/api.w.org\/{rel}","templated":true}]}}