{"id":179536,"date":"2024-12-16T14:30:06","date_gmt":"2024-12-16T17:30:06","guid":{"rendered":"https:\/\/corrientesdetarde.com\/?p=179536"},"modified":"2024-12-16T14:30:11","modified_gmt":"2024-12-16T17:30:11","slug":"la-fuerte-acusacion-del-arquero-de-talleres-contra-los-futbolistas-de-newells-juegan-por-plata","status":"publish","type":"post","link":"https:\/\/corrientesdetarde.com\/index.php\/deportes\/la-fuerte-acusacion-del-arquero-de-talleres-contra-los-futbolistas-de-newells-juegan-por-plata\/","title":{"rendered":"La fuerte acusaci\u00f3n del arquero de Talleres contra los futbolistas de Newell\u2019s: \u201cJuegan por plata\u201d"},"content":{"rendered":"\n<p>Guido Herrera, capit\u00e1n del equipo cordob\u00e9s, tuvo un encontronazo con sus rivales en medio de la definici\u00f3n de la Liga Profesional<\/p>\n\n\n\n<p><strong>La Liga Profesional<\/strong>\u00a0tuvo una definici\u00f3n apasionante: mientras\u00a0<strong>V\u00e9lez se enfrentaba con Hurac\u00e1n<\/strong>\u00a0en Liniers,\u00a0<strong>Talleres necesitaba vencer a Newell\u2019s<\/strong>en C\u00f3rdoba para mantener la ilusi\u00f3n de consagrarse campe\u00f3n por primera vez en su historia.<\/p>\n\n\n\n<p>Sin embargo, fue una jornada dura para el conjunto azul y blanco: cay\u00f3 3-1 ante la Lepra y el Fort\u00edn venci\u00f3 2-0 al Globo. De ese modo, se cerr\u00f3 el campeonato local y V\u00e9lez sum\u00f3 su decimoprimer t\u00edtulo del \u00e1mbito nacional.<\/p>\n\n\n\n<p>Antes del partido, las sospechas inundaron la definici\u00f3n del torneo:&nbsp;<strong>Newell\u2019s no pudo contar con siete jugadores<\/strong>&nbsp;por distintos motivos y se gener\u00f3 mucho revuelo sobre que \u201ciban a ir para atr\u00e1s\u201d.<\/p>\n\n\n\n<p>Sin embargo, desde el primer minuto del duelo en C\u00f3rdoba se vio todo lo contrario: los futbolistas de la Lepra jugaron para ganar y buscaron todo el tiempo atacar el arco rival.<\/p>\n\n\n\n<figure class=\"wp-block-image\"><img decoding=\"async\" src=\"https:\/\/tn.com.ar\/resizer\/v2\/talleres-perdio-con-newells-en-la-ultima-fecha-de-la-liga-profesional-foto-fotobaires-5JHJLOSYBNEGFDMM7WQTPW7YKA.jpg?auth=4d24f081b8093cf722d9596f8003d713c02d5c0c54855dcd857d97fcd6613de2&amp;width=767\" alt=\"Talleres perdi\u00f3 con Newell's en la \u00faltima fecha de la Liga Profesional. (Foto: Fotobaires).\"\/><\/figure>\n\n\n\n<p>De hecho, el arquero de Talleres se enoj\u00f3 e insinu\u00f3 que estaban jugando incentivados. En medio del partido, el capit\u00e1n apunt\u00f3 contra un jugador rival:&nbsp;<strong>\u201cJuegan por plata, nom\u00e1s. Vos tambi\u00e9n, todos\u201d<\/strong>.<\/p>\n\n\n\n<p>El emblema de la T despotric\u00f3 contra sus colegas porque entend\u00eda que hab\u00edan recibido dinero de V\u00e9lez y Hurac\u00e1n para ganarles el partido, ya que solo hab\u00eda conseguido una victoria en los \u00faltimos nueve partidos de la Liga Profesional.<\/p>\n\n\n\n<p>De todas maneras, todo qued\u00f3 ah\u00ed: Newell\u2019s gan\u00f3 el partido y Talleres no sali\u00f3 a protestar por esta situaci\u00f3n.<\/p>\n","protected":false},"excerpt":{"rendered":"<p>Guido Herrera, capit\u00e1n del equipo cordob\u00e9s, tuvo un encontronazo con sus rivales en medio de la definici\u00f3n de la Liga Profesional La Liga Profesional\u00a0tuvo una definici\u00f3n apasionante: mientras\u00a0V\u00e9lez se enfrentaba&hellip; <\/p>\n","protected":false},"author":8,"featured_media":179537,"comment_status":"closed","ping_status":"open","sticky":false,"template":"","format":"standard","meta":{"footnotes":""},"categories":[4],"tags":[],"class_list":["post-179536","post","type-post","status-publish","format-standard","has-post-thumbnail","hentry","category-deportes"],"_links":{"self":[{"href":"https:\/\/corrientesdetarde.com\/index.php\/wp-json\/wp\/v2\/posts\/179536","targetHints":{"allow":["GET"]}}],"collection":[{"href":"https:\/\/corrientesdetarde.com\/index.php\/wp-json\/wp\/v2\/posts"}],"about":[{"href":"https:\/\/corrientesdetarde.com\/index.php\/wp-json\/wp\/v2\/types\/post"}],"author":[{"embeddable":true,"href":"https:\/\/corrientesdetarde.com\/index.php\/wp-json\/wp\/v2\/users\/8"}],"replies":[{"embeddable":true,"href":"https:\/\/corrientesdetarde.com\/index.php\/wp-json\/wp\/v2\/comments?post=179536"}],"version-history":[{"count":1,"href":"https:\/\/corrientesdetarde.com\/index.php\/wp-json\/wp\/v2\/posts\/179536\/revisions"}],"predecessor-version":[{"id":179538,"href":"https:\/\/corrientesdetarde.com\/index.php\/wp-json\/wp\/v2\/posts\/179536\/revisions\/179538"}],"wp:featuredmedia":[{"embeddable":true,"href":"https:\/\/corrientesdetarde.com\/index.php\/wp-json\/wp\/v2\/media\/179537"}],"wp:attachment":[{"href":"https:\/\/corrientesdetarde.com\/index.php\/wp-json\/wp\/v2\/media?parent=179536"}],"wp:term":[{"taxonomy":"category","embeddable":true,"href":"https:\/\/corrientesdetarde.com\/index.php\/wp-json\/wp\/v2\/categories?post=179536"},{"taxonomy":"post_tag","embeddable":true,"href":"https:\/\/corrientesdetarde.com\/index.php\/wp-json\/wp\/v2\/tags?post=179536"}],"curies":[{"name":"wp","href":"https:\/\/api.w.org\/{rel}","templated":true}]}}