{"id":179539,"date":"2024-12-16T14:36:10","date_gmt":"2024-12-16T17:36:10","guid":{"rendered":"https:\/\/corrientesdetarde.com\/?p=179539"},"modified":"2024-12-16T14:36:15","modified_gmt":"2024-12-16T17:36:15","slug":"los-pobres-eran-la-casta-los-programas-sociales-sufrieron-un-recorte-del-45-durante-el-primer-ano-de-milei","status":"publish","type":"post","link":"https:\/\/corrientesdetarde.com\/index.php\/politica\/los-pobres-eran-la-casta-los-programas-sociales-sufrieron-un-recorte-del-45-durante-el-primer-ano-de-milei\/","title":{"rendered":"\u00bfLOS POBRES ERAN LA CASTA? LOS PROGRAMAS SOCIALES SUFRIERON UN RECORTE DEL 45% DURANTE EL PRIMER A\u00d1O DE MILEI"},"content":{"rendered":"\n<p>(Corresponal\u00eda Bueno sAires) &#8211; Los programas sociales, fundamentales para combatir la pobreza y la indigencia en Argentina, experimentaron un ajuste dr\u00e1stico durante el primer a\u00f1o de la gesti\u00f3n de Javier Milei. Seg\u00fan un informe de la Oficina de Presupuesto del Congreso (OPC), estas pol\u00edticas tuvieron un recorte real del 45,6%, impactando de forma directa a los sectores m\u00e1s vulnerables en un contexto en el que la pobreza alcanz\u00f3 el 52,9% y la indigencia se duplic\u00f3 al 18,1% en el primer semestre de 2024.<\/p>\n\n\n\n<p>La <strong>Tarjeta Alimentar<\/strong>, dise\u00f1ada para garantizar la canasta b\u00e1sica de ni\u00f1os y adolescentes, perdi\u00f3 un 14,3% de su poder adquisitivo en t\u00e9rminos reales, a pesar de haber ampliado su cobertura. En contraste, la Asignaci\u00f3n Universal por Hijo (AUH), que beneficia a cuatro millones de ni\u00f1os, aument\u00f3 su capacidad de compra en un 43%, lo que fue destacado como un logro por el Gobierno. Sin embargo, el centro de estudios Fundar se\u00f1al\u00f3 que este incremento fue insuficiente para compensar la ca\u00edda general de los ingresos populares, tanto laborales como no laborales.<\/p>\n\n\n\n<p>Uno de los m\u00e1s golpeados fue el programa <strong>Volver al Trabajo<\/strong> (antes Potenciar Trabajo), cuyo monto qued\u00f3 congelado en $78.000 mensuales desde la asunci\u00f3n de Milei, perdiendo un 53% de su valor en t\u00e9rminos reales. Las <strong>becas Progresar<\/strong> registraron una ca\u00edda a\u00fan mayor, del 64,2%, mientras que los fondos destinados a la atenci\u00f3n m\u00e9dica de beneficiarios de pensiones no contributivas disminuyeron un 12,4%.<\/p>\n\n\n\n<p>Por otro lado, algunas partidas mostraron incrementos significativos: el seguro de desempleo creci\u00f3 un 81,2% y el programa <strong>1000 d\u00edas<\/strong>, destinado a la atenci\u00f3n de la salud de embarazadas y ni\u00f1os peque\u00f1os, aument\u00f3 un 182% en t\u00e9rminos reales, marcando una excepci\u00f3n dentro del contexto de ajuste.<\/p>\n\n\n\n<h3 class=\"wp-block-heading\"><strong>Un ajuste con consecuencias sociales<\/strong><\/h3>\n\n\n\n<p>El recorte en los programas sociales se posicion\u00f3 como el tercer factor m\u00e1s relevante para la hist\u00f3rica reducci\u00f3n del gasto p\u00fablico, uno de los objetivos centrales de la administraci\u00f3n Milei. Las jubilaciones y pensiones encabezaron el ajuste, con una ca\u00edda real del 17,5% interanual, seg\u00fan la OPC. Aunque los haberes jubilatorios superiores al m\u00ednimo crecieron un 12,4% en t\u00e9rminos reales, los ingresos m\u00e1s bajos cayeron un 5,6% debido al congelamiento de bonos desde marzo.<\/p>\n\n\n\n<p>Manuel Adorni, vocero presidencial, defendi\u00f3 las medidas, argumentando que la desaceleraci\u00f3n inflacionaria, que cerr\u00f3 en un 2,4% en noviembre, es \u201cla herramienta m\u00e1s efectiva para reducir la pobreza\u201d. Sin embargo, el Ministerio de Capital Humano evit\u00f3 dar detalles sobre los planes para 2025, cuando no se contar\u00e1 con un presupuesto aprobado.<\/p>\n\n\n\n<h3 class=\"wp-block-heading\"><strong>Efectos mixtos de la baja inflaci\u00f3n<\/strong><\/h3>\n\n\n\n<p>El Observatorio de la Deuda Social Argentina, dependiente de la UCA, indic\u00f3 que la pobreza baj\u00f3 al 49,9% en el tercer trimestre de 2024, mostrando una leve mejor\u00eda. Seg\u00fan Agust\u00edn Salvia, director del Observatorio, el a\u00f1o podr\u00eda cerrar con una reducci\u00f3n de 10 puntos porcentuales en la pobreza, impulsada por la baja inflaci\u00f3n.<\/p>\n\n\n\n<p>Sin embargo, Salvia advirti\u00f3 que los recortes han dejado brechas en la asistencia. \u201cCasi el 25% de los hogares en inseguridad alimentaria severa no recibe ayuda del Estado, mientras que otro 24,6% de hogares que no padecen hambre s\u00ed acceden a transferencias\u201d, destac\u00f3, se\u00f1alando falencias en la distribuci\u00f3n de recursos.<\/p>\n\n\n\n<p>Si bien el Gobierno celebra sus avances fiscales, los efectos sociales de estas pol\u00edticas generan incertidumbre sobre su sostenibilidad en el mediano plazo, especialmente en un pa\u00eds donde la pobreza sigue siendo una deuda pendiente.<\/p>\n","protected":false},"excerpt":{"rendered":"<p>(Corresponal\u00eda Bueno sAires) &#8211; Los programas sociales, fundamentales para combatir la pobreza y la indigencia en Argentina, experimentaron un ajuste dr\u00e1stico durante el primer a\u00f1o de la gesti\u00f3n de Javier&hellip; <\/p>\n","protected":false},"author":11,"featured_media":179540,"comment_status":"closed","ping_status":"open","sticky":false,"template":"","format":"standard","meta":{"footnotes":""},"categories":[26,3],"tags":[],"class_list":["post-179539","post","type-post","status-publish","format-standard","has-post-thumbnail","hentry","category-destacados","category-politica"],"_links":{"self":[{"href":"https:\/\/corrientesdetarde.com\/index.php\/wp-json\/wp\/v2\/posts\/179539","targetHints":{"allow":["GET"]}}],"collection":[{"href":"https:\/\/corrientesdetarde.com\/index.php\/wp-json\/wp\/v2\/posts"}],"about":[{"href":"https:\/\/corrientesdetarde.com\/index.php\/wp-json\/wp\/v2\/types\/post"}],"author":[{"embeddable":true,"href":"https:\/\/corrientesdetarde.com\/index.php\/wp-json\/wp\/v2\/users\/11"}],"replies":[{"embeddable":true,"href":"https:\/\/corrientesdetarde.com\/index.php\/wp-json\/wp\/v2\/comments?post=179539"}],"version-history":[{"count":1,"href":"https:\/\/corrientesdetarde.com\/index.php\/wp-json\/wp\/v2\/posts\/179539\/revisions"}],"predecessor-version":[{"id":179541,"href":"https:\/\/corrientesdetarde.com\/index.php\/wp-json\/wp\/v2\/posts\/179539\/revisions\/179541"}],"wp:featuredmedia":[{"embeddable":true,"href":"https:\/\/corrientesdetarde.com\/index.php\/wp-json\/wp\/v2\/media\/179540"}],"wp:attachment":[{"href":"https:\/\/corrientesdetarde.com\/index.php\/wp-json\/wp\/v2\/media?parent=179539"}],"wp:term":[{"taxonomy":"category","embeddable":true,"href":"https:\/\/corrientesdetarde.com\/index.php\/wp-json\/wp\/v2\/categories?post=179539"},{"taxonomy":"post_tag","embeddable":true,"href":"https:\/\/corrientesdetarde.com\/index.php\/wp-json\/wp\/v2\/tags?post=179539"}],"curies":[{"name":"wp","href":"https:\/\/api.w.org\/{rel}","templated":true}]}}