{"id":179555,"date":"2024-12-16T15:22:13","date_gmt":"2024-12-16T18:22:13","guid":{"rendered":"https:\/\/corrientesdetarde.com\/?p=179555"},"modified":"2024-12-16T15:22:18","modified_gmt":"2024-12-16T18:22:18","slug":"milei-les-dara-a-sus-ministros-hasta-15-dias-de-vacaciones-cuales-son-las-destinos-turisticos-prohibidos","status":"publish","type":"post","link":"https:\/\/corrientesdetarde.com\/index.php\/politica\/milei-les-dara-a-sus-ministros-hasta-15-dias-de-vacaciones-cuales-son-las-destinos-turisticos-prohibidos\/","title":{"rendered":"Milei les dar\u00e1 a sus ministros hasta 15 d\u00edas de vacaciones: cu\u00e1les son las destinos tur\u00edsticos \u201cprohibidos\u201d"},"content":{"rendered":"\n<p>Seg\u00fan pudo saber, el Presidente pasar\u00e1 el verano en la Quinta de Olivos. Los integrantes del gabinete est\u00e1n autorizados a tomarse esos d\u00edas despu\u00e9s de Navidad y durante enero.<\/p>\n\n\n\n<p><strong>Javier Milei<\/strong>\u00a0no se tomar\u00e1 vacaciones este verano y pasar\u00e1 sus d\u00edas en Olivos. Adem\u00e1s, defini\u00f3 que los recesos de los\u00a0<strong>ministros<\/strong>\u00a0deber\u00e1n ser austeros, con un\u00a0<strong>m\u00e1ximo de 15 d\u00edas.\u00a0<\/strong>Seg\u00fan pudo saber\u00a0, los destinos prohibidos para que los funcionarios\u00a0<strong>viajen son Miami, Punta del Este y Nueva York.<\/strong><\/p>\n\n\n\n<p>Sin embargo,&nbsp;<strong>Brasil y el Caribe est\u00e1n autorizados.<\/strong>&nbsp;Algunos ministros ya tienen sus pasajes, mientras que otros, como Guillermo Francos, a\u00fan no lo tienen definido. Los integrantes del Gabinete se podr\u00e1n tomar descansos luego de&nbsp;<strong>Navidad y durante enero.<\/strong><\/p>\n\n\n\n<p>Adem\u00e1s, los funcionarios deber\u00e1n&nbsp;<strong>coordinar fechas para no ausentarse en los mismos per\u00edodos<\/strong>&nbsp;y tendr\u00e1n que dejar equipos que respondan ante cualquier necesidad. Los ministros tambi\u00e9n est\u00e1n al tanto de que, si ocurre alguna eventualidad,&nbsp;<strong>van a tener que trabajar desde donde se encuentren.<\/strong><\/p>\n\n\n\n<p>Con estos requisitos, la intenci\u00f3n de la Casa Rosada es mantener la\u00a0<strong>austeridad\u00a0<\/strong>en la gesti\u00f3n y evitar dar mensajes que no representen el\u00a0<strong>esfuerzo<\/strong>\u00a0que se realiz\u00f3 durante el\u00a0primer a\u00f1o de gobierno.\u00a0No buscan que solo se elijan destinos dentro de la Argentina, pero s\u00ed ser cuidadosos para no tener comparaciones con el<strong>\u00a0kirchnerismo.<\/strong><\/p>\n\n\n\n<p>Por su parte, Milei no tiene planes para el verano.&nbsp;<strong>\u201cEs una m\u00e1quina de trabajar\u201d,<\/strong>&nbsp;dijeron desde Balcarce 50. Distintas fuentes indicaron que asesores cercanos le recomendaron al mandatario tomarse unos d\u00edas, pero no lo lograron:&nbsp;<strong>\u201c\u00c9l trabaja desde las seis de la ma\u00f1ana hasta muy tarde<\/strong>, disfruta del laburo y no puede despegar\u201d.<\/p>\n\n\n\n<figure class=\"wp-block-image\"><img decoding=\"async\" src=\"https:\/\/tn.com.ar\/resizer\/v2\/javier-milei-y-sus-ministros-en-la-cadena-nacional-por-el-primer-ano-de-gobierno-foto-presidencia-H3HOAFEALBCRPEMS7KPMRCFC44.jpg?auth=8f28af2ebb9dbe1aec3d85fd9763848002b6f429497c1e0011e1653af325844b&amp;width=767\" alt=\"Javier Milei y sus ministros en la cadena nacional por el primer a\u00f1o de Gobierno. (Foto: Presidencia).\"\/><\/figure>\n\n\n\n<p>Si bien no tendr\u00e1 vacaciones, el libertario viajar\u00e1 el&nbsp;<strong>20 de enero a Estados Unidos,<\/strong>&nbsp;para estar presente en la asunci\u00f3n presidencial de Donald Trump.<\/p>\n\n\n\n<p>El jefe de Estado ya acept\u00f3 la invitaci\u00f3n, que demuestra la relaci\u00f3n personal e ideol\u00f3gica entre ambos mandatarios. Ser\u00e1 una de las primeras veces que un presidente&nbsp;<strong>asista a la asunci\u00f3n en Washington,<\/strong>&nbsp;ya que por costumbre tienden a ir representantes diplom\u00e1ticos. Pero, esta vez, Trump eligi\u00f3&nbsp;<strong>saltearse el protocolo.<\/strong><\/p>\n\n\n\n<p>El\u00a0\u00faltimo encuentro entre Trump y Milei\u00a0ocurri\u00f3 a mediados de noviembre en el evento realizado en la casa del empresario estadounidense en Mar-a-Lago, Florida, organizado por el\u00a0<em>America First Policy Institute,<\/em>\u00a0en donde ambos se saludaron y\u00a0<strong>mantuvieron una conversaci\u00f3n informal de alrededor de 20 minutos.<\/strong><\/p>\n\n\n\n<p><\/p>\n","protected":false},"excerpt":{"rendered":"<p>Seg\u00fan pudo saber, el Presidente pasar\u00e1 el verano en la Quinta de Olivos. Los integrantes del gabinete est\u00e1n autorizados a tomarse esos d\u00edas despu\u00e9s de Navidad y durante enero. Javier&hellip; <\/p>\n","protected":false},"author":8,"featured_media":179556,"comment_status":"closed","ping_status":"open","sticky":false,"template":"","format":"standard","meta":{"footnotes":""},"categories":[3],"tags":[],"class_list":["post-179555","post","type-post","status-publish","format-standard","has-post-thumbnail","hentry","category-politica"],"_links":{"self":[{"href":"https:\/\/corrientesdetarde.com\/index.php\/wp-json\/wp\/v2\/posts\/179555","targetHints":{"allow":["GET"]}}],"collection":[{"href":"https:\/\/corrientesdetarde.com\/index.php\/wp-json\/wp\/v2\/posts"}],"about":[{"href":"https:\/\/corrientesdetarde.com\/index.php\/wp-json\/wp\/v2\/types\/post"}],"author":[{"embeddable":true,"href":"https:\/\/corrientesdetarde.com\/index.php\/wp-json\/wp\/v2\/users\/8"}],"replies":[{"embeddable":true,"href":"https:\/\/corrientesdetarde.com\/index.php\/wp-json\/wp\/v2\/comments?post=179555"}],"version-history":[{"count":1,"href":"https:\/\/corrientesdetarde.com\/index.php\/wp-json\/wp\/v2\/posts\/179555\/revisions"}],"predecessor-version":[{"id":179557,"href":"https:\/\/corrientesdetarde.com\/index.php\/wp-json\/wp\/v2\/posts\/179555\/revisions\/179557"}],"wp:featuredmedia":[{"embeddable":true,"href":"https:\/\/corrientesdetarde.com\/index.php\/wp-json\/wp\/v2\/media\/179556"}],"wp:attachment":[{"href":"https:\/\/corrientesdetarde.com\/index.php\/wp-json\/wp\/v2\/media?parent=179555"}],"wp:term":[{"taxonomy":"category","embeddable":true,"href":"https:\/\/corrientesdetarde.com\/index.php\/wp-json\/wp\/v2\/categories?post=179555"},{"taxonomy":"post_tag","embeddable":true,"href":"https:\/\/corrientesdetarde.com\/index.php\/wp-json\/wp\/v2\/tags?post=179555"}],"curies":[{"name":"wp","href":"https:\/\/api.w.org\/{rel}","templated":true}]}}