{"id":179558,"date":"2024-12-16T15:24:32","date_gmt":"2024-12-16T18:24:32","guid":{"rendered":"https:\/\/corrientesdetarde.com\/?p=179558"},"modified":"2024-12-16T15:24:39","modified_gmt":"2024-12-16T18:24:39","slug":"cruzaron-los-limites-neymar-revelo-los-maltratos-que-recibio-cuando-jugaba-con-messi-en-el-psg","status":"publish","type":"post","link":"https:\/\/corrientesdetarde.com\/index.php\/deportes\/cruzaron-los-limites-neymar-revelo-los-maltratos-que-recibio-cuando-jugaba-con-messi-en-el-psg\/","title":{"rendered":"\u201cCruzaron los l\u00edmites\u201d: Neymar revel\u00f3 los maltratos que recibi\u00f3 cuando jugaba con Messi en el PSG"},"content":{"rendered":"\n<p>El delantero habl\u00f3 sobre su paso por el Par\u00eds Saint Germain, en su primera entrevista tras su salida del club en 2023. \u201cDeb\u00eda tomar una decisi\u00f3n\u201d, dijo.<\/p>\n\n\n\n<p><strong>Neymar\u00a0<\/strong>habl\u00f3 sin filtros sobre su paso por el PSG. El delantero brasile\u00f1o explic\u00f3 los motivos que lo llevaron a jugar en el Al Hilal de Arabia Saudita y se\u00f1al\u00f3 que\u00a0<strong>Lionel Messi<\/strong>, vivi\u00f3 una situaci\u00f3n similar en Par\u00eds.<\/p>\n\n\n\n<p>\u201c<strong>Al principio me sent\u00ed bienvenido, pero despu\u00e9s todo cambi\u00f3. A Messi le pas\u00f3 lo mismo. Hubo injusticias, di todo en la cancha y aun as\u00ed quisieron invadir mi casa e insultarme. Cruzaron los l\u00edmites<\/strong>\u201d, explic\u00f3 Ney en di\u00e1logo con<em>&nbsp;RMC Sport.<\/em><\/p>\n\n\n\n<p>Luego admiti\u00f3 que su insatisfacci\u00f3n en Francia fue clave para tomar su decisi\u00f3n. \u201c<strong>Lleg\u00f3 la oferta del Al Hilal y decid\u00ed aceptarla.<\/strong>&nbsp;Ya no era feliz en el PSG.&nbsp;<strong>El club y el entrenador me hab\u00edan comunicado que no contaban conmigo,<\/strong>&nbsp;as\u00ed que deb\u00eda tomar una decisi\u00f3n<em>\u201d,<\/em>&nbsp;agreg\u00f3.<\/p>\n\n\n\n<figure class=\"wp-block-image\"><img decoding=\"async\" src=\"https:\/\/tn.com.ar\/resizer\/v2\/la-pulga-y-neymar-jugaron-juntos-en-el-psg-foto-photo-by-franck-fife-afp-FWQNHRKQRRC6VEOJVRLIA7T6QU.jfif?auth=3fdd626728c0c70368f73f29e14fe21f952c88e7adb5c6ef9b76b1aba2943681&amp;width=767\" alt=\"La Pulga y Neymar jugaron juntos en el PSG. (Foto: Photo by FRANCK FIFE \/ AFP)\"\/><\/figure>\n\n\n\n<h2 class=\"wp-block-heading\">Qu\u00e9 hab\u00eda dicho Messi sobre su relaci\u00f3n con los hinchas del PSG<\/h2>\n\n\n\n<p>En junio de 2023, Leo dio una entrevista a la TV francesa y cont\u00f3 todo sobre el conflicto que tuvo con los hinchas parisinos. \u201cDesde el principio el recibimiento fue muy lindo, como lo dije y despu\u00e9s yo no,&nbsp;<strong>una parte del p\u00fablico de Par\u00eds empez\u00f3 a tratarme diferente, hubo un quiebre con gran parte de la afici\u00f3n del Par\u00eds,&nbsp;<\/strong>no fue mi intenci\u00f3n ni mucho menos, se dio as\u00ed\u201d, explic\u00f3.<\/p>\n\n\n\n<p>Y, en ese sentido, agreg\u00f3: \u201cMi estad\u00eda en el Par\u00eds comenz\u00f3 con una adaptaci\u00f3n muy dif\u00edcil, mucho m\u00e1s de lo que esperaba, m\u00e1s all\u00e1 de que ten\u00eda gente conocida en el vestuario.&nbsp;<strong>Fue dif\u00edcil la adaptaci\u00f3n, el cambio, llegar tarde, no tener pretemporada, adaptarme al nuevo club, a la nueva manera de jugar, nuevos compa\u00f1eros, la ciudad&#8230; No fue f\u00e1cil ni para m\u00ed, ni para mi familia<\/strong>\u201d.<\/p>\n","protected":false},"excerpt":{"rendered":"<p>El delantero habl\u00f3 sobre su paso por el Par\u00eds Saint Germain, en su primera entrevista tras su salida del club en 2023. \u201cDeb\u00eda tomar una decisi\u00f3n\u201d, dijo. Neymar\u00a0habl\u00f3 sin filtros&hellip; <\/p>\n","protected":false},"author":8,"featured_media":179559,"comment_status":"closed","ping_status":"open","sticky":false,"template":"","format":"standard","meta":{"footnotes":""},"categories":[4],"tags":[],"class_list":["post-179558","post","type-post","status-publish","format-standard","has-post-thumbnail","hentry","category-deportes"],"_links":{"self":[{"href":"https:\/\/corrientesdetarde.com\/index.php\/wp-json\/wp\/v2\/posts\/179558","targetHints":{"allow":["GET"]}}],"collection":[{"href":"https:\/\/corrientesdetarde.com\/index.php\/wp-json\/wp\/v2\/posts"}],"about":[{"href":"https:\/\/corrientesdetarde.com\/index.php\/wp-json\/wp\/v2\/types\/post"}],"author":[{"embeddable":true,"href":"https:\/\/corrientesdetarde.com\/index.php\/wp-json\/wp\/v2\/users\/8"}],"replies":[{"embeddable":true,"href":"https:\/\/corrientesdetarde.com\/index.php\/wp-json\/wp\/v2\/comments?post=179558"}],"version-history":[{"count":1,"href":"https:\/\/corrientesdetarde.com\/index.php\/wp-json\/wp\/v2\/posts\/179558\/revisions"}],"predecessor-version":[{"id":179560,"href":"https:\/\/corrientesdetarde.com\/index.php\/wp-json\/wp\/v2\/posts\/179558\/revisions\/179560"}],"wp:featuredmedia":[{"embeddable":true,"href":"https:\/\/corrientesdetarde.com\/index.php\/wp-json\/wp\/v2\/media\/179559"}],"wp:attachment":[{"href":"https:\/\/corrientesdetarde.com\/index.php\/wp-json\/wp\/v2\/media?parent=179558"}],"wp:term":[{"taxonomy":"category","embeddable":true,"href":"https:\/\/corrientesdetarde.com\/index.php\/wp-json\/wp\/v2\/categories?post=179558"},{"taxonomy":"post_tag","embeddable":true,"href":"https:\/\/corrientesdetarde.com\/index.php\/wp-json\/wp\/v2\/tags?post=179558"}],"curies":[{"name":"wp","href":"https:\/\/api.w.org\/{rel}","templated":true}]}}