{"id":179564,"date":"2024-12-16T15:32:55","date_gmt":"2024-12-16T18:32:55","guid":{"rendered":"https:\/\/corrientesdetarde.com\/?p=179564"},"modified":"2024-12-16T15:32:59","modified_gmt":"2024-12-16T18:32:59","slug":"karina-milei-encabezara-el-acto-de-fin-de-ano-de-lla-y-disena-un-plan-que-condicionara-el-vinculo-con-el-pro","status":"publish","type":"post","link":"https:\/\/corrientesdetarde.com\/index.php\/politica\/karina-milei-encabezara-el-acto-de-fin-de-ano-de-lla-y-disena-un-plan-que-condicionara-el-vinculo-con-el-pro\/","title":{"rendered":"Karina Milei encabezar\u00e1 el acto de fin de a\u00f1o de LLA y dise\u00f1a un plan que condicionar\u00e1 el v\u00ednculo con el PRO"},"content":{"rendered":"\n<p>La secretaria general de la Presidencia ser\u00e1 la principal oradora de un encuentro conjunto del partido libertario de Capital Federal y la provincia de Buenos Aires. Los organizadores sue\u00f1an con una presencia fugaz del Presidente.<a href=\"https:\/\/tn.com.ar\/autor\/Fernanda+Alonso\/\"><\/a><\/p>\n\n\n\n<p><strong>Karina Milei<\/strong>\u00a0ya est\u00e1 pensando en una est\u00e9tica distinta para los actos de campa\u00f1a. Ni al estilo del streamer \u201cGordo Dan\u201d en la ruidosa presentaci\u00f3n de Las Fuerzas del Cielo en San Miguel. Ni al del lanzamiento de La Libertad Avanza en un club de barrio de La Plata, con los estruendosos bombos peronistas. La \u201chermana de hierro\u201d proyecta otra cosa: un 360 con preguntas del p\u00fablico. En principio, como Daniel Parisini con la Misa, esta semana llenar\u00e1 un teatro en CABA. Todo un\u00a0<strong>desaf\u00edo para los Macri<\/strong>: Mauricio y Jorge.<\/p>\n\n\n\n<p>El mi\u00e9rcoles, a las 17, la secretaria general de la Presidencia\u00a0encabezar\u00e1, como anticip\u00f3\u00a0,un acto conjunto de La Libertad Avanza\u00a0de Capital Federal y la provincia de Buenos Aires. La convocatoria formal llama a una \u201cevaluaci\u00f3n del primer a\u00f1o de gesti\u00f3n, reflexionar sobre los logros alcanzados y renovar el compromiso de cara a los desaf\u00edos del 2025\u2033.<\/p>\n\n\n\n<p>Los principales oradores ser\u00e1n<strong>&nbsp;Karina Milei<\/strong>, presidenta de LLA;<strong>&nbsp;Mart\u00edn Menen<\/strong>, vice partidario;&nbsp;<strong>Sebasti\u00e1n Pareja<\/strong>, por la provincia de Buenos Aires, y&nbsp;<strong>Pilar Ram\u00edrez<\/strong>, por la Capital Federal. Esperan a unos 2000 dirigentes: 1800 por la Provincia y 200 por CABA. Los organizadores sue\u00f1an con una presencia al menos fugaz del Presidente en el teatro Gran Rivadavia, donde durante la campa\u00f1a present\u00f3 el documental \u201cJavier Milei. La revoluci\u00f3n liberal\u201d, del cineasta oficial Santiago Or\u00eda.<\/p>\n\n\n\n<p>Participar\u00e1 toda la estructura de La Libertad Avanza: consejeros escolares, concejales, diputados y senadores provinciales por la Provincia de Buenos Aires, autoridades partidarias y representantes de las distintas ramas como el Foro Alberdiano, Docentes por la Libertad, AULAS, Crear M\u00e1s Libertad, Agrupaci\u00f3n La San Mart\u00edn, EFDAP (Equipo Federal de Apoyo Pol\u00edtico), coordinadores seccionales y distritales.<\/p>\n\n\n\n<p>Desde la organizaci\u00f3n anticiparon que firmar\u00e1n \u201cun acuerdo de cooperaci\u00f3n y trabajo conjunto entre Capital Federal y la Provincia de Buenos Aires, enfocado en el dise\u00f1o de pol\u00edticas p\u00fablicas comunes\u201d. \u201cEste acuerdo buscafortalecer las&nbsp;<strong>iniciativas legislativas y las propuestas de campa\u00f1a<\/strong>, con vistas a<strong>&nbsp;integrarlas<\/strong>&nbsp;<strong>a la agenda ejecutiva<\/strong>&nbsp;de cara al 2027\u2033, dijeron.<\/p>\n\n\n\n<p>Toda una se\u00f1al para la interna con el PRO.&nbsp;<strong>Mauricio Macri<\/strong>&nbsp;sabe que<strong>&nbsp;Karina Milei&nbsp;<\/strong>y<strong>&nbsp;Santiago Caputo<\/strong>&nbsp;quieren arrebatarle la Ciudad, el kil\u00f3metro cero del PRO.&nbsp;<strong>Pilar Ram\u00edrez&nbsp;<\/strong>es la piedra en el zapato en la Legislatura porte\u00f1a. La idea de que los libertarios de CABA y Provincia tengan una agenda compartida desinfla las expectativas de un acuerdo por distritos con el PRO. Otra vez juega la<strong>&nbsp;l\u00f3gica siamesa<\/strong>, como con los pliegos para la Corte de Ariel Lijo y Manuel Garc\u00eda-Mansilla. O<strong>&nbsp;los dos o ninguno<\/strong>.<\/p>\n\n\n\n<p>El cierre de a\u00f1o de La Libertad Avanza en CABA tiene otras implicancias. Cada vez m\u00e1s\u00a0<strong>Karina Milei\u00a0juega a una candidatura testimonial<\/strong>\u00a0a diputada por la Provincia, como cont\u00f3\u00a0\u00a0este domingo. Todo depender\u00e1 de si prevalece la idea de romper con Macri. El \u00fanico hilo de posibilidad pende de<strong>\u00a0Javier Milei<\/strong>.<\/p>\n\n\n\n<p>Para la Ciudad, los candidatos ser\u00edan&nbsp;<strong>Manuel Adorni<\/strong>&nbsp;para diputado y&nbsp;<strong>Patricia Bullrich<\/strong>&nbsp;para senadora. Mauricio Macri amaga con enfrentar a su ex socia del PRO. Para la Provincia, el propio Milei hab\u00eda postulado a&nbsp;<strong>Jos\u00e9 Luis Espert.<\/strong>&nbsp;Pero, parece que Espert puede esperar. Ahora suena Pareja para secundar a Karina. Los dos desemcar\u00e1n en la costa atl\u00e1ntica en la segunda quincena de enero, con recorridas en Mar del Plata, Pinamar y San Bernardo.<\/p>\n\n\n\n<p>La provincia de Buenos Aires es el&nbsp;<strong>tal\u00f3n de Aquiles<\/strong>&nbsp;de La Libertad Avanza. \u201cCristina Kirchner y Axel Kicillof se est\u00e1n matando, pero ya sabemos c\u00f3mo es el peronismo: frente a una elecci\u00f3n se ordena y son un relojito\u201d, admite un libertario bonaerense. \u201cPodemos ganar si vamos con el PRO, pero sin el PRO podemos hacer una buena elecci\u00f3n. Hay que ver qu\u00e9 estrategia prima\u201d, dice.<\/p>\n\n\n\n<p>Las Fuerzas del Cielo deliberan si en 2025 buscan deshacerse del PRO de Mauricio Macri y en 2027, del peronismo de Cristina Kirchner.<\/p>\n\n\n\n<p>En La Libertad Avanza bonaerense est\u00e1n enchufados para una pelea cuerpo a cuerpo con el kirchnerismo. Ya definieron a los coordinadores seccionales: en la 1ra, Ram\u00f3n Vera; en la 2da, Anal\u00eda Corvino; en la 3ra Fabricio Mart\u00ednez y Juanes Osaba; en la 4ta, Leandro Cabrera y Gustavo \u201cCoco\u201d Bories; en la 5ta, Gast\u00f3n Abonjo; en la 6ta, Franca Grippo; en la 7ma, Alejandro Speroni y en la 8va, Mat\u00edas de Urraza.<\/p>\n\n\n\n<p>Despu\u00e9s del cierre de a\u00f1o en CABA, Karina Milei abrir\u00e1 la temporada de verano en Mar del Plata. Hace diez d\u00edas estuvo en La Feliz para la inauguraci\u00f3n de un supermercado. Se sac\u00f3 fotos, habl\u00f3 con el p\u00fablico, pero cort\u00f3 a un periodista: \u201cNo, no. Notas no doy\u201d. En 2025, quiz\u00e1, la hermana de hierro empezar\u00e1 a aceptar preguntas.<\/p>\n","protected":false},"excerpt":{"rendered":"<p>La secretaria general de la Presidencia ser\u00e1 la principal oradora de un encuentro conjunto del partido libertario de Capital Federal y la provincia de Buenos Aires. Los organizadores sue\u00f1an con&hellip; <\/p>\n","protected":false},"author":8,"featured_media":179565,"comment_status":"closed","ping_status":"open","sticky":false,"template":"","format":"standard","meta":{"footnotes":""},"categories":[3],"tags":[],"class_list":["post-179564","post","type-post","status-publish","format-standard","has-post-thumbnail","hentry","category-politica"],"_links":{"self":[{"href":"https:\/\/corrientesdetarde.com\/index.php\/wp-json\/wp\/v2\/posts\/179564","targetHints":{"allow":["GET"]}}],"collection":[{"href":"https:\/\/corrientesdetarde.com\/index.php\/wp-json\/wp\/v2\/posts"}],"about":[{"href":"https:\/\/corrientesdetarde.com\/index.php\/wp-json\/wp\/v2\/types\/post"}],"author":[{"embeddable":true,"href":"https:\/\/corrientesdetarde.com\/index.php\/wp-json\/wp\/v2\/users\/8"}],"replies":[{"embeddable":true,"href":"https:\/\/corrientesdetarde.com\/index.php\/wp-json\/wp\/v2\/comments?post=179564"}],"version-history":[{"count":1,"href":"https:\/\/corrientesdetarde.com\/index.php\/wp-json\/wp\/v2\/posts\/179564\/revisions"}],"predecessor-version":[{"id":179566,"href":"https:\/\/corrientesdetarde.com\/index.php\/wp-json\/wp\/v2\/posts\/179564\/revisions\/179566"}],"wp:featuredmedia":[{"embeddable":true,"href":"https:\/\/corrientesdetarde.com\/index.php\/wp-json\/wp\/v2\/media\/179565"}],"wp:attachment":[{"href":"https:\/\/corrientesdetarde.com\/index.php\/wp-json\/wp\/v2\/media?parent=179564"}],"wp:term":[{"taxonomy":"category","embeddable":true,"href":"https:\/\/corrientesdetarde.com\/index.php\/wp-json\/wp\/v2\/categories?post=179564"},{"taxonomy":"post_tag","embeddable":true,"href":"https:\/\/corrientesdetarde.com\/index.php\/wp-json\/wp\/v2\/tags?post=179564"}],"curies":[{"name":"wp","href":"https:\/\/api.w.org\/{rel}","templated":true}]}}