{"id":179588,"date":"2024-12-16T19:35:50","date_gmt":"2024-12-16T22:35:50","guid":{"rendered":"https:\/\/corrientesdetarde.com\/?p=179588"},"modified":"2024-12-16T19:35:54","modified_gmt":"2024-12-16T22:35:54","slug":"cronograma-de-venta-de-garrafa-social-37","status":"publish","type":"post","link":"https:\/\/corrientesdetarde.com\/index.php\/sociales\/cronograma-de-venta-de-garrafa-social-37\/","title":{"rendered":"Cronograma de venta de Garrafa Social"},"content":{"rendered":"\n<p>El Ministerio de&nbsp; Desarrollo Social de la Provincia informa el cronograma de venta de la Garrafa Social que inicia esta semana el martes en barrio San Mart\u00edn de la ciudad de Corrientes. La actividad es coordinada por la Subsecretar\u00eda de Desarrollo Humano e Igualdad.<\/p>\n\n\n\n<p>Es as\u00ed que este martes desde las 9 a las 10.30 horas se podr\u00e1 acceder a la Garrafa Social, en el pasaje S\u00e1enz 2124 del barrio San Mart\u00edn. Aunque adem\u00e1s se encuentra el Punto Fijo de venta, en Guemes 1390.<\/p>\n","protected":false},"excerpt":{"rendered":"<p>El Ministerio de&nbsp; Desarrollo Social de la Provincia informa el cronograma de venta de la Garrafa Social que inicia esta semana el martes en barrio San Mart\u00edn de la ciudad&hellip; <\/p>\n","protected":false},"author":4,"featured_media":179593,"comment_status":"closed","ping_status":"open","sticky":false,"template":"","format":"standard","meta":{"footnotes":""},"categories":[17],"tags":[],"class_list":["post-179588","post","type-post","status-publish","format-standard","has-post-thumbnail","hentry","category-sociales"],"_links":{"self":[{"href":"https:\/\/corrientesdetarde.com\/index.php\/wp-json\/wp\/v2\/posts\/179588","targetHints":{"allow":["GET"]}}],"collection":[{"href":"https:\/\/corrientesdetarde.com\/index.php\/wp-json\/wp\/v2\/posts"}],"about":[{"href":"https:\/\/corrientesdetarde.com\/index.php\/wp-json\/wp\/v2\/types\/post"}],"author":[{"embeddable":true,"href":"https:\/\/corrientesdetarde.com\/index.php\/wp-json\/wp\/v2\/users\/4"}],"replies":[{"embeddable":true,"href":"https:\/\/corrientesdetarde.com\/index.php\/wp-json\/wp\/v2\/comments?post=179588"}],"version-history":[{"count":1,"href":"https:\/\/corrientesdetarde.com\/index.php\/wp-json\/wp\/v2\/posts\/179588\/revisions"}],"predecessor-version":[{"id":179594,"href":"https:\/\/corrientesdetarde.com\/index.php\/wp-json\/wp\/v2\/posts\/179588\/revisions\/179594"}],"wp:featuredmedia":[{"embeddable":true,"href":"https:\/\/corrientesdetarde.com\/index.php\/wp-json\/wp\/v2\/media\/179593"}],"wp:attachment":[{"href":"https:\/\/corrientesdetarde.com\/index.php\/wp-json\/wp\/v2\/media?parent=179588"}],"wp:term":[{"taxonomy":"category","embeddable":true,"href":"https:\/\/corrientesdetarde.com\/index.php\/wp-json\/wp\/v2\/categories?post=179588"},{"taxonomy":"post_tag","embeddable":true,"href":"https:\/\/corrientesdetarde.com\/index.php\/wp-json\/wp\/v2\/tags?post=179588"}],"curies":[{"name":"wp","href":"https:\/\/api.w.org\/{rel}","templated":true}]}}