{"id":179662,"date":"2024-12-17T09:58:42","date_gmt":"2024-12-17T12:58:42","guid":{"rendered":"https:\/\/corrientesdetarde.com\/?p=179662"},"modified":"2024-12-17T09:58:47","modified_gmt":"2024-12-17T12:58:47","slug":"los-escenarios-que-evalua-el-gobierno-de-milei-por-la-detencion-del-gendarme-en-venezuela","status":"publish","type":"post","link":"https:\/\/corrientesdetarde.com\/index.php\/politica\/los-escenarios-que-evalua-el-gobierno-de-milei-por-la-detencion-del-gendarme-en-venezuela\/","title":{"rendered":"Los escenarios que eval\u00faa el gobierno de Milei por la detenci\u00f3n del gendarme en Venezuela"},"content":{"rendered":"\n<p>El gendarme Nahuel Agust\u00edn Gallo lleva 9 d\u00edas detenido e incomunicado en Venezuela. Tras el blanqueo de su arresto anunciado por el poderoso ministro del Interior, Diosdado Cabello, se abre ahora un sinuoso camino diplom\u00e1tico que depender\u00e1 de la mediaci\u00f3n de pa\u00edses como Colombia, Francia o Brasil, aunque el gobierno de Lula mantiene un fuerte contrapunto con Nicol\u00e1s Maduro.<\/p>\n\n\n\n<p>Es un caso dif\u00edcil. El hermetismo que maneja la Canciller\u00eda argentina es absoluto. En Caracas la informaci\u00f3n comenz\u00f3 a decantar el lunes: Cabello lo acus\u00f3 de formar parte de una conspiraci\u00f3n que no detall\u00f3. \u201cEl que viene a conspirar, que asuma sus responsabilidades\u201d, afirm\u00f3. La familia del gendarme catamarque\u00f1o no sabe nada. Ni siquiera d\u00f3nde est\u00e1 recluido.<\/p>\n\n\n\n<p>No es algo anormal bajo los est\u00e1ndares institucionales y de seguridad que maneja hoy el chavismo. Una situaci\u00f3n similar se vivi\u00f3 con los dos turistas espa\u00f1oles detenidos a principios de septiembre en el Amazonas venezolano, acusados de integrar una \u201cc\u00e9lula terrorista\u201d que buscaba asesinar a Maduro. Reci\u00e9n el 8 de octubre, el gobierno autoriz\u00f3 la atenci\u00f3n consular para los dos detenidos. Tres meses y medio despu\u00e9s de su arresto, Jos\u00e9 Mar\u00eda Basoa Valdovinos y Andr\u00e9s Mart\u00ednez Adasme siguen a\u00fan en prisi\u00f3n.<\/p>\n\n\n\n<p>Gallo no es un caso aislado. El domingo fueron arrestados dos militares colombianos que realizaban un patrullaje en la zona del puente internacional ubicado en el departamento de Norte de Santander que comunica a ambos pa\u00edses. Al parecer equivocaron el camino y se adentraron 40 metros en territorio venezolano. A\u00fan no se sabe nada de ellos. Pero no est\u00e1n solos. Otros siete colombianos fueron detenidos en Venezuela tras las cuestionadas elecciones presidenciales del 28 de julio. Y otros dos fueron arrestados a mediados de este a\u00f1o en una escala en el aeropuerto de Caracas a su regreso de un largo viaje desde Ucrania cuando se dirig\u00edan a Bogot\u00e1. Se los acusa de combatir como mercenarios contra Rusia. Hoy est\u00e1n bajo arresto en Mosc\u00fa.<\/p>\n\n\n\n<p>El chavismo us\u00f3 en el pasado a presos extranjeros como ficha de cambio. De hecho, intercambi\u00f3 en febrero de 2022 al comerciante colombiano Alex Saab, un presunto testaferro de Maduro detenido en Estados Unidos, por al menos 10 estadounidenses recluidos en Venezuela.<\/p>\n\n\n\n<p><strong>\u00bfEs posible una negociaci\u00f3n?<\/strong><br>La pregunta es si la detenci\u00f3n de Gallo forma parte de un plan de este tipo. Venezuela ya no puede recuperar el Boeing 747-300 de la aerol\u00ednea Emtrasur que estuvo retenido en la Argentina durante casi ocho meses hasta su env\u00edo en febrero pasado a los Estados Unidos. La Casa Blanca hab\u00eda solicitado su decomiso tras denunciar una transferencia irregular por parte de la compa\u00f1\u00eda a\u00e9rea iran\u00ed Mahan Air.<\/p>\n\n\n\n<p>La oposici\u00f3n teme que la prenda de cambio sean los seis dirigentes refugiados desde marzo en la residencia del embajador argentino en Caracas. El gobierno de Javier Milei denuncia un fuerte hostigamiento de las fuerzas de seguridad contra los asilados, tras el corte de la luz y el agua desde hace ya m\u00e1s de dos semanas.<\/p>\n\n\n\n<p>Elisa Trotta, exrepresentante del dirigente opositor Juan Guaid\u00f3 en Buenos Aires, dijo a TN que \u201clos recientes casos de secuestros de extranjeros por parte del r\u00e9gimen chavista y el hostigamiento a los seis opositores refugiados en la embajada de la Argentina, no son hechos aislados. Parecen formar parte de una estrategia deliberada de Nicol\u00e1s Maduro para enviar dos mensajes claros: uno de fuerza, mostrando que puede actuar sin consecuencias, y otro de extorsi\u00f3n, buscando ejercer presi\u00f3n sobre los pa\u00edses de origen de estas personas para obtener concesiones pol\u00edticas o econ\u00f3micas\u201d.<\/p>\n\n\n\n<p>Para Trotta, \u201cesta t\u00e1ctica tiene un costo enorme: el chavismo deja de ser percibido \u00fanicamente como \u00b4un problema de los venezolanos\u00b4 y se reafirma como el principal problema de toda la regi\u00f3n. El rostro de la barbarie en Latinoam\u00e9rica est\u00e1 en (el Palacio) Miraflores, y cada d\u00eda que pasa sin que se tomen acciones contundentes contra este r\u00e9gimen autoritario, el riesgo y la inestabilidad se extienden m\u00e1s all\u00e1 de las fronteras venezolanas\u201d, indic\u00f3.<\/p>\n\n\n\n<p>La ex precandidata presidencial venezolana Corina Yoris dijo a TN que este arresto tiene \u201cserias implicaciones para la estabilidad regional\u201d.<\/p>\n\n\n\n<p>\u201cEl r\u00e9gimen ha reconocido oficialmente la detenci\u00f3n del gendarme y lo acusa de espionaje. Esta detenci\u00f3n ha exacerbado de manera significativa las tensiones que ya existen entre la Argentina y Venezuela, sobre todo por el asedio del que ha sido objeto la embajada argentina\u201d, se\u00f1al\u00f3.<\/p>\n\n\n\n<p>\u201cEn este contexto de acusaci\u00f3n y reconocimiento oficial, es fundamental que ante tales hechos se presenten las pruebas correspondientes que respalden estas acusaciones, de tal manera que se proporcione claridad sobre una situaci\u00f3n que no solo afecta las relaciones bilaterales, ya que tiene serias implicaciones para la estabilidad regional. Esto tiene que ser resuelto de la mejor manera y respetando los acuerdos internacionales\u201d, a\u00f1adi\u00f3.<\/p>\n\n\n\n<p><strong>Los pasos a seguir<\/strong><br>Las pr\u00f3ximas tres semanas ser\u00e1n muy complejas. El 10 de enero Maduro prev\u00e9 jurar para un nuevo mandato de seis a\u00f1os tras las contestadas elecciones presidenciales del 28 de julio, que gan\u00f3 bajo una acumulaci\u00f3n de denuncias de fraude.<\/p>\n\n\n\n<p>La oposici\u00f3n y algunos analistas sostienen que el chavismo se nutre de denuncias, conflictos y acusaciones para mantener el debate fuera de la pol\u00e9mica sobre la legitimidad de Maduro. Mantener la atenci\u00f3n sobre el caso del gendarme o cualquier otro de este tipo le ayudar\u00eda a desviar el foco, seg\u00fan esta l\u00f3gica.<\/p>\n\n\n\n<p>En ese escenario, los caminos para una negociaci\u00f3n futura son muy estrechos. Lula, cuyo gobierno representa los intereses de la Argentina en Caracas tras la expulsi\u00f3n en agosto de todo el personal diplom\u00e1tico nacional, mantiene un fuerte entredicho con Caracas. El presidente brasile\u00f1o no solo se ha abstenido de reconocer el triunfo de Maduro, sino que adem\u00e1s vet\u00f3 el ingreso de Venezuela al Brics, el foro pol\u00edtico y econ\u00f3mico integrado por Rusia, Ir\u00e1n, China y Brasil, entre otros. Maduro lo consider\u00f3 \u201cun acto hostil\u201d.<\/p>\n\n\n\n<p>As\u00ed, la eventual mediaci\u00f3n brasile\u00f1a pierde fuerza. Colombia es otra opci\u00f3n. M\u00e1s all\u00e1 de la p\u00e9sima relaci\u00f3n personal entre Milei y Javier Petro, Bogot\u00e1 se ofreci\u00f3 para asumir la protecci\u00f3n de la embajada argentina en Caracas. Pero el presidente colombiano no ha logrado avanzar un metro en su intento de mediar entre el chavismo y la oposici\u00f3n. Ni siquiera ha podido lograr la liberaci\u00f3n de los colombianos detenidos tras las protestas contra la reelecci\u00f3n de Maduro.<\/p>\n\n\n\n<p>La opci\u00f3n m\u00e1s visible es la de Francia. La posibilidad de un pedido formal al gobierno de<strong>&nbsp;Emmanuel Macron<\/strong>&nbsp;fue esbozado por la ministra de Seguridad de la Naci\u00f3n,&nbsp;<strong>Patricia Bullrich<\/strong>. Pero el mandatario franc\u00e9s no mantiene una buena relaci\u00f3n con Maduro, aunque s\u00ed tiene un aceitado v\u00ednculo con Milei, a quien visit\u00f3 a mediados de noviembre en Buenos Aires.<\/p>\n\n\n\n<p>Macron mantiene una pol\u00edtica dura en relaci\u00f3n con el chavismo. En una reciente visita a Chile, pidi\u00f3 el fin de las \u201cpresiones, amenazas y detenciones\u201d en Venezuela. Tampoco le ser\u00eda f\u00e1cil liderar una mediaci\u00f3n.<\/p>\n\n\n\n<p>Una dirigente opositora venezolana, que pidi\u00f3 el anonimato por razones de seguridad, dijo a&nbsp;<strong>TN<\/strong>&nbsp;que las \u00faltimas detenciones \u201cson bastante an\u00e1rquicas. La idea ser\u00eda \u00b4agarren a quien encuentren por ah\u00ed que no nos guste porque eso es lo que va a evitar que caigamos\u201d, opin\u00f3.<\/p>\n\n\n\n<p>Se trata de un escenario muy complejo agravado por las fuertes acusaciones cruzadas entre dos gobiernos ideol\u00f3gicamente opuestos.<\/p>\n","protected":false},"excerpt":{"rendered":"<p>El gendarme Nahuel Agust\u00edn Gallo lleva 9 d\u00edas detenido e incomunicado en Venezuela. Tras el blanqueo de su arresto anunciado por el poderoso ministro del Interior, Diosdado Cabello, se abre&hellip; <\/p>\n","protected":false},"author":1,"featured_media":179668,"comment_status":"closed","ping_status":"open","sticky":false,"template":"","format":"standard","meta":{"footnotes":""},"categories":[3],"tags":[],"class_list":["post-179662","post","type-post","status-publish","format-standard","has-post-thumbnail","hentry","category-politica"],"_links":{"self":[{"href":"https:\/\/corrientesdetarde.com\/index.php\/wp-json\/wp\/v2\/posts\/179662","targetHints":{"allow":["GET"]}}],"collection":[{"href":"https:\/\/corrientesdetarde.com\/index.php\/wp-json\/wp\/v2\/posts"}],"about":[{"href":"https:\/\/corrientesdetarde.com\/index.php\/wp-json\/wp\/v2\/types\/post"}],"author":[{"embeddable":true,"href":"https:\/\/corrientesdetarde.com\/index.php\/wp-json\/wp\/v2\/users\/1"}],"replies":[{"embeddable":true,"href":"https:\/\/corrientesdetarde.com\/index.php\/wp-json\/wp\/v2\/comments?post=179662"}],"version-history":[{"count":1,"href":"https:\/\/corrientesdetarde.com\/index.php\/wp-json\/wp\/v2\/posts\/179662\/revisions"}],"predecessor-version":[{"id":179669,"href":"https:\/\/corrientesdetarde.com\/index.php\/wp-json\/wp\/v2\/posts\/179662\/revisions\/179669"}],"wp:featuredmedia":[{"embeddable":true,"href":"https:\/\/corrientesdetarde.com\/index.php\/wp-json\/wp\/v2\/media\/179668"}],"wp:attachment":[{"href":"https:\/\/corrientesdetarde.com\/index.php\/wp-json\/wp\/v2\/media?parent=179662"}],"wp:term":[{"taxonomy":"category","embeddable":true,"href":"https:\/\/corrientesdetarde.com\/index.php\/wp-json\/wp\/v2\/categories?post=179662"},{"taxonomy":"post_tag","embeddable":true,"href":"https:\/\/corrientesdetarde.com\/index.php\/wp-json\/wp\/v2\/tags?post=179662"}],"curies":[{"name":"wp","href":"https:\/\/api.w.org\/{rel}","templated":true}]}}