{"id":179663,"date":"2024-12-17T09:55:43","date_gmt":"2024-12-17T12:55:43","guid":{"rendered":"https:\/\/corrientesdetarde.com\/?p=179663"},"modified":"2024-12-17T09:55:44","modified_gmt":"2024-12-17T12:55:44","slug":"joven-de-21-anos-murio-ahogado-en-un-arroyo-del-interior-correntino","status":"publish","type":"post","link":"https:\/\/corrientesdetarde.com\/index.php\/policiales\/joven-de-21-anos-murio-ahogado-en-un-arroyo-del-interior-correntino\/","title":{"rendered":"Joven de 21 a\u00f1os muri\u00f3 ahogado en un arroyo del interior correntino"},"content":{"rendered":"\n<p>Efectivos de Prefectura Naval Argentina lograron hallar, este lunes, el cuerpo de un joven de 21 a\u00f1os que se hab\u00eda ahogados en las aguas de una represa del interior correntino.<\/p>\n\n\n\n<p>La Polic\u00eda inform\u00f3 que el tr\u00e1gico episodio sucedi\u00f3 el s\u00e1bado por la siesta cuando la v\u00edctima se encontraba circulando en un autom\u00f3vil en compa\u00f1\u00eda de otras tres personas.&nbsp;<\/p>\n\n\n\n<p>En ese marco, decidieron estacionar en zona de la represa arroyo Guavirav\u00ed del Paraje 3 Cerros y uno de ellos ingres\u00f3 al agua con la intenci\u00f3n de refrescarse, pero lamentablemente termin\u00f3 desapareciendo de la superficie acu\u00e1tica.<\/p>\n\n\n\n<p>Por el caso, tom\u00f3 intervenci\u00f3n la comisar\u00eda de La Cruz.&nbsp;<\/p>\n","protected":false},"excerpt":{"rendered":"<p>Efectivos de Prefectura Naval Argentina lograron hallar, este lunes, el cuerpo de un joven de 21 a\u00f1os que se hab\u00eda ahogados en las aguas de una represa del interior correntino.&hellip; <\/p>\n","protected":false},"author":1,"featured_media":179665,"comment_status":"closed","ping_status":"open","sticky":false,"template":"","format":"standard","meta":{"footnotes":""},"categories":[33],"tags":[],"class_list":["post-179663","post","type-post","status-publish","format-standard","has-post-thumbnail","hentry","category-policiales"],"_links":{"self":[{"href":"https:\/\/corrientesdetarde.com\/index.php\/wp-json\/wp\/v2\/posts\/179663","targetHints":{"allow":["GET"]}}],"collection":[{"href":"https:\/\/corrientesdetarde.com\/index.php\/wp-json\/wp\/v2\/posts"}],"about":[{"href":"https:\/\/corrientesdetarde.com\/index.php\/wp-json\/wp\/v2\/types\/post"}],"author":[{"embeddable":true,"href":"https:\/\/corrientesdetarde.com\/index.php\/wp-json\/wp\/v2\/users\/1"}],"replies":[{"embeddable":true,"href":"https:\/\/corrientesdetarde.com\/index.php\/wp-json\/wp\/v2\/comments?post=179663"}],"version-history":[{"count":1,"href":"https:\/\/corrientesdetarde.com\/index.php\/wp-json\/wp\/v2\/posts\/179663\/revisions"}],"predecessor-version":[{"id":179667,"href":"https:\/\/corrientesdetarde.com\/index.php\/wp-json\/wp\/v2\/posts\/179663\/revisions\/179667"}],"wp:featuredmedia":[{"embeddable":true,"href":"https:\/\/corrientesdetarde.com\/index.php\/wp-json\/wp\/v2\/media\/179665"}],"wp:attachment":[{"href":"https:\/\/corrientesdetarde.com\/index.php\/wp-json\/wp\/v2\/media?parent=179663"}],"wp:term":[{"taxonomy":"category","embeddable":true,"href":"https:\/\/corrientesdetarde.com\/index.php\/wp-json\/wp\/v2\/categories?post=179663"},{"taxonomy":"post_tag","embeddable":true,"href":"https:\/\/corrientesdetarde.com\/index.php\/wp-json\/wp\/v2\/tags?post=179663"}],"curies":[{"name":"wp","href":"https:\/\/api.w.org\/{rel}","templated":true}]}}