{"id":179671,"date":"2024-12-17T11:36:43","date_gmt":"2024-12-17T14:36:43","guid":{"rendered":"https:\/\/corrientesdetarde.com\/?p=179671"},"modified":"2024-12-20T09:44:50","modified_gmt":"2024-12-20T12:44:50","slug":"con-una-tercera-edicion-por-delante-entregaron-certificados-a-talentos-digitales-y-acordaron-fortalecer-a-start-ups","status":"publish","type":"post","link":"https:\/\/corrientesdetarde.com\/index.php\/informacion-general\/con-una-tercera-edicion-por-delante-entregaron-certificados-a-talentos-digitales-y-acordaron-fortalecer-a-start-ups\/","title":{"rendered":"Con una tercera edici\u00f3n por delante, entregaron certificados a talentos digitales y acordaron fortalecer a start ups"},"content":{"rendered":"\n<p><em>El gobierno de Corrientes, a trav\u00e9s de la empresa TelCo SAPEM, la Universidad Nacional del Nordeste &nbsp;y el sector privado representado por el Polo IT, entreg\u00f3 la certificaci\u00f3n a&nbsp; unos 60 egresados de la capacitaci\u00f3n de 10 meses en el programa Talentos Digitales y anunciaron la continuidad de la propuesta. Adem\u00e1s, firmaron un convenio que facilitar\u00e1 el proceso de incubaci\u00f3n de empresas emergentes de tecnolog\u00eda.<\/em><\/p>\n\n\n\n<p>Unos 60 participantes del programa Talentos Digitales, que comenz\u00f3 en&nbsp; abril y ya va por su segunda edici\u00f3n, recibieron este martes su certificaci\u00f3n en el aula magna de la FaCENA (Facultad de Ciencias Exactas y Naturales y Agrimensura), tras haber completado la instancia de formaci\u00f3n y las evaluaciones de manera exitosa, aunque \u201cpodr\u00e1n ser m\u00e1s los egresados ya que hay varios que a\u00fan pueden recuperar las evaluaciones\u201d, explic\u00f3 Anita L\u00f3pez, directora de la empresa TelCo, una de las entidades que promueve el espacio de formaci\u00f3n. La referente tambi\u00e9n confirm\u00f3 que la propuesta tendr\u00e1 una tercera edici\u00f3n.<\/p>\n\n\n\n<p>\u201cComo empresa de telecomunicaciones y tecnolog\u00eda del gobierno de Corrientes \u2013 el accionista mayoritario es el Estado provincial \u2013 tenemos instrucciones muy espec\u00edficas de colaborar y ser protagonistas en este desaf\u00edo del desarrollo de tecnolog\u00eda en la provincia\u201d, sostuvo L\u00f3pez. \u201cEs lo que venimos haciendo desde hace cinco a\u00f1os, desde que se cre\u00f3 TelCo. Tuvimos hitos muy importantes; como el cierre de nuestra red provincial de fibra \u00f3ptica ya finalizada. Y tenemos 34 municipios que ya est\u00e1n conectados, vamos a iniciar 2025 con 54 municipios conectados y hacia finalizar 2029 vamos a contar con la totalidad de los municipios conectados\u201d, enumer\u00f3.<\/p>\n\n\n\n<p>\u201cAdem\u00e1s, trabajamos con servicios digitales y tenemos una fuerte impronta de articular actividades de transformaci\u00f3n digital con actores privados y la Universidad, que son estrat\u00e9gicos en este ecosistema de tecnolog\u00eda e innovaci\u00f3n que necesitamos desarrollar\u201d, destac\u00f3 L\u00f3pez, a la vez que resalt\u00f3 la dedicaci\u00f3n de las instituciones participantes en generar acciones conjuntas pensando en \u201cla provincia de Corrientes transformada digitalmente que queremos construir\u201d.<\/p>\n\n\n\n<p>A la hora de dirigirse a los estudiantes que completaron de manera exitosa la formaci\u00f3n del programa Talentos Digitales, la gerente de TelCo los inst\u00f3 a \u201cser actores claves en esto de desarrollar la tecnolog\u00eda en Corrientes\u201d y \u201csumarse al desaf\u00edo nuevo del programa en colaboraci\u00f3n de desarrollo de start ups. Queremos invitarlos a que se sumen, se inscriban, que se desaf\u00eden ustedes mismos y busquen desarrollar ese esp\u00edritu emprendedor asociado a la tecnolog\u00eda. Tenemos mucho por hacer todav\u00eda y qu\u00e9 mejor que tener gente preparada como ustedes, para que pueda solucionar los problemas de los correntinos\u201d, enfatiz\u00f3 al final.<\/p>\n\n\n\n<p><strong>Compromiso para el futuro<\/strong><\/p>\n\n\n\n<p>Para Viviana Godoy Guglielmone, la decana de la Facultad de Ciencias Exactas de la UNNE (FACENA), \u201cla articulaci\u00f3n de la Universidad con actores muy importantes como TelCO y el Polo IT permiti\u00f3 generar programas de entrenamiento como el de Talentos Digitales, tratando de formar recursos humanos para la industria del software, en crecimiento, en sinton\u00eda con los paradigmas tecnol\u00f3gicos que se quieren impulsar\u201d.<\/p>\n\n\n\n<p>En miras al futuro, la decana asegur\u00f3 que \u201ccon la introducci\u00f3n de la Inteligencia Artificial en todos los campos, nos hace reflexionar para la capacitaci\u00f3n constante. Por eso son tan necesarias estas alianzas estrat\u00e9gicas\u201d, sostuvo.<\/p>\n\n\n\n<p>A su turno, tambi\u00e9n en representaci\u00f3n de la Universidad, Sebasti\u00e1n Slobayen en su rol de secretario general de Relaciones Interinstitucionales, ratific\u00f3 el \u201ccompromiso de la UNNE de estar muy vinculada con las necesidades que tiene el territorio. Tras una instancia de escuchar las necesidades del sector privado a trav\u00e9s de TelCo y el Polo IT, hemos preparado las condiciones con la facultad de Ciencias Exactas para brindar herramientas y que cada vez m\u00e1s correntinos puedan estar en condiciones laborales competitivas para lo que requiere el mercado\u201d, sostuvo en referencia al programa Talentos Digitales.<\/p>\n\n\n\n<p>En ese sentido, reconoci\u00f3 el compromiso de la Facultad, del Polo IT y de TelCo para \u201capostar al desarrollo y transformaci\u00f3n digital y tambi\u00e9n al conocimiento. Somos socios a largo plazo para el desarrollo de los correntinos\u201d, asegur\u00f3.<\/p>\n\n\n\n<figure class=\"wp-block-image size-large\"><img loading=\"lazy\" decoding=\"async\" width=\"1024\" height=\"577\" src=\"https:\/\/corrientesdetarde.com\/wp-content\/uploads\/2024\/12\/image-814-1024x577.png\" alt=\"\" class=\"wp-image-179676\" srcset=\"https:\/\/corrientesdetarde.com\/wp-content\/uploads\/2024\/12\/image-814-1024x577.png 1024w, https:\/\/corrientesdetarde.com\/wp-content\/uploads\/2024\/12\/image-814-300x169.png 300w, https:\/\/corrientesdetarde.com\/wp-content\/uploads\/2024\/12\/image-814-768x433.png 768w, https:\/\/corrientesdetarde.com\/wp-content\/uploads\/2024\/12\/image-814.png 1470w\" sizes=\"auto, (max-width: 1024px) 100vw, 1024px\" \/><\/figure>\n\n\n\n<p><strong>Matriz productiva tecnol\u00f3gica<\/strong><\/p>\n\n\n\n<p>Por su parte, Eduardo Burgos, referente de Polo IT, celebr\u00f3 la segunda edici\u00f3n realizada el programa y el anuncio de la continuidad con una tercera edici\u00f3n. \u201cLo que busc\u00e1bamos es fomentar a todos los chicos que empiecen a ver este sector productivo y ampliar la matriz productiva a nivel provincial, con lo que es econom\u00eda del conocimiento. Necesitamos conectividad y el conocimiento. y ah\u00ed podemos aportar much\u00edsimo valor en toda la industria y todo el producto nuestro de corrientes. Con nuestros j\u00f3venes podemos transformar a todas aquellas econom\u00edas tradicionales generar much\u00edsimo valor\u201d, asegur\u00f3.<\/p>\n\n\n\n<p>\u201cCualquiera de nuestros chicos que est\u00e9n preparados puede sumar valor a las econom\u00edas tradicionales: por ejemplo puede crear un software que tenga como objetivo optimizar el uso de la energ\u00eda. En ese caso no transforma ning\u00fan recurso natural ni f\u00edsico, pero el impacto que genera es de reducir costos y aportar valor\u201d, record\u00f3.<\/p>\n\n\n\n<figure class=\"wp-block-image size-large\"><img loading=\"lazy\" decoding=\"async\" width=\"1024\" height=\"550\" src=\"https:\/\/corrientesdetarde.com\/wp-content\/uploads\/2024\/12\/image-815-1024x550.png\" alt=\"\" class=\"wp-image-179677\" srcset=\"https:\/\/corrientesdetarde.com\/wp-content\/uploads\/2024\/12\/image-815-1024x550.png 1024w, https:\/\/corrientesdetarde.com\/wp-content\/uploads\/2024\/12\/image-815-300x161.png 300w, https:\/\/corrientesdetarde.com\/wp-content\/uploads\/2024\/12\/image-815-768x413.png 768w, https:\/\/corrientesdetarde.com\/wp-content\/uploads\/2024\/12\/image-815.png 1502w\" sizes=\"auto, (max-width: 1024px) 100vw, 1024px\" \/><\/figure>\n\n\n\n<p><strong>Incubaci\u00f3n de start ups<\/strong><\/p>\n\n\n\n<p>Con el acto de entrega de certificados de Talentos Digitales como marco, las autoridades de la UNNE, junto a las de TelCo, suscribieron un convenio de cooperaci\u00f3n para profundizar un programa de empresas emergentes de tecnolog\u00eda que ya hab\u00eda sido anunciado en octubre. \u201cLa convocatoria est\u00e1 abierta hasta el 14 de febrero\u201d, record\u00f3 la gerente de Telco, Anita L\u00f3pez. \u201cBusca incentivar a los emprendedores, grupos de alumnos, docentes e incluso investigadores que est\u00e9n trabajando en la tem\u00e1tica de la prevenci\u00f3n de incendios a trav\u00e9s de la tecnolog\u00eda y tambi\u00e9n a los que se relacionen al desarrollo de aplicaciones&nbsp; para Ciudades Digitales que puedan ser aplicables en la provincia\u201d, apunt\u00f3.<\/p>\n\n\n\n<p>La convocatoria ofrece el acompa\u00f1amiento a los proyectos \u201chasta cumplir con todo el proceso pre incubaci\u00f3n, incubaci\u00f3n, b\u00fasqueda de financiamiento y hasta la construcci\u00f3n de un piloto\u201d, se\u00f1al\u00f3 L\u00f3pez.<\/p>\n","protected":false},"excerpt":{"rendered":"<p>El gobierno de Corrientes, a trav\u00e9s de la empresa TelCo SAPEM, la Universidad Nacional del Nordeste &nbsp;y el sector privado representado por el Polo IT, entreg\u00f3 la certificaci\u00f3n a&nbsp; unos&hellip; <\/p>\n","protected":false},"author":1,"featured_media":179677,"comment_status":"closed","ping_status":"open","sticky":false,"template":"","format":"standard","meta":{"footnotes":""},"categories":[1],"tags":[],"class_list":["post-179671","post","type-post","status-publish","format-standard","has-post-thumbnail","hentry","category-informacion-general"],"_links":{"self":[{"href":"https:\/\/corrientesdetarde.com\/index.php\/wp-json\/wp\/v2\/posts\/179671","targetHints":{"allow":["GET"]}}],"collection":[{"href":"https:\/\/corrientesdetarde.com\/index.php\/wp-json\/wp\/v2\/posts"}],"about":[{"href":"https:\/\/corrientesdetarde.com\/index.php\/wp-json\/wp\/v2\/types\/post"}],"author":[{"embeddable":true,"href":"https:\/\/corrientesdetarde.com\/index.php\/wp-json\/wp\/v2\/users\/1"}],"replies":[{"embeddable":true,"href":"https:\/\/corrientesdetarde.com\/index.php\/wp-json\/wp\/v2\/comments?post=179671"}],"version-history":[{"count":1,"href":"https:\/\/corrientesdetarde.com\/index.php\/wp-json\/wp\/v2\/posts\/179671\/revisions"}],"predecessor-version":[{"id":179678,"href":"https:\/\/corrientesdetarde.com\/index.php\/wp-json\/wp\/v2\/posts\/179671\/revisions\/179678"}],"wp:featuredmedia":[{"embeddable":true,"href":"https:\/\/corrientesdetarde.com\/index.php\/wp-json\/wp\/v2\/media\/179677"}],"wp:attachment":[{"href":"https:\/\/corrientesdetarde.com\/index.php\/wp-json\/wp\/v2\/media?parent=179671"}],"wp:term":[{"taxonomy":"category","embeddable":true,"href":"https:\/\/corrientesdetarde.com\/index.php\/wp-json\/wp\/v2\/categories?post=179671"},{"taxonomy":"post_tag","embeddable":true,"href":"https:\/\/corrientesdetarde.com\/index.php\/wp-json\/wp\/v2\/tags?post=179671"}],"curies":[{"name":"wp","href":"https:\/\/api.w.org\/{rel}","templated":true}]}}