{"id":179672,"date":"2024-12-17T10:39:10","date_gmt":"2024-12-17T13:39:10","guid":{"rendered":"https:\/\/corrientesdetarde.com\/?p=179672"},"modified":"2024-12-17T10:39:15","modified_gmt":"2024-12-17T13:39:15","slug":"salud-publica-realiza-control-focal-y-prevencion-de-dengue-en-santo-tome-san-carlos-y-liebig","status":"publish","type":"post","link":"https:\/\/corrientesdetarde.com\/index.php\/bienestar-y-salud\/salud-publica-realiza-control-focal-y-prevencion-de-dengue-en-santo-tome-san-carlos-y-liebig\/","title":{"rendered":"Salud P\u00fablica realiza control focal y prevenci\u00f3n de Dengue en Santo Tom\u00e9, San Carlos y Liebig"},"content":{"rendered":"\n<p><strong><em>En otras localidades y barrios de Capital tambi\u00e9n se lleva adelante el mismo trabajo. Las acciones se enmarcan en el Plan Provincial de Prevenci\u00f3n y Control de Dengue.<\/em><\/strong><\/p>\n\n\n\n<p>El Ministerio de Salud P\u00fablica, a cargo de Ricardo Cardozo, tiene programado tareas de control focal y prevenci\u00f3n, por las enfermedades que transmite el Aedes aegypti, en Santo Tom\u00e9, San Carlos y Colonia Liebig. Tambi\u00e9n, en barrios de Capital.&nbsp;<\/p>\n\n\n\n<p>Cabe recordar que, en el marco del Plan Provincial de Prevenci\u00f3n y Control de Dengue, las tareas se llevan adelante junto a municipios, hospitales y otras instituciones. En todas localidades, hacen tareas preventivas y se intensifica el trabajo en aquellas donde hubo brotes en temporadas anteriores.<\/p>\n\n\n\n<p>Adem\u00e1s, la semana pasada iniciaron acciones de fortalecimiento en Ituzaing\u00f3 por la reapertura del paso fronterizo que une esa ciudad con Ayolas, Paraguay.<\/p>\n\n\n\n<p>Durante 15 d\u00edas, se programaron tareas de prevenci\u00f3n de Dengue, de manera articulada, con equipos de Vectores del Municipio y de Salud de la Naci\u00f3n cuya brigada se encuentra en Ituzaing\u00f3. Est\u00e1n adem\u00e1s los equipos sanitarios del hospital y del municipio. Tambi\u00e9n, se trabaja con la residencia de Epidemiolog\u00eda provincial.<\/p>\n\n\n\n<p>Por el momento, la provincia contin\u00faa en la fase interbrote, se intensifica el descacharrado y control focal. Es as\u00ed que, se est\u00e1 trabajando con los vecinos, revisando criaderos y rociando larvicidas, adem\u00e1s de compartir informaci\u00f3n esencial.<\/p>\n\n\n\n<p><strong>Recomendaciones:<\/strong><\/p>\n\n\n\n<p>-Eliminar todos los recipientes en desuso que puedan acumular agua (latas, botellas, neum\u00e1ticos, etc.) dentro y fuera de la vivienda y\/o lugar de trabajo.<\/p>\n\n\n\n<p>-Agujerear los recipientes no utilizables antes de ser descartados. Si no es posible, romperlos o compactarlos. Colocarlos en bolsas cerradas para su retiro seguro por el recolector de residuos.<\/p>\n\n\n\n<p>-Dar vuelta, tapar o resguardar los objetos \u00fatiles que se encuentran en el exterior y pueden acumular agua de lluvia o riego (baldes, palanganas, tambores, juguetes, etc.).<\/p>\n\n\n\n<p>-Cepillar, limpiar y cambiar el agua de bebederos de animales, colectores de desag\u00fces de aire acondicionado o lluvia. Cepillar o frotar las paredes internas del recipiente es fundamental para desprender los huevos de mosquitos que est\u00e1n adheridos all\u00ed.<\/p>\n\n\n\n<p>-Evitar tener plantas en agua. Reemplazar el agua de las macetas o contenedores de plantas, por arena, tierra u otro sustrato adecuado. Caso contrario, cambiar el agua frecuentemente (cada 2\/3 d\u00edas aproximadamente, revisando que no queden larvas en las ra\u00edces) y cepillar las paredes internas de los floreros.<\/p>\n\n\n\n<p>-Llenar los porta-macetas con arena a fin de absorber el excedente de agua al regar.<\/p>\n\n\n\n<p>-Mantener los patios y jardines desmalezados.<\/p>\n\n\n\n<p>-Destapar canaletas y desag\u00fces de lluvia.<\/p>\n\n\n\n<p>-Verter agua hirviendo en las paredes internas de las rejillas y colocarles tela mosquitera.<\/p>\n\n\n\n<p>-Mantener tapados los tanques y grandes recipientes (aljibes, cisternas, etc.) que se usan para recolectar y almacenar agua.<\/p>\n\n\n\n<p>-Mantener limpias y cloradas las piletas de nataci\u00f3n. Mantenerlas cubiertas cuando no se utilicen.<\/p>\n\n\n\n<p>La sospecha s\u00ed tiene Dengue es cuando tiene fiebre (38\u00b0 o m\u00e1s) acompa\u00f1ada de: dolor de cabeza y\/o dolor detr\u00e1s de los ojos, dolor muscular y\/o en las articulaciones, n\u00e1useas, v\u00f3mitos y\/o diarrea, malestar g<\/p>\n","protected":false},"excerpt":{"rendered":"<p>En otras localidades y barrios de Capital tambi\u00e9n se lleva adelante el mismo trabajo. Las acciones se enmarcan en el Plan Provincial de Prevenci\u00f3n y Control de Dengue. El Ministerio&hellip; <\/p>\n","protected":false},"author":1,"featured_media":179673,"comment_status":"closed","ping_status":"open","sticky":false,"template":"","format":"standard","meta":{"footnotes":""},"categories":[16],"tags":[],"class_list":["post-179672","post","type-post","status-publish","format-standard","has-post-thumbnail","hentry","category-bienestar-y-salud"],"_links":{"self":[{"href":"https:\/\/corrientesdetarde.com\/index.php\/wp-json\/wp\/v2\/posts\/179672","targetHints":{"allow":["GET"]}}],"collection":[{"href":"https:\/\/corrientesdetarde.com\/index.php\/wp-json\/wp\/v2\/posts"}],"about":[{"href":"https:\/\/corrientesdetarde.com\/index.php\/wp-json\/wp\/v2\/types\/post"}],"author":[{"embeddable":true,"href":"https:\/\/corrientesdetarde.com\/index.php\/wp-json\/wp\/v2\/users\/1"}],"replies":[{"embeddable":true,"href":"https:\/\/corrientesdetarde.com\/index.php\/wp-json\/wp\/v2\/comments?post=179672"}],"version-history":[{"count":1,"href":"https:\/\/corrientesdetarde.com\/index.php\/wp-json\/wp\/v2\/posts\/179672\/revisions"}],"predecessor-version":[{"id":179674,"href":"https:\/\/corrientesdetarde.com\/index.php\/wp-json\/wp\/v2\/posts\/179672\/revisions\/179674"}],"wp:featuredmedia":[{"embeddable":true,"href":"https:\/\/corrientesdetarde.com\/index.php\/wp-json\/wp\/v2\/media\/179673"}],"wp:attachment":[{"href":"https:\/\/corrientesdetarde.com\/index.php\/wp-json\/wp\/v2\/media?parent=179672"}],"wp:term":[{"taxonomy":"category","embeddable":true,"href":"https:\/\/corrientesdetarde.com\/index.php\/wp-json\/wp\/v2\/categories?post=179672"},{"taxonomy":"post_tag","embeddable":true,"href":"https:\/\/corrientesdetarde.com\/index.php\/wp-json\/wp\/v2\/tags?post=179672"}],"curies":[{"name":"wp","href":"https:\/\/api.w.org\/{rel}","templated":true}]}}