{"id":179894,"date":"2024-12-18T12:10:54","date_gmt":"2024-12-18T15:10:54","guid":{"rendered":"https:\/\/corrientesdetarde.com\/?p=179894"},"modified":"2024-12-18T12:10:57","modified_gmt":"2024-12-18T15:10:57","slug":"los-senadores-diogenes-gonzalez-y-lucrecia-lertora-juraron-como-miembros-del-jury-de-enjuiciamiento-para-el-periodo-2024-2026","status":"publish","type":"post","link":"https:\/\/corrientesdetarde.com\/index.php\/informacion-general\/los-senadores-diogenes-gonzalez-y-lucrecia-lertora-juraron-como-miembros-del-jury-de-enjuiciamiento-para-el-periodo-2024-2026\/","title":{"rendered":"Los senadores Di\u00f3genes Gonz\u00e1lez y Lucrecia L\u00e9rtora juraron como miembros del Jury de Enjuiciamiento para el per\u00edodo 2024-2026"},"content":{"rendered":"\n<p>El vicegobernador Pedro Braillard Poccard particip\u00f3 del acto realizado en el Sal\u00f3n de Acuerdos del Superior Tribunal de Justicia, en el que se tom\u00f3 juramento a los legisladores que formar\u00e1n parte de este \u00f3rgano especial en representaci\u00f3n de la C\u00e1mara Alta.<\/p>\n\n\n\n<p>El presidente del Jurado de Enjuiciamiento, doctor Alejandro Alberto Chain, a cargo de la jura, estuvo acompa\u00f1ado por el doctor Luis Eduardo Rey V\u00e1zquez, Presidente del Superior Tribunal de Justicia, y el ministro y presidente subrogante del Jurado de Enjuiciamiento, doctor Fernando Augusto Niz.<\/p>\n\n\n\n<figure class=\"wp-block-image size-full\"><img loading=\"lazy\" decoding=\"async\" width=\"915\" height=\"639\" src=\"https:\/\/corrientesdetarde.com\/wp-content\/uploads\/2024\/12\/image-882.png\" alt=\"\" class=\"wp-image-179899\" srcset=\"https:\/\/corrientesdetarde.com\/wp-content\/uploads\/2024\/12\/image-882.png 915w, https:\/\/corrientesdetarde.com\/wp-content\/uploads\/2024\/12\/image-882-300x210.png 300w, https:\/\/corrientesdetarde.com\/wp-content\/uploads\/2024\/12\/image-882-768x536.png 768w\" sizes=\"auto, (max-width: 915px) 100vw, 915px\" \/><\/figure>\n\n\n\n<figure class=\"wp-block-image size-full\"><img loading=\"lazy\" decoding=\"async\" width=\"947\" height=\"672\" src=\"https:\/\/corrientesdetarde.com\/wp-content\/uploads\/2024\/12\/image-880.png\" alt=\"\" class=\"wp-image-179897\" srcset=\"https:\/\/corrientesdetarde.com\/wp-content\/uploads\/2024\/12\/image-880.png 947w, https:\/\/corrientesdetarde.com\/wp-content\/uploads\/2024\/12\/image-880-300x213.png 300w, https:\/\/corrientesdetarde.com\/wp-content\/uploads\/2024\/12\/image-880-768x545.png 768w\" sizes=\"auto, (max-width: 947px) 100vw, 947px\" \/><\/figure>\n\n\n\n<figure class=\"wp-block-image size-full\"><img loading=\"lazy\" decoding=\"async\" width=\"1004\" height=\"665\" src=\"https:\/\/corrientesdetarde.com\/wp-content\/uploads\/2024\/12\/image-879.png\" alt=\"\" class=\"wp-image-179896\" srcset=\"https:\/\/corrientesdetarde.com\/wp-content\/uploads\/2024\/12\/image-879.png 1004w, https:\/\/corrientesdetarde.com\/wp-content\/uploads\/2024\/12\/image-879-300x199.png 300w, https:\/\/corrientesdetarde.com\/wp-content\/uploads\/2024\/12\/image-879-768x509.png 768w\" sizes=\"auto, (max-width: 1004px) 100vw, 1004px\" \/><\/figure>\n\n\n\n<figure class=\"wp-block-image size-large\"><img loading=\"lazy\" decoding=\"async\" width=\"1024\" height=\"683\" src=\"https:\/\/corrientesdetarde.com\/wp-content\/uploads\/2024\/12\/Imagen-de-WhatsApp-2024-12-18-a-las-11.28.08_11a25b15-1024x683.jpg\" alt=\"\" class=\"wp-image-179895\" srcset=\"https:\/\/corrientesdetarde.com\/wp-content\/uploads\/2024\/12\/Imagen-de-WhatsApp-2024-12-18-a-las-11.28.08_11a25b15-1024x683.jpg 1024w, https:\/\/corrientesdetarde.com\/wp-content\/uploads\/2024\/12\/Imagen-de-WhatsApp-2024-12-18-a-las-11.28.08_11a25b15-300x200.jpg 300w, https:\/\/corrientesdetarde.com\/wp-content\/uploads\/2024\/12\/Imagen-de-WhatsApp-2024-12-18-a-las-11.28.08_11a25b15-768x512.jpg 768w, https:\/\/corrientesdetarde.com\/wp-content\/uploads\/2024\/12\/Imagen-de-WhatsApp-2024-12-18-a-las-11.28.08_11a25b15-1536x1024.jpg 1536w, https:\/\/corrientesdetarde.com\/wp-content\/uploads\/2024\/12\/Imagen-de-WhatsApp-2024-12-18-a-las-11.28.08_11a25b15.jpg 1599w\" sizes=\"auto, (max-width: 1024px) 100vw, 1024px\" \/><\/figure>\n","protected":false},"excerpt":{"rendered":"<p>El vicegobernador Pedro Braillard Poccard particip\u00f3 del acto realizado en el Sal\u00f3n de Acuerdos del Superior Tribunal de Justicia, en el que se tom\u00f3 juramento a los legisladores que formar\u00e1n&hellip; <\/p>\n","protected":false},"author":1,"featured_media":179896,"comment_status":"closed","ping_status":"open","sticky":false,"template":"","format":"standard","meta":{"footnotes":""},"categories":[1],"tags":[],"class_list":["post-179894","post","type-post","status-publish","format-standard","has-post-thumbnail","hentry","category-informacion-general"],"_links":{"self":[{"href":"https:\/\/corrientesdetarde.com\/index.php\/wp-json\/wp\/v2\/posts\/179894","targetHints":{"allow":["GET"]}}],"collection":[{"href":"https:\/\/corrientesdetarde.com\/index.php\/wp-json\/wp\/v2\/posts"}],"about":[{"href":"https:\/\/corrientesdetarde.com\/index.php\/wp-json\/wp\/v2\/types\/post"}],"author":[{"embeddable":true,"href":"https:\/\/corrientesdetarde.com\/index.php\/wp-json\/wp\/v2\/users\/1"}],"replies":[{"embeddable":true,"href":"https:\/\/corrientesdetarde.com\/index.php\/wp-json\/wp\/v2\/comments?post=179894"}],"version-history":[{"count":1,"href":"https:\/\/corrientesdetarde.com\/index.php\/wp-json\/wp\/v2\/posts\/179894\/revisions"}],"predecessor-version":[{"id":179900,"href":"https:\/\/corrientesdetarde.com\/index.php\/wp-json\/wp\/v2\/posts\/179894\/revisions\/179900"}],"wp:featuredmedia":[{"embeddable":true,"href":"https:\/\/corrientesdetarde.com\/index.php\/wp-json\/wp\/v2\/media\/179896"}],"wp:attachment":[{"href":"https:\/\/corrientesdetarde.com\/index.php\/wp-json\/wp\/v2\/media?parent=179894"}],"wp:term":[{"taxonomy":"category","embeddable":true,"href":"https:\/\/corrientesdetarde.com\/index.php\/wp-json\/wp\/v2\/categories?post=179894"},{"taxonomy":"post_tag","embeddable":true,"href":"https:\/\/corrientesdetarde.com\/index.php\/wp-json\/wp\/v2\/tags?post=179894"}],"curies":[{"name":"wp","href":"https:\/\/api.w.org\/{rel}","templated":true}]}}