{"id":179902,"date":"2024-12-18T14:07:56","date_gmt":"2024-12-18T17:07:56","guid":{"rendered":"https:\/\/corrientesdetarde.com\/?p=179902"},"modified":"2024-12-18T14:08:00","modified_gmt":"2024-12-18T17:08:00","slug":"salud-publica-capacito-a-equipos-sanitarios-de-virasoro","status":"publish","type":"post","link":"https:\/\/corrientesdetarde.com\/index.php\/bienestar-y-salud\/salud-publica-capacito-a-equipos-sanitarios-de-virasoro\/","title":{"rendered":"Salud P\u00fablica capacit\u00f3 a equipos sanitarios de Virasoro"},"content":{"rendered":"\n<p>El Ministerio de Salud, a cargo de Ricardo Cardozo, capacit\u00f3 a equipos sanitarios en el Hospital \u201cDr. Miguel Sussini\u201d de Virasoro. Referentes de \u00e1reas de la Direcci\u00f3n General de Epidemiolog\u00eda, hicieron una actualizaci\u00f3n en diferentes contenidos. La actividad cont\u00f3 con la participaci\u00f3n del director del nosocomio, Valerio Uribe, jefes de servicios y coordinadores de \u00e1reas.<\/p>\n\n\n\n<p>Uno de los puntos que trataron fue el circuito de programa para diagn\u00f3stico, tratamiento y notificaci\u00f3n en el Sistema Nacional de Vigilancia de la Salud (SNVS) de VIH &#8211; el virus de inmunodeficiencia humana- y S\u00edfilis en adultos, gestantes y expuestos perinatales.<\/p>\n\n\n\n<p>Adem\u00e1s, realizaron abordaje de Tuberculosis en el primer y segundo nivel de atenci\u00f3n; captaci\u00f3n del sintom\u00e1tico respiratorio; diagn\u00f3stico; nuevos m\u00e9todos; pruebas moleculares r\u00e1pidas; tratamiento recomendaciones; FODA -Fortalezas, Oportunidades, Debilidades y Amenaza de la regi\u00f3n-; nuevas exigencias program\u00e1ticas del Programa Nacional de Control de la Tuberculosis (PNCTB).<\/p>\n\n\n\n<p>Otro de los temas, fue el circuito de abordaje en VIH; VIH en embarazadas y expuestos perinatales y en S\u00edfilis en poblaci\u00f3n general; S\u00edfilis en embarazadas y S\u00edfilis cong\u00e9nita. A esto se sum\u00f3, la profilaxis post exposici\u00f3n y profilaxis pre exposici\u00f3n.<\/p>\n\n\n\n<p>Tambi\u00e9n, hubo actividades de difusi\u00f3n y gesti\u00f3n del Programa de Chagas: algoritmo diagn\u00f3stico de trasmisi\u00f3n vertical en el marco de ETMI PLUS; flujograma para realizar tratamiento (pedido y recepci\u00f3n de medicamentos); flujograma de acci\u00f3n de los puestos de notificaci\u00f3n de vinchucas.<\/p>\n\n\n\n<figure class=\"wp-block-image size-large\"><img loading=\"lazy\" decoding=\"async\" width=\"1024\" height=\"768\" src=\"https:\/\/corrientesdetarde.com\/wp-content\/uploads\/2024\/12\/image-884-1024x768.png\" alt=\"\" class=\"wp-image-179904\" srcset=\"https:\/\/corrientesdetarde.com\/wp-content\/uploads\/2024\/12\/image-884-1024x768.png 1024w, https:\/\/corrientesdetarde.com\/wp-content\/uploads\/2024\/12\/image-884-300x225.png 300w, https:\/\/corrientesdetarde.com\/wp-content\/uploads\/2024\/12\/image-884-768x576.png 768w, https:\/\/corrientesdetarde.com\/wp-content\/uploads\/2024\/12\/image-884-1536x1152.png 1536w, https:\/\/corrientesdetarde.com\/wp-content\/uploads\/2024\/12\/image-884.png 1600w\" sizes=\"auto, (max-width: 1024px) 100vw, 1024px\" \/><\/figure>\n\n\n\n<figure class=\"wp-block-image size-large\"><img loading=\"lazy\" decoding=\"async\" width=\"576\" height=\"1024\" src=\"https:\/\/corrientesdetarde.com\/wp-content\/uploads\/2024\/12\/image-885-576x1024.png\" alt=\"\" class=\"wp-image-179905\" srcset=\"https:\/\/corrientesdetarde.com\/wp-content\/uploads\/2024\/12\/image-885-576x1024.png 576w, https:\/\/corrientesdetarde.com\/wp-content\/uploads\/2024\/12\/image-885-169x300.png 169w, https:\/\/corrientesdetarde.com\/wp-content\/uploads\/2024\/12\/image-885-768x1366.png 768w, https:\/\/corrientesdetarde.com\/wp-content\/uploads\/2024\/12\/image-885-864x1536.png 864w, https:\/\/corrientesdetarde.com\/wp-content\/uploads\/2024\/12\/image-885.png 899w\" sizes=\"auto, (max-width: 576px) 100vw, 576px\" \/><\/figure>\n","protected":false},"excerpt":{"rendered":"<p>El Ministerio de Salud, a cargo de Ricardo Cardozo, capacit\u00f3 a equipos sanitarios en el Hospital \u201cDr. Miguel Sussini\u201d de Virasoro. Referentes de \u00e1reas de la Direcci\u00f3n General de Epidemiolog\u00eda,&hellip; <\/p>\n","protected":false},"author":8,"featured_media":179903,"comment_status":"closed","ping_status":"open","sticky":false,"template":"","format":"standard","meta":{"footnotes":""},"categories":[16],"tags":[],"class_list":["post-179902","post","type-post","status-publish","format-standard","has-post-thumbnail","hentry","category-bienestar-y-salud"],"_links":{"self":[{"href":"https:\/\/corrientesdetarde.com\/index.php\/wp-json\/wp\/v2\/posts\/179902","targetHints":{"allow":["GET"]}}],"collection":[{"href":"https:\/\/corrientesdetarde.com\/index.php\/wp-json\/wp\/v2\/posts"}],"about":[{"href":"https:\/\/corrientesdetarde.com\/index.php\/wp-json\/wp\/v2\/types\/post"}],"author":[{"embeddable":true,"href":"https:\/\/corrientesdetarde.com\/index.php\/wp-json\/wp\/v2\/users\/8"}],"replies":[{"embeddable":true,"href":"https:\/\/corrientesdetarde.com\/index.php\/wp-json\/wp\/v2\/comments?post=179902"}],"version-history":[{"count":1,"href":"https:\/\/corrientesdetarde.com\/index.php\/wp-json\/wp\/v2\/posts\/179902\/revisions"}],"predecessor-version":[{"id":179906,"href":"https:\/\/corrientesdetarde.com\/index.php\/wp-json\/wp\/v2\/posts\/179902\/revisions\/179906"}],"wp:featuredmedia":[{"embeddable":true,"href":"https:\/\/corrientesdetarde.com\/index.php\/wp-json\/wp\/v2\/media\/179903"}],"wp:attachment":[{"href":"https:\/\/corrientesdetarde.com\/index.php\/wp-json\/wp\/v2\/media?parent=179902"}],"wp:term":[{"taxonomy":"category","embeddable":true,"href":"https:\/\/corrientesdetarde.com\/index.php\/wp-json\/wp\/v2\/categories?post=179902"},{"taxonomy":"post_tag","embeddable":true,"href":"https:\/\/corrientesdetarde.com\/index.php\/wp-json\/wp\/v2\/tags?post=179902"}],"curies":[{"name":"wp","href":"https:\/\/api.w.org\/{rel}","templated":true}]}}