{"id":179937,"date":"2024-12-18T15:01:43","date_gmt":"2024-12-18T18:01:43","guid":{"rendered":"https:\/\/corrientesdetarde.com\/?p=179937"},"modified":"2024-12-18T15:01:48","modified_gmt":"2024-12-18T18:01:48","slug":"salud-publica-comunica-sobre-la-prorroga-del-cud","status":"publish","type":"post","link":"https:\/\/corrientesdetarde.com\/index.php\/bienestar-y-salud\/salud-publica-comunica-sobre-la-prorroga-del-cud\/","title":{"rendered":"Salud P\u00fablica comunica sobre la pr\u00f3rroga del CUD"},"content":{"rendered":"\n<p><em>La persona a cargo de la Direcci\u00f3n de Discapacidad inform\u00f3 sobre la resoluci\u00f3n de la Agencia Nacional.<\/em><\/p>\n\n\n\n<p>El Ministerio de Salud P\u00fablica&nbsp;comunica la pr\u00f3rroga del Certificado \u00danico de Discapacidad (CUD). La misma, fue a trav\u00e9s de la Agencia Nacional de Discapacidad con la Resoluci\u00f3n N\u00ba 2520 publicada el d\u00eda 16 de diciembre de 2024 en el Bolet\u00edn Oficial. &nbsp;<\/p>\n\n\n\n<p>\u201cSe prorroga, por \u00fanica vez y por el t\u00e9rmino de un a\u00f1o desde la fecha consignada en el CUD las instancias de actualizaci\u00f3n que deban realizar las personas titulares de un CUD cuya fecha de vencimiento o actualizaci\u00f3n original, sin pr\u00f3rroga anterior, ocurra entre el 01 de enero de 2025 y el 31 de diciembre de 2025\u201d, indic\u00f3 Mirta Mendoza, quien est\u00e1 a cargo de la Direcci\u00f3n de Discapacidad.<\/p>\n\n\n\n<p>Cabe aclarar que \u201cla presente resoluci\u00f3n no reemplaza a las anteriores, es as\u00ed que los vencimientos de los CUDs que fueron prorrogados en los a\u00f1os 2022, 2023 y 2024, son los que vencen igual d\u00eda y mes, pero del 2025\u201d.<\/p>\n\n\n\n<p>El CUD es un documento p\u00fablico que certifica la discapacidad de la persona respecto a las \u00e1reas intelectual y mental, visual, motora, auditiva, respiratoria, cardiovascular, renal urol\u00f3gica y\/o digestivo\/hep\u00e1tica y le permite acceder a derechos y prestaciones que brinda el Estado. Tiene validez en todo el pa\u00eds y su tramitaci\u00f3n es voluntaria y gratuita.<\/p>\n","protected":false},"excerpt":{"rendered":"<p>La persona a cargo de la Direcci\u00f3n de Discapacidad inform\u00f3 sobre la resoluci\u00f3n de la Agencia Nacional. El Ministerio de Salud P\u00fablica&nbsp;comunica la pr\u00f3rroga del Certificado \u00danico de Discapacidad (CUD).&hellip; <\/p>\n","protected":false},"author":8,"featured_media":179938,"comment_status":"closed","ping_status":"open","sticky":false,"template":"","format":"standard","meta":{"footnotes":""},"categories":[16],"tags":[],"class_list":["post-179937","post","type-post","status-publish","format-standard","has-post-thumbnail","hentry","category-bienestar-y-salud"],"_links":{"self":[{"href":"https:\/\/corrientesdetarde.com\/index.php\/wp-json\/wp\/v2\/posts\/179937","targetHints":{"allow":["GET"]}}],"collection":[{"href":"https:\/\/corrientesdetarde.com\/index.php\/wp-json\/wp\/v2\/posts"}],"about":[{"href":"https:\/\/corrientesdetarde.com\/index.php\/wp-json\/wp\/v2\/types\/post"}],"author":[{"embeddable":true,"href":"https:\/\/corrientesdetarde.com\/index.php\/wp-json\/wp\/v2\/users\/8"}],"replies":[{"embeddable":true,"href":"https:\/\/corrientesdetarde.com\/index.php\/wp-json\/wp\/v2\/comments?post=179937"}],"version-history":[{"count":1,"href":"https:\/\/corrientesdetarde.com\/index.php\/wp-json\/wp\/v2\/posts\/179937\/revisions"}],"predecessor-version":[{"id":179939,"href":"https:\/\/corrientesdetarde.com\/index.php\/wp-json\/wp\/v2\/posts\/179937\/revisions\/179939"}],"wp:featuredmedia":[{"embeddable":true,"href":"https:\/\/corrientesdetarde.com\/index.php\/wp-json\/wp\/v2\/media\/179938"}],"wp:attachment":[{"href":"https:\/\/corrientesdetarde.com\/index.php\/wp-json\/wp\/v2\/media?parent=179937"}],"wp:term":[{"taxonomy":"category","embeddable":true,"href":"https:\/\/corrientesdetarde.com\/index.php\/wp-json\/wp\/v2\/categories?post=179937"},{"taxonomy":"post_tag","embeddable":true,"href":"https:\/\/corrientesdetarde.com\/index.php\/wp-json\/wp\/v2\/tags?post=179937"}],"curies":[{"name":"wp","href":"https:\/\/api.w.org\/{rel}","templated":true}]}}