{"id":180103,"date":"2024-12-19T13:32:13","date_gmt":"2024-12-19T16:32:13","guid":{"rendered":"https:\/\/corrientesdetarde.com\/?p=180103"},"modified":"2024-12-19T13:32:18","modified_gmt":"2024-12-19T16:32:18","slug":"presentaron-el-area-de-innovacion-tecnologica-legislativa-en-camara-de-diputados-de-la-provincia","status":"publish","type":"post","link":"https:\/\/corrientesdetarde.com\/index.php\/actualidad\/presentaron-el-area-de-innovacion-tecnologica-legislativa-en-camara-de-diputados-de-la-provincia\/","title":{"rendered":"Presentaron el \u00e1rea de Innovaci\u00f3n Tecnol\u00f3gica Legislativa en C\u00e1mara de Diputados de la Provincia\u00a0"},"content":{"rendered":"\n<p>La Secretaria Parlamentaria de la C\u00e1mara de Diputados de la provincia de Corrientes Dra Evelyn Karsten present\u00f3 formalmente el \u00e1rea de Innovaci\u00f3n Tecnol\u00f3gica Legislativa, que estar\u00e1 a cargo de la licenciada Sof\u00eda Vallejos.<\/p>\n\n\n\n<p>La Dra Karsten&nbsp;subray\u00f3 que los cambios tecnol\u00f3gicos son constantes y todos ellos muy \u00fatiles para mejorar la eficiencia y transparencia en el proceso legislativo, facilitando el acceso a la informaci\u00f3n y permitiendo una participaci\u00f3n ciudadana m\u00e1s activa.<\/p>\n\n\n\n<p>Coment\u00f3 los avances en este \u00e1mbito desde 2010 y destac\u00f3 la labor que llevar\u00e1 a cabo la licenciada Vallejos.<\/p>\n\n\n\n<p>Acompa\u00f1\u00f3 a la Dra Karsten el Director de Despacho Jorge Picchio.<\/p>\n\n\n\n<p><strong>Dra Evelyn Karsten<\/strong><\/p>\n\n\n\n<p>\u201cEn definitiva este proceso que estamos generando se enmarca en un programa&nbsp;&nbsp;de modernizaci\u00f3n que fue&nbsp;&nbsp;llevado adelante desde el a\u00f1o 2010 con el Director de Despacho, que fue el gestor de todo esto\u201d, comenz\u00f3 diciendo la Secretaria Parlamentaria Evelyn Karsten.<\/p>\n\n\n\n<p>\u201cEste programa de modernizaci\u00f3n que viene llevando la C\u00e1mara con un mont\u00f3n de cuestiones que fueron colaborando en el proceso de actualizaci\u00f3n;&nbsp;&nbsp;de digitalizaci\u00f3n;&nbsp;&nbsp;con la&nbsp;&nbsp;&nbsp;incorporaci\u00f3n del Digesto Jur\u00eddico de la provincia; con la capacitaci\u00f3n que estamos llevando adelante tambi\u00e9n&nbsp;&nbsp;desde la C\u00e1mara\u201d, acot\u00f3.<\/p>\n\n\n\n<p>&nbsp;\u201cHoy en d\u00eda con el uso de las nuevas tecnolog\u00edas por ejemplo, la inteligencia artificial,&nbsp;&nbsp;que hoy es un ABC en todo lo que&nbsp;&nbsp;es la modernidad;&nbsp;&nbsp;por supuesto que para nosotros lo del ayer era algo muy moderno hoy qued\u00f3 arcaico\u201d, asever\u00f3.<\/p>\n\n\n\n<p>&nbsp;Entonces \u2013continu\u00f3- \u201clo que necesitamos es un \u00e1rea utilizando el recurso humano que tenemos en la C\u00e1mara.&nbsp;&nbsp;&nbsp;Necesitamos un \u00e1rea de formaci\u00f3n, de capacitaci\u00f3n que nos ense\u00f1e y coordine&nbsp;&nbsp;todo este recurso humano y tecnol\u00f3gico.\u201d<\/p>\n\n\n\n<p>\u201cNos pareci\u00f3 que Sof\u00eda que es Licenciada en Sistemas de Informaci\u00f3n, puede llevar adelante esta tarea y todas las ideas nuevas que tenemos\u201d.<\/p>\n\n\n\n<p>&nbsp;Ejemplific\u00f3, con respecto al expediente digital que \u201cDiputados que son del interior para firmar un despacho tienen que hacerlo presencialmente. Tienen que venir desde sus localidades. Eso demora la reuni\u00f3n, demora en que salga el despacho por ende se demora en el tr\u00e1mite legislativo, lo podr\u00edan hacer desde la firma digital\u201d.<\/p>\n\n\n\n<p>\u201cQuer\u00edamos optimizar todo lo que tenemos&nbsp;&nbsp;y generar desde este espacio una mayor apertura a la participaci\u00f3n ciudadana, porque la gente tiene que conocer para poder involucrarse, es un salto de calidad institucional para lograr que el ciudadano se relacione mejor con sus representantes\u201d, concluy\u00f3.<\/p>\n\n\n\n<p><strong>Jefa de Innovaci\u00f3n<\/strong><\/p>\n\n\n\n<p>La nueva Jefa del \u00e1rea de Innovaci\u00f3n tecnol\u00f3gica, se\u00f1al\u00f3 que intentar\u00e1 innovar con cosas \u201cque no hay en las c\u00e1maras legislativas del pa\u00eds y esperamos&nbsp;&nbsp;cumplir esos objetivos en corto y largo plazo\u201d.<\/p>\n\n\n\n<p>\u201cVamos a sumar lo que se conoce como tecnolog\u00edas&nbsp;&nbsp;emergentes, especialmente hacer foco en lo que es la Inteligencia Artificial. Nosotros vamos a colaborar en todo lo que ya existe. El trabajo excepci\u00f3n que hizo Coco (Picchio) que la gente no toma dimensi\u00f3n, pero digitalizar nos permite a nosotros tener datos y ah\u00ed es donde uno puede aplicar la inteligencia artificial. Queremos potenciar la eficiencia, la transparencia y la participaci\u00f3n ciudadano, bas\u00e1ndonos en datos\u201d, sostuvo.<\/p>\n\n\n\n<p>&nbsp;Remarc\u00f3 la intensi\u00f3n de \u201cacercar a la ciudadan\u00eda,&nbsp;&nbsp;no solo que conozca el trabajo del legislador&nbsp;&nbsp;en s\u00ed, porque el legislador es el \u00faltimo eslab\u00f3n, porque una c\u00e1mara funciona gracias a todos los procesos internos que existen. Vamos a implementar un sistema de gesti\u00f3n&nbsp;&nbsp;legislativa&nbsp;&nbsp;inteligente, automatizar procesos administrativos y legislativos que es la implementaci\u00f3n de firma digital para que los legisladores del interior puedan seguir trabajando en sus municipios\u201d, detall\u00f3.<\/p>\n\n\n\n<p>&nbsp;Sobre el \u201cvoto electr\u00f3nico\u201d sostuvo que se \u201cutilizar\u00e1 tecnolog\u00eda Blockchain. Vamos a capacitar por supuesto&nbsp;&nbsp;a todo el personal, estas son las tareas que&nbsp;&nbsp;a&nbsp;&nbsp;corto plazo nos planteamos\u201d.<\/p>\n\n\n\n<p>Adelant\u00f3 adem\u00e1s: \u201cVamos a simular el impacto que puede generar la aprobaci\u00f3n de un proyecto. Entonces no va a quedar en una sensaci\u00f3n, explicarles al ciudadano porque hay proyectos que no salen. A veces lleva tanto tiempo de investigaci\u00f3n, tanto de tiempo de trabajo, nosotros vamos a&nbsp;&nbsp;intentar reducir ese tiempo y vamos&nbsp;&nbsp;a mostrarle a la ciudadan\u00eda por que no se aprueba, todo con datos e indicadores\u201d.<\/p>\n\n\n\n<p><strong>Transparencia y Gobernanza<\/strong><\/p>\n\n\n\n<p>\u201cTodo ciudadano va a&nbsp;&nbsp;tener acceso&nbsp;&nbsp;a lo que estamos contando. Ellos si ten\u00edan inter\u00e9s&nbsp;&nbsp;ten\u00edan que acercarse y hoy vamos a tener una plataforma, vamos a dise\u00f1ar un chatbot tambi\u00e9n para generar a\u00fan m\u00e1s cercan\u00eda con ellos\u201d, anunci\u00f3 la licenciada Sof\u00eda Vallejos.<\/p>\n\n\n\n<p>\u201cEsto es algo clave, que se habla en todo el mundo, por eso les dec\u00eda que es muy ambicioso el proyecto es algo que en algunas de las cosas solo lo tiene C\u00f3rdoba. Entonces, estar\u00edamos innovando&nbsp;&nbsp;nosotros en todo lo que es el pa\u00eds.&nbsp;&nbsp;Lo que es clave la optimizaci\u00f3n de tiempos y recursos y estas herramientas que vamos a implementar es para generar la mayor transparencia posible\u201d, afirm\u00f3.<\/p>\n\n\n\n<p>Tambi\u00e9n subray\u00f3 la meta de \u201cfortalecer el v\u00ednculo con las Universidades,&nbsp;&nbsp;para poder llevar al nivel superior y al primario para que sea un aprendizaje significativo;&nbsp;&nbsp;en los dise\u00f1os de las curr\u00edculas&nbsp;&nbsp;de primaria,&nbsp;&nbsp;est\u00e1n los tres poderes pero se quedan en conceptos&nbsp;&nbsp;te\u00f3ricos. Entonces a trav\u00e9s de lo que es la tecnolog\u00eda emergente,&nbsp;&nbsp;tener la posibilidad de acercar, sin necesidad de que los que son del interior vengan hasta ac\u00e1 tengan conocimiento de nuestra Legislatura, de los procesos, de la historia, simulacros de c\u00f3mo funciona una sesi\u00f3n\u201d, afirm\u00f3.<\/p>\n\n\n\n<p>En definitiva, afirm\u00f3 que los objetivos son: acceso equitativo a la informaci\u00f3n; participaci\u00f3n ciudadana activa en decisiones locales y provinciales,&nbsp;&nbsp;clave la reducci\u00f3n de la brecha digital.<\/p>\n\n\n\n<p>Tambi\u00e9n est\u00e1 ideado un \u201cprograma&nbsp;&nbsp;de capacitaci\u00f3n del ciudadano digital. Vamos a acompa\u00f1ar en este proceso a nuestros adultos mayores y lo m\u00e1s importante es la transparencia&nbsp;&nbsp;&nbsp;y confianza entre los ciudadanos y el gobierno\u201d.<\/p>\n\n\n\n<p>\u201cQueremos dejar atr\u00e1s el mito de que todo se resuelve&nbsp;&nbsp;a puertas cerradas en una Legislatura que en realidad el ciudadano si quiere puede participar. Todo va&nbsp;&nbsp;a estar abierto a&nbsp;&nbsp;trav\u00e9s de una plataforma, vamos a&nbsp;&nbsp;&nbsp;armar foros, vamos a tener una aplicaci\u00f3n, vamos a desarrollar chatbot para que atienda a la necesidad de cada ciudadano&nbsp;&nbsp;y que participe desde&nbsp;&nbsp;el lugar que est\u00e9 en la provincia de Corrientes\u201d.<\/p>\n\n\n\n<p>\u201cLo que intentamos es transformar la gobernanza en la provincia de Corrientes utilizando tecnolog\u00edas para la eficiencia, la transparencia,&nbsp;&nbsp;y la participaci\u00f3n del ciudadano\u201d, concluy\u00f3.&nbsp;<\/p>\n\n\n\n<figure class=\"wp-block-image size-large\"><img loading=\"lazy\" decoding=\"async\" width=\"1024\" height=\"682\" src=\"https:\/\/corrientesdetarde.com\/wp-content\/uploads\/2024\/12\/SOFIA-1024x682.jpg\" alt=\"\" class=\"wp-image-180105\" srcset=\"https:\/\/corrientesdetarde.com\/wp-content\/uploads\/2024\/12\/SOFIA-1024x682.jpg 1024w, https:\/\/corrientesdetarde.com\/wp-content\/uploads\/2024\/12\/SOFIA-300x200.jpg 300w, https:\/\/corrientesdetarde.com\/wp-content\/uploads\/2024\/12\/SOFIA-768x512.jpg 768w, https:\/\/corrientesdetarde.com\/wp-content\/uploads\/2024\/12\/SOFIA.jpg 1280w\" sizes=\"auto, (max-width: 1024px) 100vw, 1024px\" \/><\/figure>\n\n\n\n<figure class=\"wp-block-image size-large\"><img loading=\"lazy\" decoding=\"async\" width=\"1024\" height=\"682\" src=\"https:\/\/corrientesdetarde.com\/wp-content\/uploads\/2024\/12\/ESTRADO-20-1024x682.jpg\" alt=\"\" class=\"wp-image-180106\" srcset=\"https:\/\/corrientesdetarde.com\/wp-content\/uploads\/2024\/12\/ESTRADO-20-1024x682.jpg 1024w, https:\/\/corrientesdetarde.com\/wp-content\/uploads\/2024\/12\/ESTRADO-20-300x200.jpg 300w, https:\/\/corrientesdetarde.com\/wp-content\/uploads\/2024\/12\/ESTRADO-20-768x512.jpg 768w, https:\/\/corrientesdetarde.com\/wp-content\/uploads\/2024\/12\/ESTRADO-20.jpg 1280w\" sizes=\"auto, (max-width: 1024px) 100vw, 1024px\" \/><\/figure>\n\n\n\n<figure class=\"wp-block-image size-large\"><img loading=\"lazy\" decoding=\"async\" width=\"1024\" height=\"682\" src=\"https:\/\/corrientesdetarde.com\/wp-content\/uploads\/2024\/12\/ambas-1024x682.jpg\" alt=\"\" class=\"wp-image-180104\" srcset=\"https:\/\/corrientesdetarde.com\/wp-content\/uploads\/2024\/12\/ambas-1024x682.jpg 1024w, https:\/\/corrientesdetarde.com\/wp-content\/uploads\/2024\/12\/ambas-300x200.jpg 300w, https:\/\/corrientesdetarde.com\/wp-content\/uploads\/2024\/12\/ambas-768x512.jpg 768w, https:\/\/corrientesdetarde.com\/wp-content\/uploads\/2024\/12\/ambas.jpg 1280w\" sizes=\"auto, (max-width: 1024px) 100vw, 1024px\" \/><\/figure>\n\n\n\n<figure class=\"wp-block-image size-large\"><img loading=\"lazy\" decoding=\"async\" width=\"1024\" height=\"682\" src=\"https:\/\/corrientesdetarde.com\/wp-content\/uploads\/2024\/12\/PRESENCIAS-10-1024x682.jpg\" alt=\"\" class=\"wp-image-180107\" srcset=\"https:\/\/corrientesdetarde.com\/wp-content\/uploads\/2024\/12\/PRESENCIAS-10-1024x682.jpg 1024w, https:\/\/corrientesdetarde.com\/wp-content\/uploads\/2024\/12\/PRESENCIAS-10-300x200.jpg 300w, https:\/\/corrientesdetarde.com\/wp-content\/uploads\/2024\/12\/PRESENCIAS-10-768x512.jpg 768w, https:\/\/corrientesdetarde.com\/wp-content\/uploads\/2024\/12\/PRESENCIAS-10.jpg 1280w\" sizes=\"auto, (max-width: 1024px) 100vw, 1024px\" \/><\/figure>\n","protected":false},"excerpt":{"rendered":"<p>La Secretaria Parlamentaria de la C\u00e1mara de Diputados de la provincia de Corrientes Dra Evelyn Karsten present\u00f3 formalmente el \u00e1rea de Innovaci\u00f3n Tecnol\u00f3gica Legislativa, que estar\u00e1 a cargo de la&hellip; <\/p>\n","protected":false},"author":8,"featured_media":180107,"comment_status":"closed","ping_status":"open","sticky":false,"template":"","format":"standard","meta":{"footnotes":""},"categories":[23],"tags":[],"class_list":["post-180103","post","type-post","status-publish","format-standard","has-post-thumbnail","hentry","category-actualidad"],"_links":{"self":[{"href":"https:\/\/corrientesdetarde.com\/index.php\/wp-json\/wp\/v2\/posts\/180103","targetHints":{"allow":["GET"]}}],"collection":[{"href":"https:\/\/corrientesdetarde.com\/index.php\/wp-json\/wp\/v2\/posts"}],"about":[{"href":"https:\/\/corrientesdetarde.com\/index.php\/wp-json\/wp\/v2\/types\/post"}],"author":[{"embeddable":true,"href":"https:\/\/corrientesdetarde.com\/index.php\/wp-json\/wp\/v2\/users\/8"}],"replies":[{"embeddable":true,"href":"https:\/\/corrientesdetarde.com\/index.php\/wp-json\/wp\/v2\/comments?post=180103"}],"version-history":[{"count":1,"href":"https:\/\/corrientesdetarde.com\/index.php\/wp-json\/wp\/v2\/posts\/180103\/revisions"}],"predecessor-version":[{"id":180108,"href":"https:\/\/corrientesdetarde.com\/index.php\/wp-json\/wp\/v2\/posts\/180103\/revisions\/180108"}],"wp:featuredmedia":[{"embeddable":true,"href":"https:\/\/corrientesdetarde.com\/index.php\/wp-json\/wp\/v2\/media\/180107"}],"wp:attachment":[{"href":"https:\/\/corrientesdetarde.com\/index.php\/wp-json\/wp\/v2\/media?parent=180103"}],"wp:term":[{"taxonomy":"category","embeddable":true,"href":"https:\/\/corrientesdetarde.com\/index.php\/wp-json\/wp\/v2\/categories?post=180103"},{"taxonomy":"post_tag","embeddable":true,"href":"https:\/\/corrientesdetarde.com\/index.php\/wp-json\/wp\/v2\/tags?post=180103"}],"curies":[{"name":"wp","href":"https:\/\/api.w.org\/{rel}","templated":true}]}}