{"id":180135,"date":"2024-12-19T13:50:42","date_gmt":"2024-12-19T16:50:42","guid":{"rendered":"https:\/\/corrientesdetarde.com\/?p=180135"},"modified":"2024-12-19T13:50:54","modified_gmt":"2024-12-19T16:50:54","slug":"el-gobierno-de-maduro-afirmo-que-el-gendarme-detenido-queria-sacar-a-los-opositores-asilados","status":"publish","type":"post","link":"https:\/\/corrientesdetarde.com\/index.php\/internacionales\/el-gobierno-de-maduro-afirmo-que-el-gendarme-detenido-queria-sacar-a-los-opositores-asilados\/","title":{"rendered":"El gobierno de Maduro afirm\u00f3 que el gendarme detenido quer\u00eda sacar a los opositores asilados"},"content":{"rendered":"\n<p>Diosdado Cabello, ministro del Interior de Maduro, sostuvo que Nahuel Agust\u00edn Gallo \u201ces un agente especial de los servicios de inteligencia\u201d.<\/p>\n\n\n\n<p><strong>Diosdado Cabello<\/strong>, ministro del Interior del gobierno de\u00a0<strong>Nicol\u00e1s Maduro<\/strong>, afirm\u00f3 que\u00a0<strong>Nahuel Agust\u00edn Gallo<\/strong>, gendarme argentino capturado por fuerzas chavistas cuando ingresaba a Venezuela, articulaba un plan para sacar de la embajada de Argentina a seis dirigentes opositores asilados all\u00ed desde marzo.<\/p>\n\n\n\n<p>\u201cAl parecer el co\u00f1o (tipo) ese que agarraron entrando en la frontera, de nacionalidad argentina,&nbsp;<strong>es un agente especial de los servicios de inteligencia de ese pa\u00eds\u201d<\/strong>, dijo Cabello en su programa \u201cCon el Mazo Dando\u201d, donde cada semana suele arremeter contra opositores y emitir \u00f3rdenes que de inmediato son acatadas por los organismos de seguridad, tribunales y fiscales.<\/p>\n\n\n\n<p>Cabello, considerado n\u00famero dos del chavismo y una de las figuras m\u00e1s radicales del r\u00e9gimen, asegur\u00f3 que Gallo estaba coordinado con un equipo del comisario exiliado Iv\u00e1n Simonovis (a quien llama El Reno) para llevar a cabo esa supuesta operaci\u00f3n entre el 13 y el 25 de diciembre.<\/p>\n\n\n\n<p><strong>\u201cLa misi\u00f3n que ten\u00eda el funcionario argentino era encubrirse en Venezuela<\/strong>, ponerse en contacto con \u2018El Reno\u2019 para luego desarrollar una operaci\u00f3n de extracci\u00f3n de los dirigentes de Vente Venezuela enconchados (<em>sic<\/em>) en la embajada de Argentina en Caracas\u201d, afirm\u00f3 Cabello.<\/p>\n\n\n\n<figure class=\"wp-block-image\"><img decoding=\"async\" src=\"https:\/\/tn.com.ar\/resizer\/v2\/diosdado-cabello-aseguro-que-el-gendarme-es-un-agente-de-inteligente-foto-ap-ariana-cubillos-WZB33QJAYWPTUU6EAP5SABTYJA.jpg?auth=0e11f36a38784da7848b354d93e9c4ad112cfa42f5147080a5ddbfa62728852f&amp;width=767\" alt=\"Diosdado Cabello asegur\u00f3 que el gendarme &quot;es un agente de inteligente&quot;. (Foto: AP \/ Ariana Cubillos)\"\/><\/figure>\n\n\n\n<p>Seis colaboradores cercanos a la l\u00edder opositora&nbsp;<strong>Mar\u00eda Corina Machado<\/strong>, a quienes el gobierno de&nbsp;<strong>Javier Milei<\/strong>&nbsp;les otorg\u00f3 asilo diplom\u00e1tico, est\u00e1n refugiados desde marzo en la residencia oficial de la Embajada de la Argentina en Caracas, a la espera de salvoconductos que Maduro se niega a conceder.<\/p>\n\n\n\n<p>Los opositores denuncian que est\u00e1n bajo permanente asedio de fuerzas de seguridad que amenazan entrar, y que les cortaron el suministro de electricidad y agua corriente. Adem\u00e1s, los agentes controlan los accesos a la calle y la entrega de comida y agua potable.<\/p>\n\n\n\n<p>En su programa, Cabello tambi\u00e9n afirm\u00f3 sin pruebas que dos activistas de la oposici\u00f3n, el profesor universitario y abogado Jes\u00fas Armas, y el dirigente y precandidato a alcalde Luis Palocz, est\u00e1n involucrados en lo que calific\u00f3 como \u201dcomanditos terroristas\u201d y planeaban ataques selectivos con apoyo de la famosa banda de delincuentes comunes Tren de Aragua.<\/p>\n\n\n\n<p>Ambos opositores fueron secuestrados en la v\u00eda p\u00fabica por agentes encapuchados y desaparecidos durante varios d\u00edas, hasta que por fin sus allegados supieron que est\u00e1n en la sede de la polic\u00eda pol\u00edtica Sebin, incomunicados.<\/p>\n","protected":false},"excerpt":{"rendered":"<p>Diosdado Cabello, ministro del Interior de Maduro, sostuvo que Nahuel Agust\u00edn Gallo \u201ces un agente especial de los servicios de inteligencia\u201d. Diosdado Cabello, ministro del Interior del gobierno de\u00a0Nicol\u00e1s Maduro,&hellip; <\/p>\n","protected":false},"author":8,"featured_media":180136,"comment_status":"closed","ping_status":"open","sticky":false,"template":"","format":"standard","meta":{"footnotes":""},"categories":[11],"tags":[],"class_list":["post-180135","post","type-post","status-publish","format-standard","has-post-thumbnail","hentry","category-internacionales"],"_links":{"self":[{"href":"https:\/\/corrientesdetarde.com\/index.php\/wp-json\/wp\/v2\/posts\/180135","targetHints":{"allow":["GET"]}}],"collection":[{"href":"https:\/\/corrientesdetarde.com\/index.php\/wp-json\/wp\/v2\/posts"}],"about":[{"href":"https:\/\/corrientesdetarde.com\/index.php\/wp-json\/wp\/v2\/types\/post"}],"author":[{"embeddable":true,"href":"https:\/\/corrientesdetarde.com\/index.php\/wp-json\/wp\/v2\/users\/8"}],"replies":[{"embeddable":true,"href":"https:\/\/corrientesdetarde.com\/index.php\/wp-json\/wp\/v2\/comments?post=180135"}],"version-history":[{"count":1,"href":"https:\/\/corrientesdetarde.com\/index.php\/wp-json\/wp\/v2\/posts\/180135\/revisions"}],"predecessor-version":[{"id":180137,"href":"https:\/\/corrientesdetarde.com\/index.php\/wp-json\/wp\/v2\/posts\/180135\/revisions\/180137"}],"wp:featuredmedia":[{"embeddable":true,"href":"https:\/\/corrientesdetarde.com\/index.php\/wp-json\/wp\/v2\/media\/180136"}],"wp:attachment":[{"href":"https:\/\/corrientesdetarde.com\/index.php\/wp-json\/wp\/v2\/media?parent=180135"}],"wp:term":[{"taxonomy":"category","embeddable":true,"href":"https:\/\/corrientesdetarde.com\/index.php\/wp-json\/wp\/v2\/categories?post=180135"},{"taxonomy":"post_tag","embeddable":true,"href":"https:\/\/corrientesdetarde.com\/index.php\/wp-json\/wp\/v2\/tags?post=180135"}],"curies":[{"name":"wp","href":"https:\/\/api.w.org\/{rel}","templated":true}]}}