{"id":180141,"date":"2024-12-19T14:18:27","date_gmt":"2024-12-19T17:18:27","guid":{"rendered":"https:\/\/corrientesdetarde.com\/?p=180141"},"modified":"2024-12-19T14:18:39","modified_gmt":"2024-12-19T17:18:39","slug":"el-fmi-evito-ponerle-plazos-a-un-nuevo-acuerdo-con-la-argentina-y-siguen-las-negociaciones","status":"publish","type":"post","link":"https:\/\/corrientesdetarde.com\/index.php\/economia\/el-fmi-evito-ponerle-plazos-a-un-nuevo-acuerdo-con-la-argentina-y-siguen-las-negociaciones\/","title":{"rendered":"El FMI evit\u00f3 ponerle plazos a un nuevo acuerdo con la Argentina y siguen las negociaciones"},"content":{"rendered":"\n<p>La vocera del FMI confirm\u00f3 que las autoridades locales expresaron de manera formal inter\u00e9s en cerrar un nuevo entendimiento. Sobre las dos revisiones pendientes, dijo que no es raro que los pa\u00edses dejen sin hacer algunas auditor\u00edas mientras negocian otro programa.<\/p>\n\n\n\n<p>El\u00a0<strong>FMI<\/strong>\u00a0confirm\u00f3 que\u00a0<strong>el Gobierno expres\u00f3 de manera formal\u00a0<\/strong>su intenci\u00f3n de\u00a0avanzar con un nuevo programa.\u00a0La novedad llega despu\u00e9s de las declaraciones del ministro\u00a0<strong>Luis Caputo<\/strong>, que anticip\u00f3 que busca cerrar un acuerdo durante el\u00a0<strong>primer cuatrimestre de 2025<\/strong>.<\/p>\n\n\n\n<p>\u201cLas autoridades han expresado formalmente inter\u00e9s en ir hacia un nuevo programa y las negociaciones se est\u00e1n desarrollando. En ese contexto, quiero clarificar que&nbsp;<strong>el actual acuerdo de facilidades extendidas termina a fines de este a\u00f1o<\/strong>\u201d, indic\u00f3 la vocera del FMI,&nbsp;<strong>Julie Kozack<\/strong>.<\/p>\n\n\n\n<p>Y sum\u00f3: \u201cNo es poco com\u00fan que las autoridades dejen que un programa existente termine<strong>&nbsp;sin completar todas las revisiones<\/strong>&nbsp;mientras consideran pasar a un nuevo programa de apoyo del FMI. Daremos detalles sobre el proceso cuando sea pertinente\u201d.<\/p>\n\n\n\n<figure class=\"wp-block-image\"><img decoding=\"async\" src=\"https:\/\/tn.com.ar\/resizer\/v2\/la-vocera-del-fmi-julie-kozack-foto-reutersandrea-shalal-XGW4AVGUZEQ3YHOPMER2RZJVEM.jpg?auth=f45d523dad17f157d9caa57ca820b92fca51f4554ecb597f4294503303352d3b&amp;width=767\" alt=\"La vocera del FMI, Julie Kozack. (Foto: REUTERS\/Andrea Shalal).\"\/><\/figure>\n\n\n\n<p>La \u00faltima revisi\u00f3n que el FMI hizo a la Argentina como parte del programa actual fue en junio. Sin embargo, quedan&nbsp;<strong>dos auditor\u00edas pendientes<\/strong>: la novena, sobre los n\u00fameros de junio; y la d\u00e9cima, sobre las cuentas p\u00fablicas de septiembre. Si se aprobaran, llegar\u00edan unos US$1000 millones a la Argentina.<\/p>\n\n\n\n<h2 class=\"wp-block-heading\">El FMI destac\u00f3 los resultados del plan econ\u00f3mico<\/h2>\n\n\n\n<p>Con respecto a los avances del programa econ\u00f3mico que puso en marcha&nbsp;<strong>Javier Milei<\/strong>, la funcionaria del FMI remarc\u00f3: \u201cEn el \u00faltimo a\u00f1o, desde que lleg\u00f3 al gobierno la actual administraci\u00f3n, las autoridades argentinas han implementado su programa econ\u00f3mico de estabilizaci\u00f3n y lograron&nbsp;<strong>resultados impresionantes<\/strong>\u201d.<\/p>\n\n\n\n<p>En la misma l\u00ednea, destac\u00f3: \u201cUna sustantiva\u00a0reducci\u00f3n de la inflaci\u00f3n,\u00a0<strong>super\u00e1vit fiscal<\/strong>\u00a0y\u00a0<strong>mejora en las reservas<\/strong>\u00a0internacionales. La recuperaci\u00f3n en la actividad y en los salarios reales se ve ahora firmemente, con\u00a0la actividad en n\u00fameros positivos\u00a0para el tercer trimestre de este a\u00f1o\u201d.<\/p>\n\n\n\n<figure class=\"wp-block-image\"><img decoding=\"async\" src=\"https:\/\/tn.com.ar\/resizer\/v2\/el-ministro-de-economia-luis-caputo-y-el-presidente-javier-milei-en-el-palacio-de-hacienda-foto-luiscaputoarx-J3NWAGCJBZFOPA6PQLHUNX5DLE.jpeg?auth=9aae451da617acc6889606e21456b27d76118bb79b7e8562cc0a6aaea03ea78b&amp;width=767\" alt=\"El ministro de Econom\u00eda, Luis Caputo, y el presidente Javier Milei en el Palacio de Hacienda. (Foto: @LuisCaputoAR\/X).\"\/><\/figure>\n\n\n\n<p>\u201cNuestro equipo sigue comprometido constructivamente con las autoridades argentinas para seguir&nbsp;<strong>construyendo sobre los resultados<\/strong>&nbsp;ya conseguidos y para&nbsp;<strong>ocuparse de los desaf\u00edos<\/strong>&nbsp;pendientes\u201d, afirm\u00f3 Kozack en su habitual conferencia de prensa.<\/p>\n\n\n\n<p>El a\u00f1o que viene ser\u00e1 el segundo en el que el gobierno de Milei administre el Estado<strong>&nbsp;sin una ley de Presupuesto<\/strong>, ya que no se lograron los consensos en el Congreso para tratar el proyecto del oficialismo. Al respecto, la funcionaria del FMI prefiri\u00f3 no comentar sobre las negociaciones parlamentarias, pero subray\u00f3 que las autoridades argentinas&nbsp;<strong>siguen implementando el programa fiscal con determinaci\u00f3n y efectividad<\/strong>. \u201cLos datos recientes, a noviembre, sugieren que el super\u00e1vit primario equivale al 2% del PBI\u201d, cerr\u00f3.<\/p>\n","protected":false},"excerpt":{"rendered":"<p>La vocera del FMI confirm\u00f3 que las autoridades locales expresaron de manera formal inter\u00e9s en cerrar un nuevo entendimiento. Sobre las dos revisiones pendientes, dijo que no es raro que&hellip; <\/p>\n","protected":false},"author":8,"featured_media":180142,"comment_status":"closed","ping_status":"open","sticky":false,"template":"","format":"standard","meta":{"footnotes":""},"categories":[20],"tags":[],"class_list":["post-180141","post","type-post","status-publish","format-standard","has-post-thumbnail","hentry","category-economia"],"_links":{"self":[{"href":"https:\/\/corrientesdetarde.com\/index.php\/wp-json\/wp\/v2\/posts\/180141","targetHints":{"allow":["GET"]}}],"collection":[{"href":"https:\/\/corrientesdetarde.com\/index.php\/wp-json\/wp\/v2\/posts"}],"about":[{"href":"https:\/\/corrientesdetarde.com\/index.php\/wp-json\/wp\/v2\/types\/post"}],"author":[{"embeddable":true,"href":"https:\/\/corrientesdetarde.com\/index.php\/wp-json\/wp\/v2\/users\/8"}],"replies":[{"embeddable":true,"href":"https:\/\/corrientesdetarde.com\/index.php\/wp-json\/wp\/v2\/comments?post=180141"}],"version-history":[{"count":1,"href":"https:\/\/corrientesdetarde.com\/index.php\/wp-json\/wp\/v2\/posts\/180141\/revisions"}],"predecessor-version":[{"id":180143,"href":"https:\/\/corrientesdetarde.com\/index.php\/wp-json\/wp\/v2\/posts\/180141\/revisions\/180143"}],"wp:featuredmedia":[{"embeddable":true,"href":"https:\/\/corrientesdetarde.com\/index.php\/wp-json\/wp\/v2\/media\/180142"}],"wp:attachment":[{"href":"https:\/\/corrientesdetarde.com\/index.php\/wp-json\/wp\/v2\/media?parent=180141"}],"wp:term":[{"taxonomy":"category","embeddable":true,"href":"https:\/\/corrientesdetarde.com\/index.php\/wp-json\/wp\/v2\/categories?post=180141"},{"taxonomy":"post_tag","embeddable":true,"href":"https:\/\/corrientesdetarde.com\/index.php\/wp-json\/wp\/v2\/tags?post=180141"}],"curies":[{"name":"wp","href":"https:\/\/api.w.org\/{rel}","templated":true}]}}