{"id":180144,"date":"2024-12-19T14:24:06","date_gmt":"2024-12-19T17:24:06","guid":{"rendered":"https:\/\/corrientesdetarde.com\/?p=180144"},"modified":"2024-12-19T14:24:10","modified_gmt":"2024-12-19T17:24:10","slug":"quienes-acceden-a-la-asignacion-por-cuidado-de-salud-integral-anses-y-cuanto-se-cobra","status":"publish","type":"post","link":"https:\/\/corrientesdetarde.com\/index.php\/sociales\/quienes-acceden-a-la-asignacion-por-cuidado-de-salud-integral-anses-y-cuanto-se-cobra\/","title":{"rendered":"Qui\u00e9nes acceden a la Asignaci\u00f3n por Cuidado de Salud Integral ANSES y cu\u00e1nto se cobra"},"content":{"rendered":"\n<p>Conoc\u00e9 si te corresponde recibir este complemento mediante el sistema de pagos de la Administraci\u00f3n Nacional de Seguridad Social.<\/p>\n\n\n\n<p>Aquellos que\u00a0<strong>cobran<\/strong>\u00a0la\u00a0<strong>Asignaci\u00f3n por Cuidado de Salud Integral<\/strong>\u00a0mediante el sistema de pagos de la Administraci\u00f3n Nacional de Seguridad Social (<strong>ANSES<\/strong>) en diciembre de 2024 son los\u00a0<strong>titulares de la AUH<\/strong>\u00a0(Asignaci\u00f3n Universal por Hijo)\u00a0<strong>con hijos a cargo de hasta 3 a\u00f1os de edad<\/strong>.<\/p>\n\n\n\n<p>Adem\u00e1s, deben&nbsp;<strong>acreditar los controles de salud y vacunaci\u00f3n de sus hijos<\/strong>, como requisito obligatorio para percibir la asignaci\u00f3n.<\/p>\n\n\n\n<h2 class=\"wp-block-heading\">Cu\u00e1nto se cobra por la Asignaci\u00f3n por Cuidado de Salud Integral ANSES<\/h2>\n\n\n\n<ul class=\"wp-block-list\">\n<li>La\u00a0<strong>Asignaci\u00f3n por Cuidado de Salud Integral<\/strong>\u00a0se cobra\u00a0<strong>una vez al a\u00f1o<\/strong>\u00a0por cada ni\u00f1o menor de 3 a\u00f1os de edad a cargo.<\/li>\n\n\n\n<li>El monto es equivalente al de la Asignaci\u00f3n Universal por Hijo (<strong>$93.281<\/strong>.)y por Hijo con Discapacidad (<strong>$303.743<\/strong>).<\/li>\n<\/ul>\n\n\n\n<h2 class=\"wp-block-heading\">\u00bfHay que realizar un tr\u00e1mite para cobrar la Asignaci\u00f3n por Cuidado de Salud Integral ANSES?<\/h2>\n\n\n\n<p><strong>No es necesario realizar ning\u00fan tr\u00e1mite.<\/strong>&nbsp;Si cobraste la AUH durante el a\u00f1o pasado y completaste los controles de salud y vacunaci\u00f3n de tus hijos menores de 3 a\u00f1os, vas a recibir la Asignaci\u00f3n por Cuidado de Salud de forma autom\u00e1tica.<\/p>\n\n\n\n<h2 class=\"wp-block-heading\">Qu\u00e9 es la Asignaci\u00f3n por Cuidado de Salud Integral ANSES<\/h2>\n\n\n\n<p>La&nbsp;<strong>Asignaci\u00f3n por Cuidado de Salud Integral<\/strong>&nbsp;es un beneficio econ\u00f3mico anual destinado a&nbsp;<strong>titulares<\/strong>&nbsp;de la Asignaci\u00f3n Universal por Hijo<strong>&nbsp;(AUH) con hijos menores de 3 a\u00f1os<\/strong>. Su objetivo es&nbsp;<strong>acompa\u00f1ar a las familias<\/strong>&nbsp;en los primeros a\u00f1os de vida de los ni\u00f1os e&nbsp;<strong>incentivar el cumplimiento de controles de salud<\/strong>&nbsp;y&nbsp;<strong>vacunaci\u00f3n<\/strong>.<\/p>\n\n\n\n<p>El monto, equivalente al de la AUH o la AUH por Hijo con Discapacidad, se otorga de manera autom\u00e1tica si se acreditan estos requisitos durante el a\u00f1o anterior, sin necesidad de realizar tr\u00e1mites adicionales.<\/p>\n","protected":false},"excerpt":{"rendered":"<p>Conoc\u00e9 si te corresponde recibir este complemento mediante el sistema de pagos de la Administraci\u00f3n Nacional de Seguridad Social. Aquellos que\u00a0cobran\u00a0la\u00a0Asignaci\u00f3n por Cuidado de Salud Integral\u00a0mediante el sistema de pagos&hellip; <\/p>\n","protected":false},"author":8,"featured_media":180145,"comment_status":"closed","ping_status":"open","sticky":false,"template":"","format":"standard","meta":{"footnotes":""},"categories":[17],"tags":[],"class_list":["post-180144","post","type-post","status-publish","format-standard","has-post-thumbnail","hentry","category-sociales"],"_links":{"self":[{"href":"https:\/\/corrientesdetarde.com\/index.php\/wp-json\/wp\/v2\/posts\/180144","targetHints":{"allow":["GET"]}}],"collection":[{"href":"https:\/\/corrientesdetarde.com\/index.php\/wp-json\/wp\/v2\/posts"}],"about":[{"href":"https:\/\/corrientesdetarde.com\/index.php\/wp-json\/wp\/v2\/types\/post"}],"author":[{"embeddable":true,"href":"https:\/\/corrientesdetarde.com\/index.php\/wp-json\/wp\/v2\/users\/8"}],"replies":[{"embeddable":true,"href":"https:\/\/corrientesdetarde.com\/index.php\/wp-json\/wp\/v2\/comments?post=180144"}],"version-history":[{"count":1,"href":"https:\/\/corrientesdetarde.com\/index.php\/wp-json\/wp\/v2\/posts\/180144\/revisions"}],"predecessor-version":[{"id":180146,"href":"https:\/\/corrientesdetarde.com\/index.php\/wp-json\/wp\/v2\/posts\/180144\/revisions\/180146"}],"wp:featuredmedia":[{"embeddable":true,"href":"https:\/\/corrientesdetarde.com\/index.php\/wp-json\/wp\/v2\/media\/180145"}],"wp:attachment":[{"href":"https:\/\/corrientesdetarde.com\/index.php\/wp-json\/wp\/v2\/media?parent=180144"}],"wp:term":[{"taxonomy":"category","embeddable":true,"href":"https:\/\/corrientesdetarde.com\/index.php\/wp-json\/wp\/v2\/categories?post=180144"},{"taxonomy":"post_tag","embeddable":true,"href":"https:\/\/corrientesdetarde.com\/index.php\/wp-json\/wp\/v2\/tags?post=180144"}],"curies":[{"name":"wp","href":"https:\/\/api.w.org\/{rel}","templated":true}]}}