{"id":180150,"date":"2024-12-19T14:30:35","date_gmt":"2024-12-19T17:30:35","guid":{"rendered":"https:\/\/corrientesdetarde.com\/?p=180150"},"modified":"2024-12-19T14:30:40","modified_gmt":"2024-12-19T17:30:40","slug":"milei-autorizo-a-los-militares-a-custodiar-objetivos-estrategicos-ante-amenazas-de-terroristas-o-bandas-narco","status":"publish","type":"post","link":"https:\/\/corrientesdetarde.com\/index.php\/politica\/milei-autorizo-a-los-militares-a-custodiar-objetivos-estrategicos-ante-amenazas-de-terroristas-o-bandas-narco\/","title":{"rendered":"Milei autoriz\u00f3 a los militares a custodiar objetivos estrat\u00e9gicos ante amenazas de terroristas o bandas narco"},"content":{"rendered":"\n<p>El presidente firm\u00f3 un decreto con los ministros Luis Petri, de Defensa, y Patricia Bullrich, de Seguridad. El Ejecutivo tendr\u00e1 la facultad de definir qu\u00e9 instalaciones o bienes deber\u00e1n ser protegidas por militares.<\/p>\n\n\n\n<p>El presidente\u00a0<strong>Javier Milei<\/strong>\u00a0autoriz\u00f3 a las\u00a0<strong>Fuerzas Armadas<\/strong>\u00a0a repeler ataques de<strong>\u00a0organizaciones terroristas\u00a0<\/strong>y\u00a0<strong>bandas narco<\/strong>\u00a0dentro del pa\u00eds. Lo hizo este jueves, a partir de la publicaci\u00f3n en el Bolet\u00edn Oficial de un\u00a0<strong>decreto\u00a0<\/strong>que lleva su firma y las de los ministros\u00a0<strong>Luis Petri<\/strong>, de Defensa; y\u00a0<strong>Patricia Bullrich<\/strong>, de Seguridad, y que habilita el\u00a0<strong>env\u00edo de<\/strong>\u00a0<strong>militares a custodiar \u201cobjetivos estrat\u00e9gicos\u201d<\/strong>.<\/p>\n\n\n\n<p>El decreto, una&nbsp;<strong>nueva reglamentaci\u00f3n&nbsp;<\/strong>de la<strong>&nbsp;Ley de Defensa Nacional<\/strong>, otorga al Ejecutivo la potestad de&nbsp;<strong>definir cu\u00e1les son las instalaciones o bienes<\/strong>&nbsp;<strong>del Estado<\/strong>&nbsp;-como plantas nucleares y el\u00e9ctricas, represas y radares, entre otros- que deber\u00edan protegerse ante riesgos que pudieran comprometer la soberan\u00eda.<\/p>\n\n\n\n<p>\u201cLas amenazas y agresiones pueden proceder de fuerzas, organismos, organizaciones o actores estatales,&nbsp;<strong>paraestatales o criminales&nbsp;<\/strong>de origen transfronterizo o nacional, durante per\u00edodos de paz, de guerra o conflicto armado y en situaciones de conmoci\u00f3n interior\u201d, dice el decreto. En Balcarce 50 apuntan contra organizaciones como&nbsp;<strong>Hamas<\/strong>,&nbsp;<strong>Hezbollah&nbsp;<\/strong>y&nbsp;<strong>carteles del narcotr\u00e1fico<\/strong>&nbsp;de otros pa\u00edses que busquen operar en la Argentina.<\/p>\n\n\n\n<p>\u201cEnti\u00e9ndese por \u2018Objetivos de Valor Estrat\u00e9gico\u2019 cualquier bien, instalaci\u00f3n o conjunto de instalaciones fijas y las entidades materiales de&nbsp;<strong>vital importancia<\/strong>&nbsp;para el ESTADO NACIONAL que, en caso de ser da\u00f1ados parcialmente o destruidos,&nbsp;<strong>ocasionar\u00edan graves perjuicios a la vida y bienestar<\/strong>&nbsp;de los habitantes del pa\u00eds, a su econom\u00eda, al ambiente o a la propia Seguridad de la Naci\u00f3n, limitando, posponiendo o impidiendo su desarrollo\u201d, dice el decreto en su art\u00edculo 1\u00b0.<\/p>\n\n\n\n<figure class=\"wp-block-image\"><img decoding=\"async\" src=\"https:\/\/tn.com.ar\/resizer\/v2\/patricia-bullrich-y-luis-petri-los-ministros-de-seguridad-y-defensa-foto-na-SKOJESE6EBCHJLJQPAX2IKKHQA.jpg?auth=66456b913fbd478e1b5dc859b0aa32cf5d276777b2d8ee9c0e19330727fbb7dd&amp;width=767\" alt=\"Patricia Bullrich y Luis Petri, los ministros de Seguridad y Defensa. (Foto: NA).\"\/><\/figure>\n\n\n\n<p>El texto determina en su tercer art\u00edculo la&nbsp;<strong>cooperaci\u00f3n entre fuerzas<\/strong>: \u201cEl Ministerio de Seguridad, en funci\u00f3n de los \u2018Objetivos de Valor Estrat\u00e9gico\u2019 que custodie por medio del empleo de las Fuerzas Policiales y de Seguridad Federales, en cumplimiento de lo determinado por el Poder Ejecutivo Nacional,&nbsp;<strong>podr\u00e1 solicitar el apoyo de las Fuerzas Armadas<\/strong>&nbsp;o el de Cuerpos Policiales Provinciales y de la Ciudad Aut\u00f3noma de Buenos Aires, en cuyo caso coordinar\u00e1 sus acciones con el Ministerio de Defensa o con los Gobiernos de las Provincias y de la Ciudad Aut\u00f3noma de Buenos Airees, seg\u00fan corresponda\u201d.<\/p>\n\n\n\n<p>En los considerandos que fundamentan la norma se indic\u00f3 que la Ley de Defensa Nacional \u201ctiene por finalidad garantizar de modo permanente la&nbsp;<strong>soberan\u00eda e independencia de la Naci\u00f3n Argentina<\/strong>, su&nbsp;<strong>integridad territorial<\/strong>&nbsp;y capacidad de&nbsp;<strong>autodeterminaci\u00f3n<\/strong>; proteger la vida y la libertad de sus habitantes\u201d.<\/p>\n\n\n\n<p>El decreto suma: \u201cLa citada norma no contiene una definici\u00f3n del t\u00e9rmino \u2018objetivo estrat\u00e9gico\u2019 que permita identificar con certeza qu\u00e9 bien, instalaci\u00f3n o conjunto de instalaciones fijas revisten tal car\u00e1cter, independientemente de la parte del territorio en el que se encuentre localizado. Que una&nbsp;<strong>adecuada evaluaci\u00f3n estrat\u00e9gica<\/strong>&nbsp;sobre la Seguridad Nacional, implica la anticipada detecci\u00f3n de las amenazas y la efectiva reacci\u00f3n ante las agresiones que puedan afectar objetivos estrat\u00e9gicos en la Rep\u00fablica Argentina\u201d.<\/p>\n\n\n\n<p>La determinaci\u00f3n sobre la protecci\u00f3n a un objetivo estrat\u00e9gico \u201cser\u00e1 producto de&nbsp;<strong>analizar y evaluar adecuadamente las capacidades<\/strong>&nbsp;que deben poseer los defensores para enfrentar, con posibilidades de \u00e9xito, a las&nbsp;<strong>potenciales amenazas y agresiones<\/strong>, en per\u00edodo de paz, de guerra o de conmoci\u00f3n interior\u201d y que \u201cen consecuencia, resulta indispensable definir y caracterizar el concepto de \u2018objetivo estrat\u00e9gico\u2019 a los efectos de poder identificarlo para su posterior custodia y protecci\u00f3n, otorgando al concepto de certeza jur\u00eddica y evitar remisiones a un concepto indeterminado\u201d.<\/p>\n","protected":false},"excerpt":{"rendered":"<p>El presidente firm\u00f3 un decreto con los ministros Luis Petri, de Defensa, y Patricia Bullrich, de Seguridad. El Ejecutivo tendr\u00e1 la facultad de definir qu\u00e9 instalaciones o bienes deber\u00e1n ser&hellip; <\/p>\n","protected":false},"author":8,"featured_media":180151,"comment_status":"closed","ping_status":"open","sticky":false,"template":"","format":"standard","meta":{"footnotes":""},"categories":[3],"tags":[],"class_list":["post-180150","post","type-post","status-publish","format-standard","has-post-thumbnail","hentry","category-politica"],"_links":{"self":[{"href":"https:\/\/corrientesdetarde.com\/index.php\/wp-json\/wp\/v2\/posts\/180150","targetHints":{"allow":["GET"]}}],"collection":[{"href":"https:\/\/corrientesdetarde.com\/index.php\/wp-json\/wp\/v2\/posts"}],"about":[{"href":"https:\/\/corrientesdetarde.com\/index.php\/wp-json\/wp\/v2\/types\/post"}],"author":[{"embeddable":true,"href":"https:\/\/corrientesdetarde.com\/index.php\/wp-json\/wp\/v2\/users\/8"}],"replies":[{"embeddable":true,"href":"https:\/\/corrientesdetarde.com\/index.php\/wp-json\/wp\/v2\/comments?post=180150"}],"version-history":[{"count":1,"href":"https:\/\/corrientesdetarde.com\/index.php\/wp-json\/wp\/v2\/posts\/180150\/revisions"}],"predecessor-version":[{"id":180152,"href":"https:\/\/corrientesdetarde.com\/index.php\/wp-json\/wp\/v2\/posts\/180150\/revisions\/180152"}],"wp:featuredmedia":[{"embeddable":true,"href":"https:\/\/corrientesdetarde.com\/index.php\/wp-json\/wp\/v2\/media\/180151"}],"wp:attachment":[{"href":"https:\/\/corrientesdetarde.com\/index.php\/wp-json\/wp\/v2\/media?parent=180150"}],"wp:term":[{"taxonomy":"category","embeddable":true,"href":"https:\/\/corrientesdetarde.com\/index.php\/wp-json\/wp\/v2\/categories?post=180150"},{"taxonomy":"post_tag","embeddable":true,"href":"https:\/\/corrientesdetarde.com\/index.php\/wp-json\/wp\/v2\/tags?post=180150"}],"curies":[{"name":"wp","href":"https:\/\/api.w.org\/{rel}","templated":true}]}}