{"id":180153,"date":"2024-12-19T14:36:19","date_gmt":"2024-12-19T17:36:19","guid":{"rendered":"https:\/\/corrientesdetarde.com\/?p=180153"},"modified":"2024-12-19T14:36:25","modified_gmt":"2024-12-19T17:36:25","slug":"entrega-formal-de-certificados-a-cinco-tripulantes-como-veteranos-de-malvinas","status":"publish","type":"post","link":"https:\/\/corrientesdetarde.com\/index.php\/interior\/entrega-formal-de-certificados-a-cinco-tripulantes-como-veteranos-de-malvinas\/","title":{"rendered":"Entrega formal de certificados a cinco tripulantes como veteranos de Malvinas"},"content":{"rendered":"\n<p>En la ma\u00f1ana del miercoles, en el Juzgado Federal de Goya, se concret\u00f3 la entrega de certificados que acreditan a cinco tripulantes del buque ARA SAN ANTONIO como veteranos de la Guerra de Malvinas. La ceremonia responde a la Resoluci\u00f3n 1283 del Ministerio de Defensa de la Naci\u00f3n, emitida el 21 de noviembre de 2024, y materializa un acto de justicia largamente esperado.<br><\/p>\n\n\n\n<p>Reconocimiento judicial e hist\u00f3rico<br>El reconocimiento tiene su origen en la sentencia del Juzgado Federal de Goya, confirmada luego por la C\u00e1mara Federal de Apelaciones de Corrientes. Dicha resoluci\u00f3n establece un precedente hist\u00f3rico al validar las tareas de apoyo y log\u00edstica realizadas por los tripulantes del buque durante el conflicto del Atl\u00e1ntico Sur en 1982.<br>Estas labores, fundamentales para el esfuerzo de guerra, hab\u00edan sido relegadas por d\u00e9cadas.<br>El buque ARA SAN ANTONIO cumpli\u00f3 un rol estrat\u00e9gico dentro del Teatro de Operaciones del Atl\u00e1ntico Sur y Teatro de Operaciones Malvinas entre el 2 de abril y el 14 de junio de 1982. Su tripulaci\u00f3n ejecut\u00f3 maniobras log\u00edsticas vitales que permitieron sostener las acciones de defensa nacional, demostrando compromiso y valent\u00eda en el cumplimiento de su deber.<br><br>Los homenajeados<br>En el acto, se entregaron los certificados a los se\u00f1ores CARLOS OSCAR RAMON SANTILLAN, JORGE DANIEL ALBORNOZ,JORGE OMAR ANAYA, JOSE SANTIAGO BARTHA y WILFREDO ADRIAN BARREIRO.<br>Con esta acreditaci\u00f3n oficial, los cinco tripulantes son incorporados al Estado de Excombatientes de Malvinas, con los derechos y beneficios previstos en la Ley 23.188.<br><br>Un marco legal que respalda el reconocimiento<br><br>La resoluci\u00f3n ministerial est\u00e1 sustentada en el Decreto 1.357\/2004 y el Decreto 2.634\/1990, que facultan al Ministerio de Defensa a reconocer y expedir los certificados de veterano de guerra. Este marco normativo garantiza el acceso de los homenajeados a los derechos correspondientes, incluyendo su incorporaci\u00f3n al Registro Oficial de Veteranos de Guerra de Malvinas.<br>Por otra parte, el Congreso de la Naci\u00f3n ya hab\u00eda destacado previamente la labor de estos tripulantes mediante la Ley 23.188, que honra la lucha por la reivindicaci\u00f3n de la soberan\u00eda sobre las Islas Malvinas. Este reconocimiento reafirma el compromiso del Estado con quienes contribuyeron, desde distintas funciones, a la defensa de la Patria.<br>Un acto de justicia y memoria.<br>La entrega de certificados, realizada en una emotiva ceremonia esta ma\u00f1ana, no solo representa un paso administrativo sino tambi\u00e9n un acto de reparaci\u00f3n moral. La incorporaci\u00f3n de estos veteranos al registro oficial consolida el esfuerzo colectivo por preservar la memoria hist\u00f3rica y destacar el valor de quienes sirvieron durante el conflicto del Atl\u00e1ntico Sur.<br>El Ministerio de Defensa, en sus palabras finales, destac\u00f3 que este acto refleja el reconocimiento institucional hacia los h\u00e9roes de Malvinas, quienes, desde sus respectivos roles, marcaron la historia nacional con su servicio y sacrificio.<br><br><br>Entregan distinci\u00f3n a Jueza Federal Cristina Pozzer Penzo.<br><br>Se trata del Observatorio de las actuaciones del Poder Judicial que entreg\u00f3 con la menci\u00f3n &#8220;Dike&#8221;<br>En virtud del ancestral concepto griego de &#8220;Dike&#8221; de camino que conduce a lo justo tras la investigaci\u00f3n de las formas y m\u00e9todos m\u00e1s accesibles y democr\u00e1ticos establecidos desde su juzgado y proceder para informar las actuaciones en busca de brindar justicia en sentido lato.<br>Francisco Tom\u00e1s Gonz\u00e1lez Caba\u00f1a, Director.<br>del Centro de Estudios Sociales y Politicos, Desiderio Sosa.<br><br>Luego en su alocuci\u00f3n la magistrada expreso su satisfacci\u00f3n por el reconocimiento recibido, enfatizando que este es un reflejo del trabajo en equipo del personal del juzgado, no solo de su labor individual.<br>Destaca que la comunicaci\u00f3n del juzgado es realizada por los propios empleados, quienes se encargan de diversas tareas como la creaci\u00f3n de contenido para redes sociales, correcci\u00f3n de textos y fotograf\u00eda.<br>El personal del juzgado se ha autoformado en habilidades de comunicaci\u00f3n, ya que la formaci\u00f3n tradicional en la facultad no abarca estos aspectos. Esto incluye adaptarse a las exigencias de las redes sociales y la comunicaci\u00f3n en tiempo real.<br><br>Desaf\u00edos Tecnol\u00f3gicos:<br>Se menciona que las nuevas tecnolog\u00edas representan un desaf\u00edo, pero tambi\u00e9n enriquecen las funciones del juzgado al permitir una mejor conexi\u00f3n con el p\u00fablico.<br>Tambi\u00e9n la magistrada manifiesta la disposici\u00f3n del juzgado para recibir cr\u00edticas y propuestas de mejora, mostrando una actitud proactiva hacia el crecimiento y la mejora continua.<br>Conclusiones:<br>El reconocimiento recibido por el juzgado es un testimonio del esfuerzo colectivo y la dedicaci\u00f3n del personal en la comunicaci\u00f3n efectiva. A pesar de la falta de formaci\u00f3n formal en este \u00e1mbito, el equipo ha demostrado una notable capacidad de adaptaci\u00f3n y autoaprendizaje ante los retos que presentan las nuevas tecnolog\u00edas. La apertura a la retroalimentaci\u00f3n sugiere un compromiso con la mejora continua y la b\u00fasqueda de un servicio m\u00e1s eficiente y accesible para la comunidad.<\/p>\n\n\n\n<figure class=\"wp-block-table\"><table class=\"has-fixed-layout\"><tbody><tr><td><img decoding=\"async\" src=\"https:\/\/www.tngoya.com\/galeria\/Screenshot20241218171547725.jpg\"><\/td><\/tr><\/tbody><\/table><\/figure>\n\n\n\n<p><\/p>\n","protected":false},"excerpt":{"rendered":"<p>En la ma\u00f1ana del miercoles, en el Juzgado Federal de Goya, se concret\u00f3 la entrega de certificados que acreditan a cinco tripulantes del buque ARA SAN ANTONIO como veteranos de&hellip; <\/p>\n","protected":false},"author":8,"featured_media":180154,"comment_status":"closed","ping_status":"open","sticky":false,"template":"","format":"standard","meta":{"footnotes":""},"categories":[1658],"tags":[],"class_list":["post-180153","post","type-post","status-publish","format-standard","has-post-thumbnail","hentry","category-interior"],"_links":{"self":[{"href":"https:\/\/corrientesdetarde.com\/index.php\/wp-json\/wp\/v2\/posts\/180153","targetHints":{"allow":["GET"]}}],"collection":[{"href":"https:\/\/corrientesdetarde.com\/index.php\/wp-json\/wp\/v2\/posts"}],"about":[{"href":"https:\/\/corrientesdetarde.com\/index.php\/wp-json\/wp\/v2\/types\/post"}],"author":[{"embeddable":true,"href":"https:\/\/corrientesdetarde.com\/index.php\/wp-json\/wp\/v2\/users\/8"}],"replies":[{"embeddable":true,"href":"https:\/\/corrientesdetarde.com\/index.php\/wp-json\/wp\/v2\/comments?post=180153"}],"version-history":[{"count":1,"href":"https:\/\/corrientesdetarde.com\/index.php\/wp-json\/wp\/v2\/posts\/180153\/revisions"}],"predecessor-version":[{"id":180155,"href":"https:\/\/corrientesdetarde.com\/index.php\/wp-json\/wp\/v2\/posts\/180153\/revisions\/180155"}],"wp:featuredmedia":[{"embeddable":true,"href":"https:\/\/corrientesdetarde.com\/index.php\/wp-json\/wp\/v2\/media\/180154"}],"wp:attachment":[{"href":"https:\/\/corrientesdetarde.com\/index.php\/wp-json\/wp\/v2\/media?parent=180153"}],"wp:term":[{"taxonomy":"category","embeddable":true,"href":"https:\/\/corrientesdetarde.com\/index.php\/wp-json\/wp\/v2\/categories?post=180153"},{"taxonomy":"post_tag","embeddable":true,"href":"https:\/\/corrientesdetarde.com\/index.php\/wp-json\/wp\/v2\/tags?post=180153"}],"curies":[{"name":"wp","href":"https:\/\/api.w.org\/{rel}","templated":true}]}}