{"id":180170,"date":"2024-12-19T15:11:21","date_gmt":"2024-12-19T18:11:21","guid":{"rendered":"https:\/\/corrientesdetarde.com\/?p=180170"},"modified":"2024-12-19T15:11:33","modified_gmt":"2024-12-19T18:11:33","slug":"guerra-en-ucrania-putin-dijo-que-esta-dispuesto-a-reunirse-con-donald-trump-que-en-cualquier-momento","status":"publish","type":"post","link":"https:\/\/corrientesdetarde.com\/index.php\/internacionales\/guerra-en-ucrania-putin-dijo-que-esta-dispuesto-a-reunirse-con-donald-trump-que-en-cualquier-momento\/","title":{"rendered":"Guerra en Ucrania: Putin dijo que est\u00e1 dispuesto a reunirse con Donald Trump que \u201cen cualquier momento\u201d"},"content":{"rendered":"\n<p>\u201cNo s\u00e9 cu\u00e1ndo voy a verlo\u201d, dijo el presidente ruso en su habitual rueda de prensa de fin de a\u00f1o. Lanz\u00f3 un desaf\u00edo b\u00e9lico a la OTAN.<\/p>\n\n\n\n<p>El presidente ruso,&nbsp;<strong>Vladimir Putin<\/strong>, se mostr\u00f3 dispuesto este jueves a reunirse \u201cen cualquier momento\u201d con el mandatario electo de Estados Unidos,&nbsp;<strong>Donald Trump<\/strong>, que reclam\u00f3 un alto al fuego y pidi\u00f3 a Rusia y Ucrania negociar una salida al conflicto.<\/p>\n\n\n\n<p>\u201cNo s\u00e9 cu\u00e1ndo voy a verlo (&#8230;) No he hablado con \u00e9l desde hace m\u00e1s de cuatro a\u00f1os, pero estoy preparado para ello, por supuesto. En cualquier momento\u201d, dijo el presidente ruso en su conferencia de prensa de fin de a\u00f1o.<\/p>\n\n\n\n<p>Adem\u00e1s, ret\u00f3 a Occidente a un \u201cduelo de alta tecnolog\u00eda del siglo XXI\u201d entre\u00a0el misil hipers\u00f3nico ruso Oreshnik\u00a0y los medios de defensa antia\u00e9rea de la OTAN.<\/p>\n\n\n\n<h2 class=\"wp-block-heading\">Una rueda de prensa especial<\/h2>\n\n\n\n<p>Desde que Putin lleg\u00f3 al poder, hace 25 a\u00f1os, esta sesi\u00f3n de preguntas-respuestas ha tenido lugar casi cada a\u00f1o, en varios formatos. Se retransmite en directo por televisi\u00f3n y la ven millones de personas.<\/p>\n\n\n\n<p>Esta vez se organiz\u00f3 un mes antes de que Trump regrese a la Casa Blanca, el 20 de enero.<\/p>\n\n\n\n<figure class=\"wp-block-image\"><img decoding=\"async\" src=\"https:\/\/tn.com.ar\/resizer\/v2\/vladimir-putin-habla-en-su-rueda-de-prensa-de-fin-de-ano-foto-sputnikgavriil-grigorovvia-reuters-O4DLB2KZSC3DKW4QFJG6EXG24A.jpg?auth=6cc65f3aa68e53e463ce93fff6ca3ca957b9a2071ce894eb14c326046a2eb698&amp;width=767\" alt=\"Vladimir Putin habla en su rueda de prensa de fin de a\u00f1o (Foto: Sputnik\/Gavriil Grigorov\/via Reuters)\n\"\/><\/figure>\n\n\n\n<p>El magnate republicano prometi\u00f3 en su campa\u00f1a electoral poner fin r\u00e1pidamente al conflicto y llam\u00f3 a un \u201calto el fuego inmediato\u201d y a un di\u00e1logo.<\/p>\n\n\n\n<p>Pero europeos y ucranianos temen que Trump pueda forzar a Kiev a hacer grandes concesiones y darle una victoria geopol\u00edtica al Kremlin.<\/p>\n\n\n\n<p>Al contrario, Putin consider\u00f3 que Rusia se volvi\u00f3 \u201cmucho m\u00e1s fuerte en los dos o tres \u00faltimos a\u00f1os\u201d. La operaci\u00f3n militar en Ucrania empez\u00f3 a finales de febrero de 2022.<\/p>\n\n\n\n<p>\u201cSi alg\u00fan d\u00eda nos reunimos con el presidente electo Trump, estoy seguro de que&nbsp;<strong>tendremos mucho de qu\u00e9 hablar<\/strong>\u201d, dijo Putin.<\/p>\n\n\n\n<h2 class=\"wp-block-heading\">Putin conf\u00eda en la victoria en Ucrania<\/h2>\n\n\n\n<p>Putin se mostr\u00f3 confiado y consider\u00f3 que la situaci\u00f3n \u201ccambiaba radicalmente\u201d en el frente en Ucrania, donde sus soldados avanzan \u201cpor kil\u00f3metros cuadrados\u201d.<\/p>\n\n\n\n<p>Sus tropas est\u00e1n ganando terreno a un ritmo que no se ve\u00eda desde principios de 2022.<\/p>\n\n\n\n<p>El ej\u00e9rcito ruso tom\u00f3 las localidades ucranianas de Avdiivka en febrero y de Vugledar en octubre, y est\u00e1 a las puertas de varias ciudades importantes a nivel militar, como Pokrovsk, Kurajove y Kupiansk.<\/p>\n\n\n\n<p>En cambio, Putin admiti\u00f3 que no puede dar una \u201cfecha precisa\u201d de cu\u00e1ndo lograr\u00e1 su ej\u00e9rcito expulsar a las fuerzas ucranianas de la regi\u00f3n rusa de Kursk, de las que controlan una peque\u00f1a parte desde agosto gracias a una ofensiva sorpresa. \u201cPor supuesto,&nbsp;<strong>las derrotaremos<\/strong>\u201d, asegur\u00f3.<\/p>\n\n\n\n<figure class=\"wp-block-image\"><img decoding=\"async\" src=\"https:\/\/tn.com.ar\/resizer\/v2\/vladimir-putin-dio-una-rueda-de-prensa-en-moscu-foto-reutersmaxim-shemetov-YR2J555BOD3PDNFHFEDYKZ4RYA.jpg?auth=3ff892858e2ecaf8870d8778119b5d428b5ce17613fa34ba00772ae58523eb52&amp;width=767\" alt=\"Vladimir Putin dio una rueda de prensa en Mosc\u00fa (Foto:  REUTERS\/Maxim Shemetov)\"\/><\/figure>\n\n\n\n<p>Esta ofensiva, la m\u00e1s importante ocurrida en territorio ruso desde la Segunda Guerra Mundial, causa malestar en el Kremlin, que quiere convencer a la poblaci\u00f3n de que la ofensiva en Ucrania no tiene ning\u00fan impacto en el d\u00eda a d\u00eda de los rusos.<\/p>\n\n\n\n<p>Los ucranianos ocupan cientos de kil\u00f3metros cuadrados en Kursk, pese a los intentos de expulsarlos de las tropas rusas, que estar\u00edan apoyadas, seg\u00fan Kiev, por soldados norcoreanos.<\/p>\n\n\n\n<h2 class=\"wp-block-heading\">Los elogios de Putin a un nuevo misil hipers\u00f3nico<\/h2>\n\n\n\n<p>Putin tambi\u00e9n elogi\u00f3 al nuevo misil ruso Oreshnik, un \u201carma moderna\u201d capaz de transportar carga nuclear y con un alcance de miles de kil\u00f3metros.<\/p>\n\n\n\n<p>Rusia utiliz\u00f3 ese misil por primera vez el 21 de noviembre, contra la ciudad ucraniana de Dnipro, en respuesta, seg\u00fan Putin, a bombardeos ucranianos en territorio ruso con misiles estadounidenses y brit\u00e1nicos.<\/p>\n\n\n\n<p>Este jueves, el mandatario ret\u00f3 a Occidente a un \u201cduelo de alta tecnolog\u00eda del siglo XXI\u201d entre el misil Oreshnik y los medios de defensa anti\u00e9ra occidentales.<\/p>\n\n\n\n<p>\u201cQue determinen un objetivo, por ejemplo, Kiev\u201d, lanz\u00f3 Putin. \u201cLanzaremos un bombardeo all\u00ed y veremos qu\u00e9 ocurre\u201d.<\/p>\n","protected":false},"excerpt":{"rendered":"<p>\u201cNo s\u00e9 cu\u00e1ndo voy a verlo\u201d, dijo el presidente ruso en su habitual rueda de prensa de fin de a\u00f1o. Lanz\u00f3 un desaf\u00edo b\u00e9lico a la OTAN. El presidente ruso,&nbsp;Vladimir&hellip; <\/p>\n","protected":false},"author":8,"featured_media":180171,"comment_status":"closed","ping_status":"open","sticky":false,"template":"","format":"standard","meta":{"footnotes":""},"categories":[11],"tags":[],"class_list":["post-180170","post","type-post","status-publish","format-standard","has-post-thumbnail","hentry","category-internacionales"],"_links":{"self":[{"href":"https:\/\/corrientesdetarde.com\/index.php\/wp-json\/wp\/v2\/posts\/180170","targetHints":{"allow":["GET"]}}],"collection":[{"href":"https:\/\/corrientesdetarde.com\/index.php\/wp-json\/wp\/v2\/posts"}],"about":[{"href":"https:\/\/corrientesdetarde.com\/index.php\/wp-json\/wp\/v2\/types\/post"}],"author":[{"embeddable":true,"href":"https:\/\/corrientesdetarde.com\/index.php\/wp-json\/wp\/v2\/users\/8"}],"replies":[{"embeddable":true,"href":"https:\/\/corrientesdetarde.com\/index.php\/wp-json\/wp\/v2\/comments?post=180170"}],"version-history":[{"count":1,"href":"https:\/\/corrientesdetarde.com\/index.php\/wp-json\/wp\/v2\/posts\/180170\/revisions"}],"predecessor-version":[{"id":180172,"href":"https:\/\/corrientesdetarde.com\/index.php\/wp-json\/wp\/v2\/posts\/180170\/revisions\/180172"}],"wp:featuredmedia":[{"embeddable":true,"href":"https:\/\/corrientesdetarde.com\/index.php\/wp-json\/wp\/v2\/media\/180171"}],"wp:attachment":[{"href":"https:\/\/corrientesdetarde.com\/index.php\/wp-json\/wp\/v2\/media?parent=180170"}],"wp:term":[{"taxonomy":"category","embeddable":true,"href":"https:\/\/corrientesdetarde.com\/index.php\/wp-json\/wp\/v2\/categories?post=180170"},{"taxonomy":"post_tag","embeddable":true,"href":"https:\/\/corrientesdetarde.com\/index.php\/wp-json\/wp\/v2\/tags?post=180170"}],"curies":[{"name":"wp","href":"https:\/\/api.w.org\/{rel}","templated":true}]}}