{"id":180174,"date":"2024-12-19T15:15:26","date_gmt":"2024-12-19T18:15:26","guid":{"rendered":"https:\/\/corrientesdetarde.com\/?p=180174"},"modified":"2024-12-19T15:15:30","modified_gmt":"2024-12-19T18:15:30","slug":"la-justicia-federal-investigara-al-titular-de-la-dgi-por-no-declarar-la-compra-de-tres-propiedades-en-miami","status":"publish","type":"post","link":"https:\/\/corrientesdetarde.com\/index.php\/politica\/la-justicia-federal-investigara-al-titular-de-la-dgi-por-no-declarar-la-compra-de-tres-propiedades-en-miami\/","title":{"rendered":"La justicia federal investigar\u00e1 al titular de la DGI por no declarar la compra de tres propiedades en Miami"},"content":{"rendered":"\n<p>La denuncia fue presentada por diputados de la Coalici\u00f3n C\u00edvica y recay\u00f3 en el juzgado de Rafecas. La causa es por enriquecimiento il\u00edcito y omisi\u00f3n maliciosa de datos.<\/p>\n\n\n\n<p><strong>Andr\u00e9s Edgardo V\u00e1zquez<\/strong>, jefe de la Direcci\u00f3n General Impositiva (DGI),&nbsp;<strong>fue denunciado en las \u00faltimas horas por tres diputados de la Coalici\u00f3n C\u00edvica<\/strong>, quienes presentaron un escrito para que se lo investigue por los delitos de&nbsp;<strong>enriquecimiento il\u00edcito y omisi\u00f3n maliciosa de datos en su DDJJ patrimonial.<\/strong><\/p>\n\n\n\n<p>La denuncia llev\u00f3 la firma de los legisladores\u00a0<strong>Maximiliano Ferraro, Juan Manuel L\u00f3pez y M\u00f3nica Frade.<\/strong>\u00a0La misma ser\u00e1 investigada por el fiscal federal Carlos R\u00edvolo, en coordinaci\u00f3n con la Procuradur\u00eda de Investigaciones Administrativas (PIA), a cargo de Sergio Rodr\u00edguez, quien\u00a0ayer inici\u00f3 de oficio actuaciones por este mismo caso.<\/p>\n\n\n\n<p>V\u00e1zquez qued\u00f3 en el centro de un esc\u00e1ndalo tras revelarse que&nbsp;<strong>adquiri\u00f3 tres inmuebles en Estados Unidos<\/strong>, a trav\u00e9s de sociedades en el exterior, por m\u00e1s de&nbsp;<strong>2 millones de d\u00f3lares<\/strong>.<\/p>\n\n\n\n<p>Seg\u00fan una investigaci\u00f3n conjunta de&nbsp;<em>La Naci\u00f3n<\/em>, el&nbsp;<strong>Centro Latinoamericano de Investigaci\u00f3n Period\u00edstica (CLIP)<\/strong>&nbsp;y el&nbsp;<strong>Consorcio Internacional de Periodistas de Investigaci\u00f3n (ICIJ)<\/strong>, estas operaciones no fueron consignadas en sus&nbsp;<strong>declaraciones juradas ante la Oficina Anticorrupci\u00f3n (OA)<\/strong>.<\/p>\n\n\n\n<p>El periodista Hugo Alconada Mon afirm\u00f3 en una entrevista con\u00a0<em>Desde el Llano<\/em>,, que \u201cAndr\u00e9s Edgardo V\u00e1zquez, el nuevo jefe de la DGI\u00a0<strong>designado por Javier Milei<\/strong>, recurri\u00f3 a un entramado\u00a0<em>offshore<\/em>\u00a0que incluye tres sociedades en para\u00edsos fiscales para comprar activos en EE.UU., como los tres departamentos que adquiri\u00f3 en Miami por al menos 2 millones de d\u00f3lares\u201d.<\/p>\n\n\n\n<p>Adem\u00e1s, remarc\u00f3 que, pese a que V\u00e1zquez tiene la obligaci\u00f3n como funcionario p\u00fablico de informar a la Oficina Anticorrupci\u00f3n, no lo hizo. \u201cPodr\u00edamos estar ante la situaci\u00f3n de que&nbsp;<strong>el jefe m\u00e1ximo de los cazadores de evasores, evade<\/strong>\u201d, advirti\u00f3.<\/p>\n\n\n\n<p>Los funcionarios del nivel de V\u00e1zquez est\u00e1n obligados por la Ley de \u00c9tica P\u00fablica, vigente desde 1999, a presentar una declaraci\u00f3n jurada ante la Oficina Anticorrupci\u00f3n (OA). Este documento debe detallar todos sus bienes inmuebles, muebles y participaciones accionarias, incluyendo los de su c\u00f3nyuge.<\/p>\n\n\n\n<p>En su \u00faltima declaraci\u00f3n jurada de V\u00e1zquez ante la Oficina Anticorrupci\u00f3n, de octubre del a\u00f1o pasado, inform\u00f3 la poseer diez inmuebles en la Argentina, que incluyen departamentos, una cochera y media casa en un country. Pero no hizo ninguna menci\u00f3n a las tres sociedades offshore, los departamentos en Miami ni al que vendi\u00f3 en 2018.<\/p>\n","protected":false},"excerpt":{"rendered":"<p>La denuncia fue presentada por diputados de la Coalici\u00f3n C\u00edvica y recay\u00f3 en el juzgado de Rafecas. La causa es por enriquecimiento il\u00edcito y omisi\u00f3n maliciosa de datos. Andr\u00e9s Edgardo&hellip; <\/p>\n","protected":false},"author":8,"featured_media":180175,"comment_status":"closed","ping_status":"open","sticky":false,"template":"","format":"standard","meta":{"footnotes":""},"categories":[3],"tags":[],"class_list":["post-180174","post","type-post","status-publish","format-standard","has-post-thumbnail","hentry","category-politica"],"_links":{"self":[{"href":"https:\/\/corrientesdetarde.com\/index.php\/wp-json\/wp\/v2\/posts\/180174","targetHints":{"allow":["GET"]}}],"collection":[{"href":"https:\/\/corrientesdetarde.com\/index.php\/wp-json\/wp\/v2\/posts"}],"about":[{"href":"https:\/\/corrientesdetarde.com\/index.php\/wp-json\/wp\/v2\/types\/post"}],"author":[{"embeddable":true,"href":"https:\/\/corrientesdetarde.com\/index.php\/wp-json\/wp\/v2\/users\/8"}],"replies":[{"embeddable":true,"href":"https:\/\/corrientesdetarde.com\/index.php\/wp-json\/wp\/v2\/comments?post=180174"}],"version-history":[{"count":1,"href":"https:\/\/corrientesdetarde.com\/index.php\/wp-json\/wp\/v2\/posts\/180174\/revisions"}],"predecessor-version":[{"id":180176,"href":"https:\/\/corrientesdetarde.com\/index.php\/wp-json\/wp\/v2\/posts\/180174\/revisions\/180176"}],"wp:featuredmedia":[{"embeddable":true,"href":"https:\/\/corrientesdetarde.com\/index.php\/wp-json\/wp\/v2\/media\/180175"}],"wp:attachment":[{"href":"https:\/\/corrientesdetarde.com\/index.php\/wp-json\/wp\/v2\/media?parent=180174"}],"wp:term":[{"taxonomy":"category","embeddable":true,"href":"https:\/\/corrientesdetarde.com\/index.php\/wp-json\/wp\/v2\/categories?post=180174"},{"taxonomy":"post_tag","embeddable":true,"href":"https:\/\/corrientesdetarde.com\/index.php\/wp-json\/wp\/v2\/tags?post=180174"}],"curies":[{"name":"wp","href":"https:\/\/api.w.org\/{rel}","templated":true}]}}