{"id":180412,"date":"2024-12-20T19:31:11","date_gmt":"2024-12-20T22:31:11","guid":{"rendered":"https:\/\/corrientesdetarde.com\/?p=180412"},"modified":"2024-12-20T19:32:40","modified_gmt":"2024-12-20T22:32:40","slug":"cardozo-entrego-equipamiento-e-insumos-para-vacunatorios-de-la-provincia","status":"publish","type":"post","link":"https:\/\/corrientesdetarde.com\/index.php\/bienestar-y-salud\/cardozo-entrego-equipamiento-e-insumos-para-vacunatorios-de-la-provincia\/","title":{"rendered":"Cardozo entreg\u00f3 equipamiento e insumos para vacunatorios de la Provincia"},"content":{"rendered":"\n<p><em>Se trata de heladeras, termos, term\u00f3metros y elementos fundamentales para la conservaci\u00f3n de vacunas. Adem\u00e1s, entregaron tablets esenciales para la gesti\u00f3n y carga eficiente de datos en los sistemas inform\u00e1ticos, destac\u00e1ndose Corrientes a nivel pa\u00eds, por ser una de las pocas provincias con un registro digital del 100 por ciento. &nbsp;<\/em><\/p>\n\n\n\n<p>El ministro de Salud P\u00fablica, Ricardo Cardozo, junto a la directora de Inmunizaciones de la Provincia, Marina Cantero, entreg\u00f3 equipamiento e insumos indispensables a instituciones que cuentan con vacunatorios. Entre los recursos entregados se incluyen dispositivos tecnol\u00f3gicos esenciales para la gesti\u00f3n y carga eficiente de datos en los sistemas inform\u00e1ticos relacionados con los programas de vacunaci\u00f3n, as\u00ed como materiales necesarios para garantizar una atenci\u00f3n de calidad.&nbsp;<\/p>\n\n\n\n<figure class=\"wp-block-image size-large\"><img loading=\"lazy\" decoding=\"async\" width=\"1024\" height=\"670\" src=\"https:\/\/corrientesdetarde.com\/wp-content\/uploads\/2024\/12\/image-1012-1024x670.png\" alt=\"\" class=\"wp-image-180416\" srcset=\"https:\/\/corrientesdetarde.com\/wp-content\/uploads\/2024\/12\/image-1012-1024x670.png 1024w, https:\/\/corrientesdetarde.com\/wp-content\/uploads\/2024\/12\/image-1012-300x196.png 300w, https:\/\/corrientesdetarde.com\/wp-content\/uploads\/2024\/12\/image-1012-768x502.png 768w, https:\/\/corrientesdetarde.com\/wp-content\/uploads\/2024\/12\/image-1012.png 1358w\" sizes=\"auto, (max-width: 1024px) 100vw, 1024px\" \/><\/figure>\n\n\n\n<p><br>Esta iniciativa busca optimizar los procesos de distribuci\u00f3n, administraci\u00f3n y seguimiento de las vacunas, fortaleciendo as\u00ed la respuesta sanitaria y asegurando un acceso oportuno y eficiente a los servicios de inmunizaci\u00f3n para la poblaci\u00f3n. En detalle se hizo entrega de: 20 heladeras briket con congelador bk 1 f, 35 freezers, 500 termos nikamal, 50 term\u00f3metros digitales 301012 tfa, 100 tablets Lenovo m10 fhd plus, insumos, 2.200 descartadores excelent modelo e-3 rojo 1.4 litros y 405.000 jeringas.<\/p>\n\n\n\n<figure class=\"wp-block-image size-large\"><img loading=\"lazy\" decoding=\"async\" width=\"1024\" height=\"670\" src=\"https:\/\/corrientesdetarde.com\/wp-content\/uploads\/2024\/12\/image-1013-1024x670.png\" alt=\"\" class=\"wp-image-180417\" srcset=\"https:\/\/corrientesdetarde.com\/wp-content\/uploads\/2024\/12\/image-1013-1024x670.png 1024w, https:\/\/corrientesdetarde.com\/wp-content\/uploads\/2024\/12\/image-1013-300x196.png 300w, https:\/\/corrientesdetarde.com\/wp-content\/uploads\/2024\/12\/image-1013-768x503.png 768w, https:\/\/corrientesdetarde.com\/wp-content\/uploads\/2024\/12\/image-1013.png 1363w\" sizes=\"auto, (max-width: 1024px) 100vw, 1024px\" \/><\/figure>\n\n\n\n<p><\/p>\n\n\n\n<figure class=\"wp-block-image size-large\"><img loading=\"lazy\" decoding=\"async\" width=\"1024\" height=\"676\" src=\"https:\/\/corrientesdetarde.com\/wp-content\/uploads\/2024\/12\/image-1014-1024x676.png\" alt=\"\" class=\"wp-image-180418\" srcset=\"https:\/\/corrientesdetarde.com\/wp-content\/uploads\/2024\/12\/image-1014-1024x676.png 1024w, https:\/\/corrientesdetarde.com\/wp-content\/uploads\/2024\/12\/image-1014-300x198.png 300w, https:\/\/corrientesdetarde.com\/wp-content\/uploads\/2024\/12\/image-1014-768x507.png 768w, https:\/\/corrientesdetarde.com\/wp-content\/uploads\/2024\/12\/image-1014.png 1363w\" sizes=\"auto, (max-width: 1024px) 100vw, 1024px\" \/><\/figure>\n\n\n\n<p><br>El ministro de salud P\u00fablica,\u00a0<strong>Ricardo Cardozo<\/strong>, agradeci\u00f3 y destac\u00f3 \u201cen primer t\u00e9rmino a la Licenciada Marina Cantero y a su equipo por esta organizaci\u00f3n. Es de gran importancia poder fortalecer el sistema de inmunizaciones de la provincia y fundamentalmente es destacable la tarea permanente que realizan, y de esta manera tambi\u00e9n valorar a todos los vacunadores, porque la cobertura que se logra en la provincia es gracias al trabajo diario de ellos\u201d.<\/p>\n\n\n\n<p><br>\u201cEs un logro de la Provincia tener el registro de vacunas 100 por ciento digital en Corrientes y tambi\u00e9n para destacar que tenemos una cobertura que se acerca al 90 por ciento que es el objetivo, y remarc\u00f3 el Ministro, instando a los vacunadores a seguir form\u00e1ndose y trabajando de esta manera\u201d.&nbsp;<\/p>\n\n\n\n<p><br>En tanto, la directora de Inmunizaciones de la Provincia, Marina Cantero, dijo: \u201cCon mucha alegr\u00eda estamos cerrando el a\u00f1o de esta manera, con la entrega de insumos y equipos para todos los vacunatorios de la provincia. Elementos claves para la conservaci\u00f3n de las vacunas y tambi\u00e9n por sus caracter\u00edsticas muy importantes para las distintas contingencias y para los traslados que realizamos\u201d.&nbsp;<\/p>\n\n\n\n<p><br>\u201cTambi\u00e9n entregamos term\u00f3metros, descartadores y a su vez para fortalecer el registro inform\u00e1tico tablets. Realizamos una distribuci\u00f3n equitativa para que cada departamento tenga un equipo de estas caracter\u00edsticas\u201d, agreg\u00f3.&nbsp;<\/p>\n\n\n\n<p><br>Para finalizar agradeci\u00f3 \u201cal Ministro Ricardo Cardozo, a las autoridades presentes del Nivel Central, y a todos los directores y vacunadores que nos acompa\u00f1aron en este importante evento. Con el equipo de inmunizaciones agradecemos su compromiso y participaci\u00f3n, y les deseamos unas felices fiestas, llenas de paz y alegr\u00eda\u201d.<\/p>\n\n\n\n<p><br>La actividad cont\u00f3 con la presencia del director ejecutivo del hospital de Campa\u00f1a, Alberto Arreg\u00edn, autoridades del nivel central de la cartera sanitaria provincial, directivos y jefes de servicio de la instituci\u00f3n anfitriona, directores y vacunadores de los hospitales de la provincia.<\/p>\n","protected":false},"excerpt":{"rendered":"<p>Se trata de heladeras, termos, term\u00f3metros y elementos fundamentales para la conservaci\u00f3n de vacunas. Adem\u00e1s, entregaron tablets esenciales para la gesti\u00f3n y carga eficiente de datos en los sistemas inform\u00e1ticos,&hellip; <\/p>\n","protected":false},"author":4,"featured_media":180413,"comment_status":"closed","ping_status":"open","sticky":false,"template":"","format":"standard","meta":{"footnotes":""},"categories":[23,16],"tags":[],"class_list":["post-180412","post","type-post","status-publish","format-standard","has-post-thumbnail","hentry","category-actualidad","category-bienestar-y-salud"],"_links":{"self":[{"href":"https:\/\/corrientesdetarde.com\/index.php\/wp-json\/wp\/v2\/posts\/180412","targetHints":{"allow":["GET"]}}],"collection":[{"href":"https:\/\/corrientesdetarde.com\/index.php\/wp-json\/wp\/v2\/posts"}],"about":[{"href":"https:\/\/corrientesdetarde.com\/index.php\/wp-json\/wp\/v2\/types\/post"}],"author":[{"embeddable":true,"href":"https:\/\/corrientesdetarde.com\/index.php\/wp-json\/wp\/v2\/users\/4"}],"replies":[{"embeddable":true,"href":"https:\/\/corrientesdetarde.com\/index.php\/wp-json\/wp\/v2\/comments?post=180412"}],"version-history":[{"count":1,"href":"https:\/\/corrientesdetarde.com\/index.php\/wp-json\/wp\/v2\/posts\/180412\/revisions"}],"predecessor-version":[{"id":180419,"href":"https:\/\/corrientesdetarde.com\/index.php\/wp-json\/wp\/v2\/posts\/180412\/revisions\/180419"}],"wp:featuredmedia":[{"embeddable":true,"href":"https:\/\/corrientesdetarde.com\/index.php\/wp-json\/wp\/v2\/media\/180413"}],"wp:attachment":[{"href":"https:\/\/corrientesdetarde.com\/index.php\/wp-json\/wp\/v2\/media?parent=180412"}],"wp:term":[{"taxonomy":"category","embeddable":true,"href":"https:\/\/corrientesdetarde.com\/index.php\/wp-json\/wp\/v2\/categories?post=180412"},{"taxonomy":"post_tag","embeddable":true,"href":"https:\/\/corrientesdetarde.com\/index.php\/wp-json\/wp\/v2\/tags?post=180412"}],"curies":[{"name":"wp","href":"https:\/\/api.w.org\/{rel}","templated":true}]}}