{"id":180513,"date":"2024-12-21T10:00:26","date_gmt":"2024-12-21T13:00:26","guid":{"rendered":"https:\/\/corrientesdetarde.com\/?p=180513"},"modified":"2024-12-21T10:00:28","modified_gmt":"2024-12-21T13:00:28","slug":"salvaron-la-vida-a-una-menor-que-ingreso-al-hospital-sin-signos-vitales","status":"publish","type":"post","link":"https:\/\/corrientesdetarde.com\/index.php\/bienestar-y-salud\/salvaron-la-vida-a-una-menor-que-ingreso-al-hospital-sin-signos-vitales\/","title":{"rendered":"Salvaron la vida a una menor que ingres\u00f3 al hospital sin signos vitales"},"content":{"rendered":"\n<p>La paciente fue trasladada hacia el centro de salud en un m\u00f3vil policial.&nbsp;<\/p>\n\n\n\n<p>Una nena de dos a\u00f1os ingres\u00f3 al hospital Juan Pablo II sin aparentes signos vitales y gracias a la efectiva intervenci\u00f3n de los m\u00e9dicos lograron que la menor pueda sobrevivir.&nbsp;<\/p>\n\n\n\n<p>El dram\u00e1tico suceso ocurri\u00f3 este viernes por la siesta. La peque\u00f1a, de nombre Sol, arrib\u00f3 al mencionado centro de salud en un patrullero de la comisar\u00eda N\u00b014 del barrio Doctor Monta\u00f1a.<\/p>\n\n\n\n<p>Los efectivos de esa dependencia policial intervinieron tras ser requeridos por parte del personal m\u00e9dico del SAPS del barrio Esperanza, ya que en el lugar hab\u00eda llegado una paciente con graves problemas respiratorios.<\/p>\n\n\n\n<figure class=\"wp-block-image\"><img decoding=\"async\" src=\"https:\/\/www.diarioepoca.com\/content\/bucket\/0\/1403190w701h501c.jpg.webp\" alt=\"\"\/><figcaption class=\"wp-element-caption\">Fueron cuatro los polic\u00edas que intervinieron para trasladar a la menor<\/figcaption><\/figure>\n\n\n\n<p>Ante esa desesperante situaci\u00f3n y por la falta de ambulancia, los polic\u00edas iniciaron un urgente traslado de Sol en un m\u00f3vil policial hacia el hospital Pedi\u00e1trico, en donde pudo ser reanimada y estabilizada por profesionales de la salud.&nbsp;<\/p>\n","protected":false},"excerpt":{"rendered":"<p>La paciente fue trasladada hacia el centro de salud en un m\u00f3vil policial.&nbsp; Una nena de dos a\u00f1os ingres\u00f3 al hospital Juan Pablo II sin aparentes signos vitales y gracias&hellip; <\/p>\n","protected":false},"author":3,"featured_media":180529,"comment_status":"closed","ping_status":"open","sticky":false,"template":"","format":"standard","meta":{"footnotes":""},"categories":[16],"tags":[],"class_list":["post-180513","post","type-post","status-publish","format-standard","has-post-thumbnail","hentry","category-bienestar-y-salud"],"_links":{"self":[{"href":"https:\/\/corrientesdetarde.com\/index.php\/wp-json\/wp\/v2\/posts\/180513","targetHints":{"allow":["GET"]}}],"collection":[{"href":"https:\/\/corrientesdetarde.com\/index.php\/wp-json\/wp\/v2\/posts"}],"about":[{"href":"https:\/\/corrientesdetarde.com\/index.php\/wp-json\/wp\/v2\/types\/post"}],"author":[{"embeddable":true,"href":"https:\/\/corrientesdetarde.com\/index.php\/wp-json\/wp\/v2\/users\/3"}],"replies":[{"embeddable":true,"href":"https:\/\/corrientesdetarde.com\/index.php\/wp-json\/wp\/v2\/comments?post=180513"}],"version-history":[{"count":1,"href":"https:\/\/corrientesdetarde.com\/index.php\/wp-json\/wp\/v2\/posts\/180513\/revisions"}],"predecessor-version":[{"id":180553,"href":"https:\/\/corrientesdetarde.com\/index.php\/wp-json\/wp\/v2\/posts\/180513\/revisions\/180553"}],"wp:featuredmedia":[{"embeddable":true,"href":"https:\/\/corrientesdetarde.com\/index.php\/wp-json\/wp\/v2\/media\/180529"}],"wp:attachment":[{"href":"https:\/\/corrientesdetarde.com\/index.php\/wp-json\/wp\/v2\/media?parent=180513"}],"wp:term":[{"taxonomy":"category","embeddable":true,"href":"https:\/\/corrientesdetarde.com\/index.php\/wp-json\/wp\/v2\/categories?post=180513"},{"taxonomy":"post_tag","embeddable":true,"href":"https:\/\/corrientesdetarde.com\/index.php\/wp-json\/wp\/v2\/tags?post=180513"}],"curies":[{"name":"wp","href":"https:\/\/api.w.org\/{rel}","templated":true}]}}