{"id":180519,"date":"2024-12-21T10:00:19","date_gmt":"2024-12-21T13:00:19","guid":{"rendered":"https:\/\/corrientesdetarde.com\/?p=180519"},"modified":"2024-12-21T10:00:20","modified_gmt":"2024-12-21T13:00:20","slug":"valdes-en-la-unidad-apostamos-a-seguir-dandole-potencia-a-corrientes-con-innovacion-2","status":"publish","type":"post","link":"https:\/\/corrientesdetarde.com\/index.php\/locales\/valdes-en-la-unidad-apostamos-a-seguir-dandole-potencia-a-corrientes-con-innovacion-2\/","title":{"rendered":"Vald\u00e9s en La Unidad: &#8220;Apostamos a seguir d\u00e1ndole potencia a Corrientes con innovaci\u00f3n&#8221;"},"content":{"rendered":"\n<p>El gobernador Gustavo Vald\u00e9s recorri\u00f3 este viernes La Unidad, cuyas obras avanzan a buen ritmo, de tal modo que el Mandatario avizor\u00f3 su inauguraci\u00f3n antes de finales de 2025. &#8220;Tenemos que seguir apostando a la innovaci\u00f3n, producci\u00f3n y tecnolog\u00eda, d\u00e1ndole a Corrientes toda la potencia que se pueda&#8221;, consider\u00f3 al respecto desde el lugar ubicado en la Ex C\u00e1rcel sobre avenida 3 de Abril casi Costanera de la ciudad Capital.<\/p>\n\n\n\n<p>Acompa\u00f1aron a Vald\u00e9s en esta nueva recorrida en La Unidad, el ministro secretario general de la Gobernaci\u00f3n, Carlos Vignolo; el senador provincial y presidente del Comit\u00e9 Iber\u00e1, Sergio Flinta; y el decano de la Facultad de Artes de la Universidad Nacional del Nordeste (UNNE), Gabriel Romero, quien asesora el proyecto en lo atinente al patrimonio hist\u00f3rico de la estructura arquitect\u00f3nica, que se modernizar\u00e1 sin perder su esencia para ofrecer un complejo de libre acceso con servicios gastron\u00f3micos, Museo hist\u00f3rico y natural, centro comercial y un polo de desarrollo tecnol\u00f3gico.<\/p>\n\n\n\n<p>En contacto con la prensa, remarc\u00f3 que, si bien &#8220;es un lugar ic\u00f3nico para Corrientes porque guarda mucha historia, muy pronto seguramente tambi\u00e9n habr\u00e1 mucho futuro, que ya lo estamos comenzando a visualizar con obras que permanentemente venimos mirando y que avanzan&#8221;. Record\u00f3 que &#8220;es un proyecto que lo venimos trabajando enormemente con el Ministerio Secretar\u00eda General de la Gobernaci\u00f3n, con nuestra gente de obra p\u00fablica, obras particulares&#8221;, a lo que adelant\u00f3 que &#8220;esperemos tenerla lista antes de fin de a\u00f1o de 2025&#8221;.<\/p>\n\n\n\n<p>Cont\u00f3 as\u00ed que &#8220;prontamente vamos a estar abriendo para que puedan venir a visitarlo, como el paseo gastron\u00f3mico&#8221;, y de esa manera &#8220;abriendo las puertas a la inversi\u00f3n, generando mayor trabajo, en un nuevo lugar de esparcimiento en la ciudad&#8221;. Vald\u00e9s revel\u00f3 adem\u00e1s que &#8220;se est\u00e1 avanzando con estudios t\u00e9cnicos, con asesoramiento de la UNNE y la participaci\u00f3n de cada uno de nuestros institutos y ministerios, para poder darle un terminado a esta zona que estaba durante muchos a\u00f1os desaprovechada, donde tuvimos que invertir mucho ya que consisti\u00f3 primero en hacer una c\u00e1rcel a nuevo para poder tomar los predios y transformar esta zona de la Capital en un paseo de aprovechamiento com\u00fan que va a ser vital para los correntinos&#8221;.<\/p>\n\n\n\n<p>Respecto a la gesti\u00f3n del Gobernador para con la Capital, destac\u00f3 que para \u00e9l &#8220;Corrientes reci\u00e9n est\u00e1 empezando, porque nosotros vemos c\u00f3mo le dimos dinamismo en estos 7 a\u00f1os y por eso debemos seguir apostando a la innovaci\u00f3n, la producci\u00f3n, la tecnolog\u00eda y a darle toda la potencia que se puede dar a esta ciudad y a la Provincia en general&#8221;, porque &#8220;trabajamos y estamos en cada uno de los de los pueblos del interior&#8221;.<\/p>\n\n\n\n<p>Se busca &#8220;combinar modernidad y respeto por el pasado&#8221;<\/p>\n\n\n\n<p>Durante la recorrida realizada en el mediod\u00eda de este viernes, junto al Gobernador se encontraba el decano de la Facultad de Artes, Dise\u00f1o y Ciencias de la Cultura de la UNNE, Gabriel Romero, como asesor del patrimonio arquitect\u00f3nico e hist\u00f3rico del proyecto &#8220;La Unidad&#8221;, por lo cual comparti\u00f3 detalles sobre el progreso de las obras en el antiguo edificio penitenciario de Corrientes.<\/p>\n\n\n\n<p>Explic\u00f3 que el edificio, una obra del arquitecto Juan Coll (quien tambi\u00e9n dise\u00f1\u00f3 la Casa de Gobierno), data de finales de 1885 y posee un alto valor hist\u00f3rico y arquitect\u00f3nico. El proyecto busca adecuar esta infraestructura a nuevas funciones, combinando modernidad y respeto por el pasado. &#8220;Estamos trabajando en la penitenciar\u00eda original sobre la avenida 3 de Abril y el pan\u00f3ptico, el espacio central&#8221;, coment\u00f3 Romero, destacando la transformaci\u00f3n en curso para convertirlo en un patio gastron\u00f3mico con acceso directo desde las calles Padre Borgatti y Don Bosco, y en un museo interactivo que abordar\u00e1 temas como mitos, leyendas y la historia de la creaci\u00f3n de la Tierra.<\/p>\n\n\n\n<p>&#8220;Este proyecto no pretende congelar el edificio como una reliquia intocable&#8221;, subray\u00f3. Agreg\u00f3 que &#8220;la idea es que la gente pueda interactuar con el espacio, convirti\u00e9ndolo en un lugar funcional y vivo&#8221;. Las primeras pruebas de luces en la parte exterior ya revelan la atractiva presencia del edificio, que ser\u00e1 un punto destacado para quienes ingresen a la ciudad cruzando el Puente General Belgrano.<\/p>\n\n\n\n<p>Respecto al trabajo t\u00e9cnico, Gabriel Romero se\u00f1al\u00f3 que el edificio presentaba desaf\u00edos estructurales significativos debido al deterioro, como humedad ascendente y descendente, rajaduras y quiebres en los muros. Esto implic\u00f3 una intervenci\u00f3n integral que respetara el dise\u00f1o original, incorporando elementos modernos como refrigeraci\u00f3n, sanitarios p\u00fablicos y ascensores.<\/p>\n\n\n\n<p>&#8220;El equipo est\u00e1 compuesto por arquitectos especializados y una empresa con experiencia en edificios hist\u00f3ricos. Los alba\u00f1iles tambi\u00e9n tienen antecedentes en obras similares, como el Museo San Martiniano de Corrientes&#8221;, a\u00f1adi\u00f3.<\/p>\n\n\n\n<p>El decano de la Facultad de Artes concluy\u00f3 tras se\u00f1alar que las obras no solo respetan la esencia del edificio, sino que tambi\u00e9n buscan proyectarlo hacia el futuro, convirti\u00e9ndolo en un espacio emblem\u00e1tico para la ciudad y sus visitantes.<\/p>\n","protected":false},"excerpt":{"rendered":"<p>El gobernador Gustavo Vald\u00e9s recorri\u00f3 este viernes La Unidad, cuyas obras avanzan a buen ritmo, de tal modo que el Mandatario avizor\u00f3 su inauguraci\u00f3n antes de finales de 2025. &#8220;Tenemos&hellip; <\/p>\n","protected":false},"author":3,"featured_media":180526,"comment_status":"closed","ping_status":"open","sticky":false,"template":"","format":"standard","meta":{"footnotes":""},"categories":[8],"tags":[],"class_list":["post-180519","post","type-post","status-publish","format-standard","has-post-thumbnail","hentry","category-locales"],"_links":{"self":[{"href":"https:\/\/corrientesdetarde.com\/index.php\/wp-json\/wp\/v2\/posts\/180519","targetHints":{"allow":["GET"]}}],"collection":[{"href":"https:\/\/corrientesdetarde.com\/index.php\/wp-json\/wp\/v2\/posts"}],"about":[{"href":"https:\/\/corrientesdetarde.com\/index.php\/wp-json\/wp\/v2\/types\/post"}],"author":[{"embeddable":true,"href":"https:\/\/corrientesdetarde.com\/index.php\/wp-json\/wp\/v2\/users\/3"}],"replies":[{"embeddable":true,"href":"https:\/\/corrientesdetarde.com\/index.php\/wp-json\/wp\/v2\/comments?post=180519"}],"version-history":[{"count":1,"href":"https:\/\/corrientesdetarde.com\/index.php\/wp-json\/wp\/v2\/posts\/180519\/revisions"}],"predecessor-version":[{"id":180549,"href":"https:\/\/corrientesdetarde.com\/index.php\/wp-json\/wp\/v2\/posts\/180519\/revisions\/180549"}],"wp:featuredmedia":[{"embeddable":true,"href":"https:\/\/corrientesdetarde.com\/index.php\/wp-json\/wp\/v2\/media\/180526"}],"wp:attachment":[{"href":"https:\/\/corrientesdetarde.com\/index.php\/wp-json\/wp\/v2\/media?parent=180519"}],"wp:term":[{"taxonomy":"category","embeddable":true,"href":"https:\/\/corrientesdetarde.com\/index.php\/wp-json\/wp\/v2\/categories?post=180519"},{"taxonomy":"post_tag","embeddable":true,"href":"https:\/\/corrientesdetarde.com\/index.php\/wp-json\/wp\/v2\/tags?post=180519"}],"curies":[{"name":"wp","href":"https:\/\/api.w.org\/{rel}","templated":true}]}}