{"id":180521,"date":"2024-12-21T10:00:17","date_gmt":"2024-12-21T13:00:17","guid":{"rendered":"https:\/\/corrientesdetarde.com\/?p=180521"},"modified":"2024-12-21T10:00:18","modified_gmt":"2024-12-21T13:00:18","slug":"realizaron-un-encuentro-coral-de-adviento-en-el-interior-de-corrientes","status":"publish","type":"post","link":"https:\/\/corrientesdetarde.com\/index.php\/interior\/realizaron-un-encuentro-coral-de-adviento-en-el-interior-de-corrientes\/","title":{"rendered":"Realizaron un encuentro Coral de Adviento en el interior de Corrientes"},"content":{"rendered":"\n<p>En la Parroquia Santa Ana y Monumento Hist\u00f3rico Nacional, los vecinos disfrutaron de un gran espect\u00e1culo de coros y pesebre, en el marco de las celebraciones navide\u00f1as.<\/p>\n\n\n\n<p>El encuentro de Coros fue organizado por el Instituto de Cultura del Gobierno de Corrientes junto con el municipio de la localidad de Santa Ana, en la noche de ayer, jueves.<\/p>\n\n\n\n<p><br>Durante el evento, los emprendedores locales tambi\u00e9n trabajaron, en la feria organizada por la Municipalidad, foment\u00e1ndose que desde los eventos tur\u00edsticos culturales, la producci\u00f3n local trabaje en la comercializaci\u00f3n y promoci\u00f3n de sus servicios y productos.Previous<\/p>\n\n\n\n<figure class=\"wp-block-image\"><img decoding=\"async\" src=\"https:\/\/www.diarioepoca.com\/content\/bucket\/5\/1403115h720.jpg.webp\" alt=\"48_997975458992657601_n.jpg\"\/><\/figure>\n\n\n\n<figure class=\"wp-block-image\"><img decoding=\"async\" src=\"https:\/\/www.diarioepoca.com\/content\/bucket\/6\/1403116h720.jpg.webp\" alt=\"756933431128610_n.jpg\"\/><\/figure>\n\n\n\n<figure class=\"wp-block-image\"><img decoding=\"async\" src=\"https:\/\/www.diarioepoca.com\/content\/bucket\/7\/1403117h720.jpg.webp\" alt=\"7746256499503163_n.jpg\"\/><\/figure>\n\n\n\n<p>Next<\/p>\n\n\n\n<p><br>La intendente Silvana Almir\u00f3n agradeci\u00f3 los trabajos conjuntos a todo el equipo del Instituto de Cultura y a los m\u00fasicos por el gran espect\u00e1culo que brindaron.<\/p>\n","protected":false},"excerpt":{"rendered":"<p>En la Parroquia Santa Ana y Monumento Hist\u00f3rico Nacional, los vecinos disfrutaron de un gran espect\u00e1culo de coros y pesebre, en el marco de las celebraciones navide\u00f1as. El encuentro de&hellip; <\/p>\n","protected":false},"author":3,"featured_media":180525,"comment_status":"closed","ping_status":"open","sticky":false,"template":"","format":"standard","meta":{"footnotes":""},"categories":[1658],"tags":[],"class_list":["post-180521","post","type-post","status-publish","format-standard","has-post-thumbnail","hentry","category-interior"],"_links":{"self":[{"href":"https:\/\/corrientesdetarde.com\/index.php\/wp-json\/wp\/v2\/posts\/180521","targetHints":{"allow":["GET"]}}],"collection":[{"href":"https:\/\/corrientesdetarde.com\/index.php\/wp-json\/wp\/v2\/posts"}],"about":[{"href":"https:\/\/corrientesdetarde.com\/index.php\/wp-json\/wp\/v2\/types\/post"}],"author":[{"embeddable":true,"href":"https:\/\/corrientesdetarde.com\/index.php\/wp-json\/wp\/v2\/users\/3"}],"replies":[{"embeddable":true,"href":"https:\/\/corrientesdetarde.com\/index.php\/wp-json\/wp\/v2\/comments?post=180521"}],"version-history":[{"count":1,"href":"https:\/\/corrientesdetarde.com\/index.php\/wp-json\/wp\/v2\/posts\/180521\/revisions"}],"predecessor-version":[{"id":180548,"href":"https:\/\/corrientesdetarde.com\/index.php\/wp-json\/wp\/v2\/posts\/180521\/revisions\/180548"}],"wp:featuredmedia":[{"embeddable":true,"href":"https:\/\/corrientesdetarde.com\/index.php\/wp-json\/wp\/v2\/media\/180525"}],"wp:attachment":[{"href":"https:\/\/corrientesdetarde.com\/index.php\/wp-json\/wp\/v2\/media?parent=180521"}],"wp:term":[{"taxonomy":"category","embeddable":true,"href":"https:\/\/corrientesdetarde.com\/index.php\/wp-json\/wp\/v2\/categories?post=180521"},{"taxonomy":"post_tag","embeddable":true,"href":"https:\/\/corrientesdetarde.com\/index.php\/wp-json\/wp\/v2\/tags?post=180521"}],"curies":[{"name":"wp","href":"https:\/\/api.w.org\/{rel}","templated":true}]}}