{"id":180523,"date":"2024-12-21T10:00:15","date_gmt":"2024-12-21T13:00:15","guid":{"rendered":"https:\/\/corrientesdetarde.com\/?p=180523"},"modified":"2024-12-21T10:00:27","modified_gmt":"2024-12-21T13:00:27","slug":"la-embajada-de-argentina-en-kiev-sufrio-danos-por-los-ataques-de-rusia","status":"publish","type":"post","link":"https:\/\/corrientesdetarde.com\/index.php\/internacionales\/la-embajada-de-argentina-en-kiev-sufrio-danos-por-los-ataques-de-rusia\/","title":{"rendered":"La embajada de Argentina en Kiev sufri\u00f3 da\u00f1os por los ataques de Rusia"},"content":{"rendered":"\n<p>Tambi\u00e9n fueron da\u00f1ada las embajadas de Albania, Portugal y Montenegro, todas ubicadas en el mismo edificio. El ataque fue confirmado por el ministro de Exteriores luso, Paulo Rangel.<\/p>\n\n\n\n<p>Las embajadas de Albania, Argentina, Macedonia del Norte, Palestina, Portugal y Montenegro. en Kiev sufrieron da\u00f1os materiales &#8220;relativamente leves&#8221; a causa de los ataques rusos a la capital ucraniana. As\u00ed fue informado por el ministro de Exteriores luso, Paulo Rangel, qui\u00e9n anunci\u00f3 que realizar\u00e1n una &#8220;protesta formal&#8221; contra Rusia.<\/p>\n\n\n\n<p>El funcionario ruso afirm\u00f3 que por el momento no se tienen registros de heridos en la embajada portuguesa. &#8220;Es absolutamente inaceptable que pueda haber ataques que tengan impacto o afecten a instalaciones diplom\u00e1ticas&#8221;, afirm\u00f3.<\/p>\n\n\n\n<p><strong>Un ataque ruso en Kiev da\u00f1\u00f3 la embajada Argentina<\/strong><\/p>\n\n\n\n<p>La informaci\u00f3n fue tambi\u00e9n confirmada por el Ministerio de Relaciones Exteriores de Ucrania. En cuanto a la dependencia Argentina, desde Kiev aseguraron que solo registr\u00f3 da\u00f1os materiales y no hubo ning\u00fan diplom\u00e1tico herido.<\/p>\n\n\n\n<p>En detalle, desde el gobierno ucraniano explicaron que pudo haber sido la onda expansiva de un misil interceptado a baja altura el causante de da\u00f1os en las seis embajadas.<\/p>\n\n\n\n<p>Ante lo ocurrido, la presidenta de la Comisi\u00f3n Europea, Ursula von der Leyen, denunci\u00f3 un &#8220;ataque odioso&#8221;. &#8220;Otro ataque atroz contra Kiev. Esta vez contra un edificio que alberga la embajada portuguesa y otros servicios diplom\u00e1ticos&#8221;, escribi\u00f3 en X.<\/p>\n\n\n\n<p>Por su parte el gobierno portugu\u00e9s conden\u00f3 &#8220;vehementemente&#8221; los ataques y convoc\u00f3 el encargado de negocios ruso en Portugal. Hasta el momento, desde la sede argentina no emitieron ning\u00fan comunicado.<\/p>\n","protected":false},"excerpt":{"rendered":"<p>Tambi\u00e9n fueron da\u00f1ada las embajadas de Albania, Portugal y Montenegro, todas ubicadas en el mismo edificio. El ataque fue confirmado por el ministro de Exteriores luso, Paulo Rangel. Las embajadas&hellip; <\/p>\n","protected":false},"author":3,"featured_media":180524,"comment_status":"closed","ping_status":"open","sticky":false,"template":"","format":"standard","meta":{"footnotes":""},"categories":[11],"tags":[],"class_list":["post-180523","post","type-post","status-publish","format-standard","has-post-thumbnail","hentry","category-internacionales"],"_links":{"self":[{"href":"https:\/\/corrientesdetarde.com\/index.php\/wp-json\/wp\/v2\/posts\/180523","targetHints":{"allow":["GET"]}}],"collection":[{"href":"https:\/\/corrientesdetarde.com\/index.php\/wp-json\/wp\/v2\/posts"}],"about":[{"href":"https:\/\/corrientesdetarde.com\/index.php\/wp-json\/wp\/v2\/types\/post"}],"author":[{"embeddable":true,"href":"https:\/\/corrientesdetarde.com\/index.php\/wp-json\/wp\/v2\/users\/3"}],"replies":[{"embeddable":true,"href":"https:\/\/corrientesdetarde.com\/index.php\/wp-json\/wp\/v2\/comments?post=180523"}],"version-history":[{"count":1,"href":"https:\/\/corrientesdetarde.com\/index.php\/wp-json\/wp\/v2\/posts\/180523\/revisions"}],"predecessor-version":[{"id":180552,"href":"https:\/\/corrientesdetarde.com\/index.php\/wp-json\/wp\/v2\/posts\/180523\/revisions\/180552"}],"wp:featuredmedia":[{"embeddable":true,"href":"https:\/\/corrientesdetarde.com\/index.php\/wp-json\/wp\/v2\/media\/180524"}],"wp:attachment":[{"href":"https:\/\/corrientesdetarde.com\/index.php\/wp-json\/wp\/v2\/media?parent=180523"}],"wp:term":[{"taxonomy":"category","embeddable":true,"href":"https:\/\/corrientesdetarde.com\/index.php\/wp-json\/wp\/v2\/categories?post=180523"},{"taxonomy":"post_tag","embeddable":true,"href":"https:\/\/corrientesdetarde.com\/index.php\/wp-json\/wp\/v2\/tags?post=180523"}],"curies":[{"name":"wp","href":"https:\/\/api.w.org\/{rel}","templated":true}]}}