{"id":180541,"date":"2024-12-21T11:00:29","date_gmt":"2024-12-21T14:00:29","guid":{"rendered":"https:\/\/corrientesdetarde.com\/?p=180541"},"modified":"2024-12-21T11:00:30","modified_gmt":"2024-12-21T14:00:30","slug":"interna-ucr-colombi-bajo-su-lista-pero-las-urnas-se-mantienen-en-vigilia","status":"publish","type":"post","link":"https:\/\/corrientesdetarde.com\/index.php\/informacion-general\/interna-ucr-colombi-bajo-su-lista-pero-las-urnas-se-mantienen-en-vigilia\/","title":{"rendered":"Interna UCR: Colombi baj\u00f3 su lista, pero las urnas se mantienen en vigilia"},"content":{"rendered":"\n<p>El interventor del radicalismo eval\u00faa la situaci\u00f3n, pero ratific\u00f3 que se mantiene la elecci\u00f3n de este domingo. Adem\u00e1s, aguarda confirmar con los candidatos de &#8220;Radicales en Acci\u00f3n&#8221; lo que plante\u00f3 el apoderado. El sector de Vald\u00e9s est\u00e1 en modo espera, pero con guardia en alto.<\/p>\n\n\n\n<p>A pr\u00e1cticamente 48 horas de las elecciones internas en la Uni\u00f3n C\u00edvica Radical (UCR) de Corrientes, un nuevo sacud\u00f3n en un mar de por s\u00ed revoltoso todo este a\u00f1o. Por el momento, se espera que la densa niebla se reduzca un poco y este s\u00e1bado poder tener un panorama m\u00e1s claro de lo que suceder\u00e1 este domingo.<\/p>\n\n\n\n<p>La cosa fue as\u00ed: durante la ma\u00f1ana del viernes comenz\u00f3 a circular un PDF por las redes de una presentaci\u00f3n al presidente de la Junta Electoral de la UCR local, firmada por el apoderado de &#8220;Radicales en Acci\u00f3n&#8221;, Miguel \u00c1ngel Rey, en que se comunica que se retira de la contienda su lista, impulsada por el exgobernador y actual senador Ricardo Colombi.<\/p>\n\n\n\n<figure class=\"wp-block-image\"><img decoding=\"async\" src=\"https:\/\/www.diarioepoca.com\/content\/bucket\/1\/1403171w380h108c.jpg.webp\" alt=\"\"\/><\/figure>\n\n\n\n<p>Lo hizo fundamentando en que no est\u00e1n dadas las condiciones para una contienda electoral, como ser traslado y custodia de urnas&#8221;, expres\u00f3.<\/p>\n\n\n\n<p>Un d\u00eda antes, la C\u00e1mara Nacional Electoral rechaz\u00f3 un planteo realizado por el sector colombista tratando de frenar el proceso eleccionario en el distrito.<\/p>\n\n\n\n<p>Ante esta situaci\u00f3n, el interventor del partido, Juli\u00e1n Galdeano, sali\u00f3 a ratificar que la elecci\u00f3n de autoridades radicales locales se hace igual este domingo. Es m\u00e1s, inst\u00f3 a todos los afiliados radicales a concurrir masivamente a las urnas para dirimir la cuesti\u00f3n. Y, de alguna manera, legitimar el proceso.<\/p>\n\n\n\n<p>Primero, el santafesino dijo que se hab\u00eda enterado del caso porque le compartieron por WhatsApp el documento de retiro de lista, pero que -al menos hasta el mediod\u00eda- no hab\u00eda ninguna documentaci\u00f3n presentada de manera f\u00edsica y formal ante la Junta Electoral, en el Comit\u00e9 Central.<\/p>\n\n\n\n<p>En la tarde, se\u00f1al\u00f3 que tambi\u00e9n hab\u00eda un proceso de consulta para que candidatos y candidatas de esa lista ratifiquen lo que plant\u00f3 el apoderado. Aparentemente, tras formalizarse el retiro de la n\u00f3mina del ricardismo.<\/p>\n\n\n\n<p>Por su parte, el sector que acompa\u00f1a la candidatura de Gustavo Vald\u00e9s para presidente de la UCR local, se manten\u00eda expectante y con la guardia en alto. &#8220;Estamos en vigilia, no desactivamos nada&#8221;, se\u00f1al\u00f3 una fuente del sector valdesista ante la consulta de \u00e9poca.<\/p>\n\n\n\n<p>Vald\u00e9s disputa el liderazgo del hist\u00f3rico partido en Corrientes a Colombi, su antecesor, una fuerte pulseada que se libra abiertamente desde abril, cuando la Convenci\u00f3n partidaria (con amplia mayor\u00eda valdesista) defini\u00f3 fecha de internas para fines de octubre, lo cual finalmente fue postergada ante fallos judiciales a favor del ricardismo. Tras la intervenci\u00f3n partidaria dispuesta por el Comit\u00e9 Nacional, a principios de noviembre, se dispuso convocar a votar este domingo 22 de diciembre.<\/p>\n\n\n\n<p>&#8220;Seguimos trabajando, preparando la elecci\u00f3n en toda la provincia, con las dos listas ya oficializadas&#8221;, dijo por radio, Galdeano.<\/p>\n\n\n\n<p>&#8220;El domingo se realiza igual. Hay 289 mesas habilitadas en toda la provincia, 105 locales de votaci\u00f3n de 75 localidades y en 16 localidades, y tres seccionales de la ciudad Capital hay m\u00e1s de una lista. Los afiliados est\u00e1n convocados a votar, obviamente&#8221;, se\u00f1al\u00f3 por la emisora local &#8220;Radionord&#8221; sobre el mediod\u00eda.<\/p>\n\n\n\n<p>&#8220;Esas dos listas siguen vigentes y estar\u00e1n disponibles en los cuartos oscuros. La elecci\u00f3n deber\u00eda realizarse de todos modos&#8221;, dijo el interventor ya en la tarde, esta vez por FM Sudamericana.<\/p>\n\n\n\n<p>As\u00ed, este s\u00e1bado ser\u00e1 crucial para saber si los comicios radicales se realizan, c\u00f3mo se har\u00e1n y si finalmente se termina la novela.<\/p>\n\n\n\n<h2 class=\"wp-block-heading\">&#8220;Hay un grupo, casi clandestino, que se dedica a presentar impugnaciones casi todos los d\u00edas&#8221;<\/h2>\n\n\n\n<figure class=\"wp-block-image\"><img decoding=\"async\" src=\"https:\/\/www.diarioepoca.com\/content\/bucket\/2\/1403172w380h219c.jpg.webp\" alt=\"\"\/><\/figure>\n\n\n\n<p>El interventor Galdeano se\u00f1al\u00f3 que &#8220;desde el primer momento han tenido una posici\u00f3n pol\u00edtica de obstaculizar a cualquier precio que el radicalismo tenga autoridades legitimadas y constituidas democr\u00e1ticamente lo que va a hacer el proceso electoral del 2025. De entrada fue el objetivo: la permanente presentaci\u00f3n en la Justicia de escritos sin fundamento&#8221;.<\/p>\n\n\n\n<p>Al respecto, marc\u00f3: &#8220;Hay un grupo, casi clandestino, que se dedica exclusivamente a presentar impugnaciones casi todos los d\u00edas&#8221;, declar\u00f3 en la entrevista concedida a &#8220;Radionord&#8221;.<\/p>\n\n\n\n<p>Tambi\u00e9n consider\u00f3 que espera que esta situaci\u00f3n intrincada en la UCR local se termine &#8220;con una movilizaci\u00f3n importante de afiliados al radicalismo este domingo; que voten y consolide de una elecci\u00f3n de autoridades que va a ser transparente, democr\u00e1tica y plural. Nosotros nos vamos a encargar de que eso est\u00e9 garantizado les guste o no le guste&#8221;, acentu\u00f3.<\/p>\n","protected":false},"excerpt":{"rendered":"<p>El interventor del radicalismo eval\u00faa la situaci\u00f3n, pero ratific\u00f3 que se mantiene la elecci\u00f3n de este domingo. Adem\u00e1s, aguarda confirmar con los candidatos de &#8220;Radicales en Acci\u00f3n&#8221; lo que plante\u00f3&hellip; <\/p>\n","protected":false},"author":3,"featured_media":180547,"comment_status":"closed","ping_status":"open","sticky":false,"template":"","format":"standard","meta":{"footnotes":""},"categories":[1],"tags":[],"class_list":["post-180541","post","type-post","status-publish","format-standard","has-post-thumbnail","hentry","category-informacion-general"],"_links":{"self":[{"href":"https:\/\/corrientesdetarde.com\/index.php\/wp-json\/wp\/v2\/posts\/180541","targetHints":{"allow":["GET"]}}],"collection":[{"href":"https:\/\/corrientesdetarde.com\/index.php\/wp-json\/wp\/v2\/posts"}],"about":[{"href":"https:\/\/corrientesdetarde.com\/index.php\/wp-json\/wp\/v2\/types\/post"}],"author":[{"embeddable":true,"href":"https:\/\/corrientesdetarde.com\/index.php\/wp-json\/wp\/v2\/users\/3"}],"replies":[{"embeddable":true,"href":"https:\/\/corrientesdetarde.com\/index.php\/wp-json\/wp\/v2\/comments?post=180541"}],"version-history":[{"count":1,"href":"https:\/\/corrientesdetarde.com\/index.php\/wp-json\/wp\/v2\/posts\/180541\/revisions"}],"predecessor-version":[{"id":180558,"href":"https:\/\/corrientesdetarde.com\/index.php\/wp-json\/wp\/v2\/posts\/180541\/revisions\/180558"}],"wp:featuredmedia":[{"embeddable":true,"href":"https:\/\/corrientesdetarde.com\/index.php\/wp-json\/wp\/v2\/media\/180547"}],"wp:attachment":[{"href":"https:\/\/corrientesdetarde.com\/index.php\/wp-json\/wp\/v2\/media?parent=180541"}],"wp:term":[{"taxonomy":"category","embeddable":true,"href":"https:\/\/corrientesdetarde.com\/index.php\/wp-json\/wp\/v2\/categories?post=180541"},{"taxonomy":"post_tag","embeddable":true,"href":"https:\/\/corrientesdetarde.com\/index.php\/wp-json\/wp\/v2\/tags?post=180541"}],"curies":[{"name":"wp","href":"https:\/\/api.w.org\/{rel}","templated":true}]}}