{"id":180968,"date":"2024-12-23T16:46:54","date_gmt":"2024-12-23T19:46:54","guid":{"rendered":"https:\/\/corrientesdetarde.com\/?p=180968"},"modified":"2024-12-23T16:47:05","modified_gmt":"2024-12-23T19:47:05","slug":"enzo-fernandez-explico-por-que-quiere-enfrentar-a-river-en-el-mundial-de-clubes-con-el-chelsea","status":"publish","type":"post","link":"https:\/\/corrientesdetarde.com\/index.php\/deportes\/enzo-fernandez-explico-por-que-quiere-enfrentar-a-river-en-el-mundial-de-clubes-con-el-chelsea\/","title":{"rendered":"Enzo Fern\u00e1ndez explic\u00f3 por qu\u00e9 quiere enfrentar a River en el Mundial de Clubes con el Chelsea"},"content":{"rendered":"\n<p>El campe\u00f3n del mundo con la Selecci\u00f3n argentina palpit\u00f3 la competencia que juntar\u00e1 a los mejores equipos del mundo en Estados Unidos en 2025.<\/p>\n\n\n\n<p>En 2025 se har\u00e1 el primer\u00a0<strong>Mundial de Clubes<\/strong>\u00a0con un formato que le permitir\u00e1 a\u00a0<strong>River y a Boca<\/strong>\u00a0enfrentarse a conjuntos poderosos de Europa y otros continentes. En la previa al certamen,\u00a0<strong>Enzo Fern\u00e1ndez<\/strong>\u00a0habl\u00f3 de las aspiraciones que tiene con el\u00a0<strong>Chelsea<\/strong>\u00a0y su sue\u00f1o de poder enfrentar al Millonario.<\/p>\n\n\n\n<p><strong>\u201cQuer\u00eda enfrentarme a River\u201d<\/strong>, reconoci\u00f3 el volante en&nbsp;<em>ESPN<\/em>. Y a\u00f1adi\u00f3: \u201c<strong>Quer\u00eda ver a mi excompa\u00f1eros, y ahora que est\u00e1 Marcelo (Gallardo) tambi\u00e9n.<\/strong>&nbsp;Espero poder cruzarlos en octavos, abrazarlos a todos porque la verdad se extra\u00f1a mucho en estos momentos\u201d.<\/p>\n\n\n\n<figure class=\"wp-block-image\"><img decoding=\"async\" src=\"https:\/\/tn.com.ar\/resizer\/v2\/enzo-fernandez-consiguio-dos-titulos-en-su-paso-por-river-foto-reutersagustin-marcarian-DIRXASNPMIFSIXWCXOZPMXOBMI.jpg?auth=f808e6e0e31c65ead25e6040129917e86cdb8eb58ced3328e820908aca2995fa&amp;width=767\" alt=\"Enzo Fern\u00e1ndez consigui\u00f3 dos t\u00edtulos en su paso por River. (Foto: REUTERS\/Agustin Marcarian)\"\/><\/figure>\n\n\n\n<p>Lo cierto es que el conjunto de Londres y el Millonario podr\u00edan cruzarse reci\u00e9n en semifinales o en la final,&nbsp;<strong>dependiendo de c\u00f3mo termine cada uno en su grupo<\/strong>. Sin embargo<strong>, existe la posibilidad de que los Blues se enfrenten a Boca en octavos<\/strong>, si ambos equipos terminan en primer y segundo lugar, respectivamente, en sus zonas.<\/p>\n\n\n\n<p>\u201cSe toma con mucha responsabilidad. Es a final de temporada y demanda mucho a nivel f\u00edsico y mental poder jugarlo.&nbsp;<strong>Es mi primer Mundial de Clubes y obviamente estoy con muchas ganas<\/strong>&nbsp;y mucha ansiedad de que se juegue\u201d, coment\u00f3 Fern\u00e1ndez sobre las aspiraciones del club ingl\u00e9s.<\/p>\n\n\n\n<h2 class=\"wp-block-heading\">C\u00f3mo quedaron los grupos del Mundial de Clubes 2025<\/h2>\n\n\n\n<ul class=\"wp-block-list\">\n<li><strong>Grupo A:\u00a0<\/strong>Palmeiras, Porto, Al Ahly FC e Inter Miami.<\/li>\n\n\n\n<li><strong>Grupo B:\u00a0<\/strong>Paris Saint-Germain, Atl\u00e9tico Madrid, Botafogo y Seattle Sounders.<\/li>\n\n\n\n<li><strong>Grupo C:\u00a0<\/strong>Bayern Munich, Benfica, Boca y Auckland City de Nueva Zelanda.<\/li>\n\n\n\n<li><strong>Grupo D:\u00a0<\/strong>Flamengo, Chelsea, Le\u00f3n y Esp\u00e9rance Sportive.<\/li>\n\n\n\n<li><strong>Grupo E:\u00a0<\/strong>River, Inter de Mil\u00e1n, Monterrey y Urawa Red Diamonds.<\/li>\n\n\n\n<li><strong>Grupo F:\u00a0<\/strong>Fluminense, Borussia Dortmund, Ulsan HD y Mamelodi Sundowns.<\/li>\n\n\n\n<li><strong>Grupo G:<\/strong>\u00a0Manchester City, Juventus, Wydad AC y Al Ain.<\/li>\n\n\n\n<li><strong>Grupo H:<\/strong>\u00a0Real Madrid, Salzburgo, Al Hilal y Pachuca.<\/li>\n<\/ul>\n\n\n\n<h2 class=\"wp-block-heading\">El cronograma de River<\/h2>\n\n\n\n<p>\u25cf vs.&nbsp;<strong>Urawa Red Diamonds<\/strong>: martes 17 de junio a las 17:00 en el Lumen Field de Seattle.<\/p>\n\n\n\n<p>\u25cf vs.&nbsp;<strong>Monterrey<\/strong>: s\u00e1bado 21 de junio a las 23:00 en el Rose Bowl Stadium de LA.<\/p>\n\n\n\n<p>\u25cf vs.&nbsp;<strong>Inter de Mil\u00e1n<\/strong>: mi\u00e9rcoles 25 de junio a las 23:00 en el Lumen Field de Seattle.<\/p>\n","protected":false},"excerpt":{"rendered":"<p>El campe\u00f3n del mundo con la Selecci\u00f3n argentina palpit\u00f3 la competencia que juntar\u00e1 a los mejores equipos del mundo en Estados Unidos en 2025. En 2025 se har\u00e1 el primer\u00a0Mundial&hellip; <\/p>\n","protected":false},"author":8,"featured_media":180969,"comment_status":"closed","ping_status":"open","sticky":false,"template":"","format":"standard","meta":{"footnotes":""},"categories":[4],"tags":[],"class_list":["post-180968","post","type-post","status-publish","format-standard","has-post-thumbnail","hentry","category-deportes"],"_links":{"self":[{"href":"https:\/\/corrientesdetarde.com\/index.php\/wp-json\/wp\/v2\/posts\/180968","targetHints":{"allow":["GET"]}}],"collection":[{"href":"https:\/\/corrientesdetarde.com\/index.php\/wp-json\/wp\/v2\/posts"}],"about":[{"href":"https:\/\/corrientesdetarde.com\/index.php\/wp-json\/wp\/v2\/types\/post"}],"author":[{"embeddable":true,"href":"https:\/\/corrientesdetarde.com\/index.php\/wp-json\/wp\/v2\/users\/8"}],"replies":[{"embeddable":true,"href":"https:\/\/corrientesdetarde.com\/index.php\/wp-json\/wp\/v2\/comments?post=180968"}],"version-history":[{"count":1,"href":"https:\/\/corrientesdetarde.com\/index.php\/wp-json\/wp\/v2\/posts\/180968\/revisions"}],"predecessor-version":[{"id":180970,"href":"https:\/\/corrientesdetarde.com\/index.php\/wp-json\/wp\/v2\/posts\/180968\/revisions\/180970"}],"wp:featuredmedia":[{"embeddable":true,"href":"https:\/\/corrientesdetarde.com\/index.php\/wp-json\/wp\/v2\/media\/180969"}],"wp:attachment":[{"href":"https:\/\/corrientesdetarde.com\/index.php\/wp-json\/wp\/v2\/media?parent=180968"}],"wp:term":[{"taxonomy":"category","embeddable":true,"href":"https:\/\/corrientesdetarde.com\/index.php\/wp-json\/wp\/v2\/categories?post=180968"},{"taxonomy":"post_tag","embeddable":true,"href":"https:\/\/corrientesdetarde.com\/index.php\/wp-json\/wp\/v2\/tags?post=180968"}],"curies":[{"name":"wp","href":"https:\/\/api.w.org\/{rel}","templated":true}]}}