{"id":180981,"date":"2024-12-23T20:56:54","date_gmt":"2024-12-23T23:56:54","guid":{"rendered":"https:\/\/corrientesdetarde.com\/?p=180981"},"modified":"2024-12-23T22:15:06","modified_gmt":"2024-12-24T01:15:06","slug":"fue-incomodo-y-tenso-sofi-martinez-conto-como-vivio-la-pelea-entre-mirtha-legrand-y-roberto-garcia-moritan","status":"publish","type":"post","link":"https:\/\/corrientesdetarde.com\/index.php\/espectaculos\/fue-incomodo-y-tenso-sofi-martinez-conto-como-vivio-la-pelea-entre-mirtha-legrand-y-roberto-garcia-moritan\/","title":{"rendered":"&#8220;Fue inc\u00f3modo y tenso&#8221;: Sofi Mart\u00ednez cont\u00f3 c\u00f3mo vivi\u00f3 la pelea entre Mirtha Legrand y Roberto Garc\u00eda Morit\u00e1n"},"content":{"rendered":"\n<h2 class=\"wp-block-heading\">La periodista fue una de las invitadas al programa de la diva.<\/h2>\n\n\n\n<p><strong>Sofi Mart\u00ednez<\/strong>&nbsp;fue invitada al programa de&nbsp;<strong>Mirtha Legrand&nbsp;<\/strong>en un programa caliente porque tuvo una fuerte discusi\u00f3n entre la conductora y el ex marido de&nbsp;<strong>Pampita<\/strong>,&nbsp;<strong>Roberto Garc\u00eda Morit\u00e1n<\/strong>.<\/p>\n\n\n\n<p><em><strong>\u201cFue un poco inc\u00f3modo en alg\u00fan momento, fue medio tenso, pero me parece que cada uno estaba muy plantado en su lugar. Garc\u00eda Morit\u00e1n queriendo hablar de lo pol\u00edtico y ten\u00eda las carpetas, pero a Mirtha no le importaban nada esas carpetas\u201d<\/strong><\/em>, revel\u00f3 la periodista en&nbsp;<em>Perros de la Calle.<\/em><\/p>\n\n\n\n<p>En el programa radial,&nbsp;<strong>Mar\u00eda O&#8217;Donell<\/strong>&nbsp;sum\u00f3 que<em>&nbsp;\u201csi \u00e9l le aclar\u00f3 previamente que no quer\u00eda hablar de su vida privada, habr\u00eda que respetarlo&#8230;&nbsp;<strong>Es un poco c\u00ednico, porque si te llaman para sentarte ah\u00ed, es porque sos el ex de Pampita, no para hablar de pol\u00edtica\u201d.<\/strong><\/em><\/p>\n\n\n\n<p><strong>Andy Kusnetzoff<\/strong>&nbsp;tambi\u00e9n opin\u00f3 sobre la pelea con Mirtha:<em>&nbsp;<strong>\u201cSi te casaste y tuviste una hija con Pampita, ya tu vida deja de ser privada.<\/strong>&nbsp;Sali\u00f3 en todos lados. Adem\u00e1s, entraste en la pol\u00edtica; eso te pone en otro lugar. Estuvo muy inteligente porque no se sac\u00f3. Pero Mirtha estaba frustrada, porque no lograba que \u00e9l hable. Se sent\u00eda tapada\u201d.<\/em><\/p>\n\n\n\n<p>En ese sentido, Sofi remarc\u00f3 que Mirtha no quiso que le ocurra lo que le pas\u00f3 a&nbsp;<strong>Susana Gim\u00e9nez<\/strong>&nbsp;cuando tuvo a Pampita en su programa:&nbsp;<em>\u201cA m\u00ed me da la sensaci\u00f3n de que Mirtha no quer\u00eda que le pase lo que le pas\u00f3 a Susana Gim\u00e9nez con Pampita, cuando no termin\u00f3 diciendo nada porque las preguntas no fueron punzantes. Por eso,&nbsp;<strong>Mirtha buscaba ir al filo, esperando respuestas contundentes. Pero fue tenso, inc\u00f3modo. En el corte no pasaba nada, \u00e9l fing\u00eda demencia\u201d.<\/strong><\/em><\/p>\n","protected":false},"excerpt":{"rendered":"<p>La periodista fue una de las invitadas al programa de la diva. Sofi Mart\u00ednez&nbsp;fue invitada al programa de&nbsp;Mirtha Legrand&nbsp;en un programa caliente porque tuvo una fuerte discusi\u00f3n entre la conductora&hellip; <\/p>\n","protected":false},"author":4,"featured_media":181027,"comment_status":"closed","ping_status":"open","sticky":false,"template":"","format":"standard","meta":{"footnotes":""},"categories":[19],"tags":[],"class_list":["post-180981","post","type-post","status-publish","format-standard","has-post-thumbnail","hentry","category-espectaculos"],"_links":{"self":[{"href":"https:\/\/corrientesdetarde.com\/index.php\/wp-json\/wp\/v2\/posts\/180981","targetHints":{"allow":["GET"]}}],"collection":[{"href":"https:\/\/corrientesdetarde.com\/index.php\/wp-json\/wp\/v2\/posts"}],"about":[{"href":"https:\/\/corrientesdetarde.com\/index.php\/wp-json\/wp\/v2\/types\/post"}],"author":[{"embeddable":true,"href":"https:\/\/corrientesdetarde.com\/index.php\/wp-json\/wp\/v2\/users\/4"}],"replies":[{"embeddable":true,"href":"https:\/\/corrientesdetarde.com\/index.php\/wp-json\/wp\/v2\/comments?post=180981"}],"version-history":[{"count":1,"href":"https:\/\/corrientesdetarde.com\/index.php\/wp-json\/wp\/v2\/posts\/180981\/revisions"}],"predecessor-version":[{"id":181028,"href":"https:\/\/corrientesdetarde.com\/index.php\/wp-json\/wp\/v2\/posts\/180981\/revisions\/181028"}],"wp:featuredmedia":[{"embeddable":true,"href":"https:\/\/corrientesdetarde.com\/index.php\/wp-json\/wp\/v2\/media\/181027"}],"wp:attachment":[{"href":"https:\/\/corrientesdetarde.com\/index.php\/wp-json\/wp\/v2\/media?parent=180981"}],"wp:term":[{"taxonomy":"category","embeddable":true,"href":"https:\/\/corrientesdetarde.com\/index.php\/wp-json\/wp\/v2\/categories?post=180981"},{"taxonomy":"post_tag","embeddable":true,"href":"https:\/\/corrientesdetarde.com\/index.php\/wp-json\/wp\/v2\/tags?post=180981"}],"curies":[{"name":"wp","href":"https:\/\/api.w.org\/{rel}","templated":true}]}}