{"id":180982,"date":"2024-12-23T20:47:48","date_gmt":"2024-12-23T23:47:48","guid":{"rendered":"https:\/\/corrientesdetarde.com\/?p=180982"},"modified":"2024-12-23T20:50:45","modified_gmt":"2024-12-23T23:50:45","slug":"joe-biden-salvo-la-vida-de-37-condenados-a-muerte","status":"publish","type":"post","link":"https:\/\/corrientesdetarde.com\/index.php\/internacionales\/joe-biden-salvo-la-vida-de-37-condenados-a-muerte\/","title":{"rendered":"Joe Biden salv\u00f3 la vida de 37 condenados a muerte"},"content":{"rendered":"\n<h2 class=\"wp-block-heading\">El presidente Joe Biden conmut\u00f3 las penas de 37 condenados a muerte, abogando por la eliminaci\u00f3n de esta pr\u00e1ctica a nivel federal.<\/h2>\n\n\n\n<p><strong>El presidente de los Estados Unidos, Joe Biden, conmut\u00f3 este lunes las penas de 37 de los 40 condenados a muerte por la justicia federal, a menos de un mes del regreso de Donald Trump a la Casa Blanca,&nbsp;<\/strong>anunci\u00f3 el mandatario saliente.<\/p>\n\n\n\n<p><strong>Los 37 reos quedan ahora condenados a cadena perpetua &#8220;sin posibilidad de libertad condicional&#8221;, precis\u00f3 el dem\u00f3crata Biden&nbsp;<\/strong>en el comunicado.<\/p>\n\n\n\n<p><strong>El mandatario est\u00e1 en contra de la pena de muerte<\/strong>&nbsp;y durante su gobierno el Departamento de Justicia emiti\u00f3 una moratoria sobre las ejecuciones en el sistema federal, que es distinto de las condenas emitidas por los jueces en los estados.<\/p>\n\n\n\n<p>Durante el primer gobierno de<strong>&nbsp;Trump<\/strong>, Estados Unidos suspendi\u00f3 una moratoria sobre las ejecuciones en la jurisdicci\u00f3n federal que reg\u00eda desde 2003.<\/p>\n\n\n\n<p><strong>El mandatario dem\u00f3crata emiti\u00f3 m\u00e1s conmutaciones en el final de su presidencia que cualquiera de sus predecesores recientes en el mismo momento de sus primeros mandatos<\/strong>, seg\u00fan indica la Casa Blanca en un comunicado.<\/p>\n\n\n\n<p>El<strong>&nbsp;magnate republicano<\/strong>, en cambio, defendi\u00f3 durante su campa\u00f1a para volver a la Casa Blanca el uso de la pena de muerte para castigar a migrantes que asesinen a estadounidenses y a traficantes de drogas y de personas, seg\u00fan el sitio DW.<\/p>\n\n\n\n<p>La nota de la Casa Blanca sostiene que<strong>&nbsp;Biden<\/strong>&nbsp;&#8220;ha dedicado su carrera a reducir los delitos violentos y garantizar un sistema de justicia justo y eficaz&#8221; y &#8220;cree que Estados Unidos debe poner fin al uso de la pena de muerte a nivel federal, excepto en casos de terrorismo y asesinatos en masa motivados por el odio&#8221;.<\/p>\n\n\n\n<p>Adem\u00e1s, a\u00f1ade que la medida conocida este lunes impedir\u00e1&nbsp;<em><strong>&#8220;que la pr\u00f3xima administraci\u00f3n confirme las sentencias de ejecuci\u00f3n que no se dictar\u00edan con la pol\u00edtica y la pr\u00e1ctica actuales&#8221;.<\/strong><\/em><\/p>\n\n\n\n<p><strong>Los tres condenados que no se beneficiaron del perd\u00f3n presidencial fueron Djokhar Tsarnaev, uno de los autores del ataque contra la marat\u00f3n de Boston en 2013, Dylann Roof, un supremacista blanco que mat\u00f3 a nueve personas negras en una iglesia de Charleston en 2015, y Robert Bowers, condenado por matar a once personas en una sinagoga de Pittsburgh en 2018<\/strong>.<\/p>\n\n\n\n<p><strong>Biden<\/strong>&nbsp;fue tambi\u00e9n el primer presidente en otorgar indultos categ\u00f3ricos a personas condenadas por el simple uso y posesi\u00f3n de marihuana, y a exmiembros de las Fuerzas Armadas que pertenecen al colectivo LGBTQI+ condenados por conducta privada debido a su orientaci\u00f3n sexual.<\/p>\n","protected":false},"excerpt":{"rendered":"<p>El presidente Joe Biden conmut\u00f3 las penas de 37 condenados a muerte, abogando por la eliminaci\u00f3n de esta pr\u00e1ctica a nivel federal. El presidente de los Estados Unidos, Joe Biden,&hellip; <\/p>\n","protected":false},"author":4,"featured_media":181021,"comment_status":"closed","ping_status":"open","sticky":false,"template":"","format":"standard","meta":{"footnotes":""},"categories":[11],"tags":[],"class_list":["post-180982","post","type-post","status-publish","format-standard","has-post-thumbnail","hentry","category-internacionales"],"_links":{"self":[{"href":"https:\/\/corrientesdetarde.com\/index.php\/wp-json\/wp\/v2\/posts\/180982","targetHints":{"allow":["GET"]}}],"collection":[{"href":"https:\/\/corrientesdetarde.com\/index.php\/wp-json\/wp\/v2\/posts"}],"about":[{"href":"https:\/\/corrientesdetarde.com\/index.php\/wp-json\/wp\/v2\/types\/post"}],"author":[{"embeddable":true,"href":"https:\/\/corrientesdetarde.com\/index.php\/wp-json\/wp\/v2\/users\/4"}],"replies":[{"embeddable":true,"href":"https:\/\/corrientesdetarde.com\/index.php\/wp-json\/wp\/v2\/comments?post=180982"}],"version-history":[{"count":1,"href":"https:\/\/corrientesdetarde.com\/index.php\/wp-json\/wp\/v2\/posts\/180982\/revisions"}],"predecessor-version":[{"id":181022,"href":"https:\/\/corrientesdetarde.com\/index.php\/wp-json\/wp\/v2\/posts\/180982\/revisions\/181022"}],"wp:featuredmedia":[{"embeddable":true,"href":"https:\/\/corrientesdetarde.com\/index.php\/wp-json\/wp\/v2\/media\/181021"}],"wp:attachment":[{"href":"https:\/\/corrientesdetarde.com\/index.php\/wp-json\/wp\/v2\/media?parent=180982"}],"wp:term":[{"taxonomy":"category","embeddable":true,"href":"https:\/\/corrientesdetarde.com\/index.php\/wp-json\/wp\/v2\/categories?post=180982"},{"taxonomy":"post_tag","embeddable":true,"href":"https:\/\/corrientesdetarde.com\/index.php\/wp-json\/wp\/v2\/tags?post=180982"}],"curies":[{"name":"wp","href":"https:\/\/api.w.org\/{rel}","templated":true}]}}