{"id":180983,"date":"2024-12-23T20:41:35","date_gmt":"2024-12-23T23:41:35","guid":{"rendered":"https:\/\/corrientesdetarde.com\/?p=180983"},"modified":"2024-12-23T20:41:46","modified_gmt":"2024-12-23T23:41:46","slug":"para-viktor-orban-europa-ha-sido-derrotada-en-ucrania","status":"publish","type":"post","link":"https:\/\/corrientesdetarde.com\/index.php\/internacionales\/para-viktor-orban-europa-ha-sido-derrotada-en-ucrania\/","title":{"rendered":"Para Viktor Orb\u00e1n, &#8220;Europa ha sido derrotada&#8221; en Ucrania"},"content":{"rendered":"\n<h2 class=\"wp-block-heading\">Para el presidente de Hungr\u00eda &#8220;hay una nueva realidad&#8221;.<\/h2>\n\n\n\n<p><strong>El primer ministro de Hungr\u00eda, Viktor Orb\u00e1n, asegur\u00f3 que hay una nueva realidad en el conflicto ucraniano, donde los rusos est\u00e1n actualmente en mejor posici\u00f3n y &#8220;Europa ha sido derrotada&#8221;.<\/strong><\/p>\n\n\n\n<p><strong>Orb\u00e1n&nbsp;<\/strong>tambi\u00e9n afirm\u00f3 en una entrevista que con la elecci\u00f3n de Donald Trump en los Estados Unidos, la paz en Europa est\u00e1 ahora &#8220;al alcance de la mano&#8221;. En este sentido, se\u00f1al\u00f3 que espera que &#8220;comience un nuevo mundo&#8221; el pr\u00f3ximo 20 de enero, cuando el l\u00edder republicano asuma la presidencia del pa\u00eds norteamericano, refiri\u00e9ndose a su prometido plan para resolver el conflicto ucraniano.<\/p>\n\n\n\n<p><em><strong>&#8220;Hablar de paz en junio de este a\u00f1o era desacreditarse. Pero hoy, todo el mundo habla de paz. Esto es lo que hemos conseguido. Pero la guerra a\u00fan no ha terminado&#8221;,&nbsp;<\/strong><\/em>detall\u00f3 el primer ministro, a\u00f1adiendo que a\u00fan no se rindi\u00f3 en su propuesta por &#8220;un alto al fuego en Navidad y un intercambio de prisioneros a gran escala&#8221; entre Rusia y Ucrania, que Volod\u00edmir Zelenski rechaz\u00f3.<\/p>\n\n\n\n<p>Seg\u00fan un art\u00edculo del sitio Actualidad RT, Orb\u00e1n continu\u00f3 diciendo:&nbsp;<em><strong>&#8220;Hay una nueva realidad, los rusos est\u00e1n avanzando lenta y constantemente. Esta es una guerra que la UE ha perdido [&#8230;] Hay que aislar el conflicto. Si Europa interviene, si no se a\u00edsla, nos espera una derrota a\u00fan mayor&#8221;.&nbsp;<\/strong><\/em>En este sentido, Orb\u00e1n insisti\u00f3 que Occidente no deber\u00eda apoyar a Ucrania, ya que su conflicto con Rusia, no tiene nada que ver con Europa.<\/p>\n\n\n\n<p><em><strong>&#8220;Estamos demasiado cerca de la guerra para no decir nada. Si sientes que la guerra es tuya, debes movilizar todas tus fuerzas, pero yo digo que esta no es nuestra guerra&#8221;,&nbsp;<\/strong><\/em>explic\u00f3.<\/p>\n\n\n\n<p>Por otra parte, declar\u00f3 que&nbsp;<strong>Hungr\u00eda&nbsp;<\/strong>desea entablar relaciones de neutralidad econ\u00f3mica con pa\u00edses como Rusia.&nbsp;<em>&#8220;Cuanto mayor es el problema en Europa, es m\u00e1s necesario dirigirnos a los dem\u00e1s&#8221;,&nbsp;<\/em>subray\u00f3, insistiendo que estas relaciones permitir\u00edan generar dinero que podr\u00e1 ser invertido en un mayor desarrollo econ\u00f3mico.<\/p>\n\n\n\n<p><\/p>\n","protected":false},"excerpt":{"rendered":"<p>Para el presidente de Hungr\u00eda &#8220;hay una nueva realidad&#8221;. El primer ministro de Hungr\u00eda, Viktor Orb\u00e1n, asegur\u00f3 que hay una nueva realidad en el conflicto ucraniano, donde los rusos est\u00e1n&hellip; <\/p>\n","protected":false},"author":4,"featured_media":181018,"comment_status":"closed","ping_status":"open","sticky":false,"template":"","format":"standard","meta":{"footnotes":""},"categories":[11],"tags":[],"class_list":["post-180983","post","type-post","status-publish","format-standard","has-post-thumbnail","hentry","category-internacionales"],"_links":{"self":[{"href":"https:\/\/corrientesdetarde.com\/index.php\/wp-json\/wp\/v2\/posts\/180983","targetHints":{"allow":["GET"]}}],"collection":[{"href":"https:\/\/corrientesdetarde.com\/index.php\/wp-json\/wp\/v2\/posts"}],"about":[{"href":"https:\/\/corrientesdetarde.com\/index.php\/wp-json\/wp\/v2\/types\/post"}],"author":[{"embeddable":true,"href":"https:\/\/corrientesdetarde.com\/index.php\/wp-json\/wp\/v2\/users\/4"}],"replies":[{"embeddable":true,"href":"https:\/\/corrientesdetarde.com\/index.php\/wp-json\/wp\/v2\/comments?post=180983"}],"version-history":[{"count":2,"href":"https:\/\/corrientesdetarde.com\/index.php\/wp-json\/wp\/v2\/posts\/180983\/revisions"}],"predecessor-version":[{"id":181020,"href":"https:\/\/corrientesdetarde.com\/index.php\/wp-json\/wp\/v2\/posts\/180983\/revisions\/181020"}],"wp:featuredmedia":[{"embeddable":true,"href":"https:\/\/corrientesdetarde.com\/index.php\/wp-json\/wp\/v2\/media\/181018"}],"wp:attachment":[{"href":"https:\/\/corrientesdetarde.com\/index.php\/wp-json\/wp\/v2\/media?parent=180983"}],"wp:term":[{"taxonomy":"category","embeddable":true,"href":"https:\/\/corrientesdetarde.com\/index.php\/wp-json\/wp\/v2\/categories?post=180983"},{"taxonomy":"post_tag","embeddable":true,"href":"https:\/\/corrientesdetarde.com\/index.php\/wp-json\/wp\/v2\/tags?post=180983"}],"curies":[{"name":"wp","href":"https:\/\/api.w.org\/{rel}","templated":true}]}}