{"id":180990,"date":"2024-12-23T20:08:23","date_gmt":"2024-12-23T23:08:23","guid":{"rendered":"https:\/\/corrientesdetarde.com\/?p=180990"},"modified":"2024-12-23T20:15:22","modified_gmt":"2024-12-23T23:15:22","slug":"las-ferias-de-emprendedores-recibieron-numerosos-visitantes","status":"publish","type":"post","link":"https:\/\/corrientesdetarde.com\/index.php\/actualidad\/las-ferias-de-emprendedores-recibieron-numerosos-visitantes\/","title":{"rendered":"Las Ferias de Emprendedores recibieron numerosos visitantes"},"content":{"rendered":"\n<p>Con gran concurrencia de p\u00fablico se realizaron las Ferias de Emprendedores&nbsp;del Ministerio de Desarrollo Social este domingo&nbsp;22, en el Paseo Iber\u00e1, en el Parque el Eucaliptal del barrio San Ger\u00f3nimo y en el Parque Mitre.&nbsp;Estuvieron a cargo&nbsp;de la Direcci\u00f3n de Comercializaci\u00f3n.<\/p>\n\n\n\n<p>La Expo-emprendedora se realiz\u00f3 en el Paseo Iber\u00e1, ubicado en la Bajada del Puente Gral.&nbsp;Belgrano y Costanera, con la exposici\u00f3n y venta de diferentes productos de emprendedores y artesanos.<\/p>\n\n\n\n<p>Cuenta con un sector gastron\u00f3mico&nbsp;y un patio de comidas, donde se realizan shows&nbsp;en vivo de artistas locales. Este domingo pasaron por el escenario:&nbsp;Isabella y Julieta Maidana acompa\u00f1ado de Nicolas el ni\u00f1o del acorde\u00f3n, y Victoria Celene Sol\u00eds.&nbsp;Tambi\u00e9n, se realizaron sorteos&nbsp;de productos artesanales.<\/p>\n\n\n\n<p>Del mismo modo, la Multiferia estuvo en el Parque el Eucaliptal&nbsp;del barrio San Ger\u00f3nimo con exposici\u00f3n y venta de productos elaborados por&nbsp;emprendedores y artesanos.<\/p>\n\n\n\n<p>Y en el Parque Mitre,&nbsp;se realiz\u00f3 la Feria de Revendedores comercializando productos de reventa.<\/p>\n\n\n\n<p>Es conveniente destacar que el Paseo de Emprendedores se encuentra trabajando en forma conjunta con el Parque de Diversiones y&nbsp;los carritos gastron\u00f3micos en el Paseo Iber\u00e1.<\/p>\n\n\n\n<p><\/p>\n\n\n\n<figure class=\"wp-block-image size-large\"><img loading=\"lazy\" decoding=\"async\" width=\"1024\" height=\"749\" src=\"https:\/\/corrientesdetarde.com\/wp-content\/uploads\/2024\/12\/image-1103-1024x749.png\" alt=\"\" class=\"wp-image-180991\" srcset=\"https:\/\/corrientesdetarde.com\/wp-content\/uploads\/2024\/12\/image-1103-1024x749.png 1024w, https:\/\/corrientesdetarde.com\/wp-content\/uploads\/2024\/12\/image-1103-300x219.png 300w, https:\/\/corrientesdetarde.com\/wp-content\/uploads\/2024\/12\/image-1103-768x562.png 768w, https:\/\/corrientesdetarde.com\/wp-content\/uploads\/2024\/12\/image-1103.png 1202w\" sizes=\"auto, (max-width: 1024px) 100vw, 1024px\" \/><\/figure>\n\n\n\n<p><\/p>\n\n\n\n<figure class=\"wp-block-image size-large\"><img loading=\"lazy\" decoding=\"async\" width=\"1024\" height=\"764\" src=\"https:\/\/corrientesdetarde.com\/wp-content\/uploads\/2024\/12\/image-1105-1024x764.png\" alt=\"\" class=\"wp-image-180993\" srcset=\"https:\/\/corrientesdetarde.com\/wp-content\/uploads\/2024\/12\/image-1105-1024x764.png 1024w, https:\/\/corrientesdetarde.com\/wp-content\/uploads\/2024\/12\/image-1105-300x224.png 300w, https:\/\/corrientesdetarde.com\/wp-content\/uploads\/2024\/12\/image-1105-768x573.png 768w, https:\/\/corrientesdetarde.com\/wp-content\/uploads\/2024\/12\/image-1105.png 1206w\" sizes=\"auto, (max-width: 1024px) 100vw, 1024px\" \/><\/figure>\n\n\n\n<p><\/p>\n","protected":false},"excerpt":{"rendered":"<p>Con gran concurrencia de p\u00fablico se realizaron las Ferias de Emprendedores&nbsp;del Ministerio de Desarrollo Social este domingo&nbsp;22, en el Paseo Iber\u00e1, en el Parque el Eucaliptal del barrio San Ger\u00f3nimo&hellip; <\/p>\n","protected":false},"author":4,"featured_media":181000,"comment_status":"closed","ping_status":"open","sticky":false,"template":"","format":"standard","meta":{"footnotes":""},"categories":[23],"tags":[],"class_list":["post-180990","post","type-post","status-publish","format-standard","has-post-thumbnail","hentry","category-actualidad"],"_links":{"self":[{"href":"https:\/\/corrientesdetarde.com\/index.php\/wp-json\/wp\/v2\/posts\/180990","targetHints":{"allow":["GET"]}}],"collection":[{"href":"https:\/\/corrientesdetarde.com\/index.php\/wp-json\/wp\/v2\/posts"}],"about":[{"href":"https:\/\/corrientesdetarde.com\/index.php\/wp-json\/wp\/v2\/types\/post"}],"author":[{"embeddable":true,"href":"https:\/\/corrientesdetarde.com\/index.php\/wp-json\/wp\/v2\/users\/4"}],"replies":[{"embeddable":true,"href":"https:\/\/corrientesdetarde.com\/index.php\/wp-json\/wp\/v2\/comments?post=180990"}],"version-history":[{"count":1,"href":"https:\/\/corrientesdetarde.com\/index.php\/wp-json\/wp\/v2\/posts\/180990\/revisions"}],"predecessor-version":[{"id":180995,"href":"https:\/\/corrientesdetarde.com\/index.php\/wp-json\/wp\/v2\/posts\/180990\/revisions\/180995"}],"wp:featuredmedia":[{"embeddable":true,"href":"https:\/\/corrientesdetarde.com\/index.php\/wp-json\/wp\/v2\/media\/181000"}],"wp:attachment":[{"href":"https:\/\/corrientesdetarde.com\/index.php\/wp-json\/wp\/v2\/media?parent=180990"}],"wp:term":[{"taxonomy":"category","embeddable":true,"href":"https:\/\/corrientesdetarde.com\/index.php\/wp-json\/wp\/v2\/categories?post=180990"},{"taxonomy":"post_tag","embeddable":true,"href":"https:\/\/corrientesdetarde.com\/index.php\/wp-json\/wp\/v2\/tags?post=180990"}],"curies":[{"name":"wp","href":"https:\/\/api.w.org\/{rel}","templated":true}]}}