{"id":181010,"date":"2024-12-23T20:27:17","date_gmt":"2024-12-23T23:27:17","guid":{"rendered":"https:\/\/corrientesdetarde.com\/?p=181010"},"modified":"2024-12-23T20:28:39","modified_gmt":"2024-12-23T23:28:39","slug":"tragedia-en-corrientes-tres-personas-murieron-tras-el-choque-entre-dos-autos","status":"publish","type":"post","link":"https:\/\/corrientesdetarde.com\/index.php\/policiales\/tragedia-en-corrientes-tres-personas-murieron-tras-el-choque-entre-dos-autos\/","title":{"rendered":"Tragedia en Corrientes: tres personas murieron tras el choque entre dos autos"},"content":{"rendered":"\n<p>Todas las muertes se produjeron en el lugar del hecho. Uno de los autos se predi\u00f3 fuego tras el impacto.&nbsp;<\/p>\n\n\n\n<p>Un tr\u00e1gico hecho se registr\u00f3 en la localidad correntina de Virasoro, en donde tres personas murieron como consecuencia de un siniestro vial<\/p>\n\n\n\n<p>Seg\u00fan informaron desde la Polic\u00eda, un autom\u00f3vil Chevrolet Corsa y un Nissan terminaron chocando de manera frontal y uno de ellos se termin\u00f3 incendiando.<\/p>\n\n\n\n<p>Una de las v\u00edctimas muri\u00f3 calcinada y se trasladaba en el Chevrolet Corsa. Se trata de un hombvre de 31 a\u00f1os. En tanto, el resto de los fallecidosc-un hombre y una mujer- se movilizaban el otro veh\u00edculo y ambos murieron en el instante.<\/p>\n\n\n\n<p> El fatal choque ocurri\u00f3 sobre la ruta nacional 14 a la altura del kil\u00f3metro 736, en cercan\u00eda del establecimiento Las Mar\u00edas.<\/p>\n\n\n\n<p>Por el momento se desconoce la identidad de las v\u00edctimas.&nbsp;<\/p>\n","protected":false},"excerpt":{"rendered":"<p>Todas las muertes se produjeron en el lugar del hecho. Uno de los autos se predi\u00f3 fuego tras el impacto.&nbsp; Un tr\u00e1gico hecho se registr\u00f3 en la localidad correntina de&hellip; <\/p>\n","protected":false},"author":4,"featured_media":181011,"comment_status":"closed","ping_status":"open","sticky":false,"template":"","format":"standard","meta":{"footnotes":""},"categories":[33],"tags":[],"class_list":["post-181010","post","type-post","status-publish","format-standard","has-post-thumbnail","hentry","category-policiales"],"_links":{"self":[{"href":"https:\/\/corrientesdetarde.com\/index.php\/wp-json\/wp\/v2\/posts\/181010","targetHints":{"allow":["GET"]}}],"collection":[{"href":"https:\/\/corrientesdetarde.com\/index.php\/wp-json\/wp\/v2\/posts"}],"about":[{"href":"https:\/\/corrientesdetarde.com\/index.php\/wp-json\/wp\/v2\/types\/post"}],"author":[{"embeddable":true,"href":"https:\/\/corrientesdetarde.com\/index.php\/wp-json\/wp\/v2\/users\/4"}],"replies":[{"embeddable":true,"href":"https:\/\/corrientesdetarde.com\/index.php\/wp-json\/wp\/v2\/comments?post=181010"}],"version-history":[{"count":1,"href":"https:\/\/corrientesdetarde.com\/index.php\/wp-json\/wp\/v2\/posts\/181010\/revisions"}],"predecessor-version":[{"id":181012,"href":"https:\/\/corrientesdetarde.com\/index.php\/wp-json\/wp\/v2\/posts\/181010\/revisions\/181012"}],"wp:featuredmedia":[{"embeddable":true,"href":"https:\/\/corrientesdetarde.com\/index.php\/wp-json\/wp\/v2\/media\/181011"}],"wp:attachment":[{"href":"https:\/\/corrientesdetarde.com\/index.php\/wp-json\/wp\/v2\/media?parent=181010"}],"wp:term":[{"taxonomy":"category","embeddable":true,"href":"https:\/\/corrientesdetarde.com\/index.php\/wp-json\/wp\/v2\/categories?post=181010"},{"taxonomy":"post_tag","embeddable":true,"href":"https:\/\/corrientesdetarde.com\/index.php\/wp-json\/wp\/v2\/tags?post=181010"}],"curies":[{"name":"wp","href":"https:\/\/api.w.org\/{rel}","templated":true}]}}